{"id":3144,"date":"2018-03-28T10:55:15","date_gmt":"2018-03-28T07:55:15","guid":{"rendered":"http:\/\/www.vizyon2023.com.tr\/index.php\/2018\/03\/28\/basbakan-yildirim-turkiye-abye-olan-yukumluluklerini-yerine-getirdi\/"},"modified":"2018-03-28T10:55:15","modified_gmt":"2018-03-28T07:55:15","slug":"basbakan-yildirim-turkiye-abye-olan-yukumluluklerini-yerine-getirdi","status":"publish","type":"post","link":"https:\/\/www.vizyon2023.com.tr\/index.php\/2018\/03\/28\/basbakan-yildirim-turkiye-abye-olan-yukumluluklerini-yerine-getirdi\/","title":{"rendered":"Ba\u015fbakan Y\u0131ld\u0131r\u0131m: T\u00fcrkiye, AB&#8217;ye olan y\u00fck\u00fcml\u00fcl\u00fcklerini yerine getirdi"},"content":{"rendered":"<p>Ba\u015fbakan ve AK Parti Genel Ba\u015fkan Vekili Binali Y\u0131ld\u0131r\u0131m, AK Parti Grup Toplant\u0131s\u0131&#8217;nda konu\u015ftu. Cumhurba\u015fkan\u0131 Recep Tayyip Erdo\u011fan&#8217;\u0131n kat\u0131ld\u0131\u011f\u0131 Varna Zirvesi&#8217;ni de\u011ferlendiren Y\u0131ld\u0131r\u0131m, Avrupa Birli\u011fi&#8217;nin T\u00fcrkiye&#8217;ye kar\u015f\u0131 tutumunu ele\u015ftirdi.<\/p>\n<p>Ba\u015fbakan Binali Y\u0131ld\u0131r\u0131m&#8217;\u0131n a\u00e7\u0131klamalar\u0131ndan \u00f6ne \u00e7\u0131kan ba\u015fl\u0131klar:<\/p>\n<p><strong>&#8220;AB&#8217;nin karnesi k\u0131r\u0131klarla doludur&#8221;<\/strong><\/p>\n<p>T\u00fcrkiye\u2019nin AB karnesi t\u00fcm taahh\u00fctlerin yerine getirildi\u011fi, sadece AB taraf\u0131ndan kaynaklanan s\u0131k\u0131nt\u0131lar ve siyasi engellemeler sebebiyle beklemeye al\u0131nan hususlardan olu\u015fuyor. Buna kar\u015f\u0131l\u0131k AB\u2019nin karnesi en ba\u015f\u0131ndan beri ciddi k\u0131r\u0131klarla, tutars\u0131zl\u0131klarla ve yalpalamalarla doludur.<\/p>\n<p><strong>&#8220;G\u00fcmr\u00fck Birli\u011fi&#8217;nden Avrupa \u00fclkeleri bizden daha az fayda g\u00f6rmemi\u015ftir&#8221;<\/strong><\/p>\n<p>Yunanistan\u2019la e\u015f zamanl\u0131 olarak ba\u015flayan tam \u00fcyelik ser\u00fcvenimiz, bir s\u00fcre sonra bilin\u00e7li olarak ayr\u0131\u015ft\u0131r\u0131lm\u0131\u015f, burada ilk g\u00fcven kayb\u0131 ya\u015fanm\u0131\u015ft\u0131r. Ard\u0131ndan \u00fclkemizin tutarl\u0131 hi\u00e7bir sebep olmadan \u00e7ok uzun s\u00fcreli beklemeye al\u0131nd\u0131\u011f\u0131 d\u00f6nemi g\u00f6rd\u00fck. Daha sonra 1996\u2019da g\u00fcmr\u00fck Birli\u011fi s\u00fcreci ba\u015flad\u0131. T\u00fcrkiye ekonomisinin k\u00fcresel rekabet g\u00fcc\u00fcn\u00fcn geli\u015fmesine \u00f6nemli say\u0131labilecek katk\u0131 sa\u011flayan G\u00fcmr\u00fck Birli\u011fi\u2019nden esasen Avrupa \u00fclkeleri bizden daha az bir fayda g\u00f6rmemi\u015ftir. AK Parti olarak h\u00fck\u00fcmete geldi\u011fimiz d\u00f6nemde AB meselesine \u00e7ok \u00f6nem verdik ve tam \u00fcyelik m\u00fczakerelerinin bir an \u00f6nce ba\u015flamas\u0131 i\u00e7in ad\u0131mlar\u0131 s\u00fcratle ve kararl\u0131l\u0131kla att\u0131k.<\/p>\n<p><strong>&#8220;17 Aral\u0131k 2004 AB ili\u015fkileri bak\u0131m\u0131ndan \u00f6nemlidir&#8221;<\/strong><\/p>\n<p>AK Parti\u2019nin iktidara geldi\u011fi ilk g\u00fcnlerini, say\u0131n Cumhurba\u015fkan\u0131m\u0131z daha Ba\u015fbakan de\u011filken b\u00fct\u00fcn Avrupa ba\u015fkentlerini dola\u015farak bu konudaki samimi d\u00fc\u015f\u00fcncelerimizi onlarla payla\u015ft\u0131k. Br\u00fcksel\u2019de 17 Aral\u0131k 2004\u2019te yap\u0131lan AB zirvesi ili\u015fkilerimiz bak\u0131m\u0131ndan \u00f6nemli bir tarihtir.<\/p>\n<p><strong>&#8220;AB \u00f6rne\u011fi g\u00f6r\u00fclmeyen bir belirsizlik s\u00fcrecine soktu&#8221;<\/strong><\/p>\n<p>AB\u2019nin ikircikli tavr\u0131na tepki olarak ortaya koydu\u011fumuz kararl\u0131l\u0131k kar\u015f\u0131s\u0131nda 3 Ekim 2005 tarihini tam \u00fcyelik m\u00fczakere takvimi olarak belirlediler. Ancak bu tarihten sonra Avrupa Birli\u011fi ge\u00e7mi\u015fte ve daha sonra da \u00f6rne\u011fi g\u00f6r\u00fclmeyen bir tak\u0131m uygulamalarla \u00fclkemizin tam \u00fcyeli\u011fini tabiri caizse tekrar bir belirsizlik s\u00fcrecine sokmu\u015flard\u0131r. K\u0131br\u0131s Rum Kesimi\u2019nin birli\u011fe tek tarafl\u0131 kabul\u00fc ile ba\u015flayan, \u00f6n\u00fcm\u00fcze o kadar \u00e7ok engeller \u00e7\u0131km\u0131\u015ft\u0131r ki, konu art\u0131k \u00fcz\u00fcm yemek de\u011fil ba\u011fc\u0131y\u0131 d\u00f6vme noktas\u0131na kadar gelmi\u015ftir.<\/p>\n<p><strong>&#8220;14 fas\u0131l bloke haldedir&#8221;<\/strong><\/p>\n<p>Nitekim 2006 y\u0131l\u0131 aral\u0131k ay\u0131ndaki zirvede a\u00e7\u0131lm\u0131\u015f olan fas\u0131llarla ilgili m\u00fczakerelerin ask\u0131ya al\u0131nmas\u0131na, yeni fas\u0131llar\u0131n a\u00e7\u0131lmamas\u0131na karar verilmi\u015f ve g\u00f6r\u00fc\u015fmeler \u00e7\u0131kmaza girmi\u015ftir. Daha sonraki y\u0131llarda m\u00fczakereye a\u00e7\u0131lan fas\u0131llar a\u00e7\u0131lm\u0131\u015f olsa da m\u00fczakeresi s\u00fcren kritik fas\u0131llar bloke edildi\u011fi i\u00e7in bu g\u00f6r\u00fc\u015fmelerinde fazla bir anlam\u0131 olmam\u0131\u015ft\u0131r. Halihaz\u0131rda tam \u00fcyelik i\u00e7in 35 fas\u0131ldan 16\u2019s\u0131 a\u00e7\u0131labilmi\u015f, bunlardan bir tanesi kapan\u0131rken di\u011ferleri beklemeye al\u0131nm\u0131\u015f ve 14 fas\u0131l da bloke haldedir.<\/p>\n<p><strong>&#8220;AB, \u00fczerine d\u00fc\u015fen vecibeyi yerine getirmedi&#8221;<\/strong><\/p>\n<p>Bu arada Suriye ve Irak\u2019ta kar\u0131\u015f\u0131kl\u0131klar var. Y\u00f6netim bo\u015flu\u011fu, i\u00e7 sava\u015f nedeniyle Avrupa\u2019ya y\u00f6nelik bir m\u00fclteci ak\u0131n\u0131 ortaya \u00e7\u0131km\u0131\u015ft\u0131r. Bunun \u00fczerine AB ile T\u00fcrkiye aras\u0131nda 2016 18 Mart\u2019\u0131nda bir anla\u015fma imzalanm\u0131\u015ft\u0131r. Bu anla\u015fma, vize serbestisini, geri kabul anla\u015fmas\u0131n\u0131 i\u00e7eren bir s\u00fcrecin ba\u015flang\u0131c\u0131d\u0131r. Haziran ay\u0131 sonunda o anla\u015fmaya g\u00f6re vize serbestisi sa\u011flanacak ve bu konuda da T\u00fcrkiye\u2019nin yapmas\u0131 gereken bir tak\u0131m yasal d\u00fczenlemeler vard\u0131.<\/p>\n<p>Bizim bak\u0131m\u0131m\u0131zdan taahh\u00fctlerimizi yerine getirmemize ra\u011fmen. Avrupa\u2019ya bir g\u00fcnde 7 bine kadar m\u00fclteci ge\u00e7i\u015fini 50\u2019nin alt\u0131na d\u00fc\u015f\u00fcrmemize ra\u011fmen bu anla\u015fmada yine muhatab\u0131m\u0131z AB \u00fczerine d\u00fc\u015fen vecibeyi yerine getirmemi\u015f, s\u00f6z\u00fcn\u00fc tutmam\u0131\u015ft\u0131r. Ayn\u0131 \u015fekilde m\u00fclteci ak\u0131n\u0131n\u0131n \u00f6n\u00fcne ge\u00e7mesi kar\u015f\u0131l\u0131\u011f\u0131nda \u00fclkemizdeki Suriyeliler i\u00e7in taahh\u00fct edilen 3,3 milyar euroluk maddi deste\u011fin kullan\u0131lmas\u0131nda da bir\u00e7ok b\u00fcrokratik zorluklar ve engellemeler nedeniyle ilerleme sa\u011flanamam\u0131\u015ft\u0131r.<\/p>\n<p><strong>&#8220;15 Temmuz&#8217;da T\u00fcrkiye&#8217;ye ciddi bir destek vermediler&#8221;<\/strong><\/p>\n<p>Bu arada bildi\u011finiz gibi hain 15 Temmuz darbe giri\u015fimiyle \u00fclkemiz y\u00fcz y\u00fcze gelmi\u015ftir. Demokrasinin, \u00f6zg\u00fcrl\u00fcklerin, insan haklar\u0131n\u0131n s\u00fcrekli m\u00fcdafisi oldu\u011funu iddia eden AB, darbe giri\u015fimi ile birlikte, c\u0131l\u0131z a\u00e7\u0131klamalar d\u0131\u015f\u0131nda T\u00fcrkiye\u2019ye ciddi bir destek vermemi\u015ftir. Tam tersi darbe giri\u015fimine kar\u015f\u0131 ald\u0131\u011f\u0131m\u0131z tedbirleri f\u0131rsat bilerek i\u015fi yoku\u015fa sarmaya ba\u015flam\u0131\u015flard\u0131r. Hatta Avrupa Konseyi, Avrupa Konseyi Parlamenterler Meclisi taraf\u0131ndan denetim s\u00fcrecine sokularak 2014 \u00f6ncesi duruma getirilmi\u015ftir.<\/p>\n<p><strong>&#8220;G\u00fcmr\u00fck Birli\u011fi&#8217;nin g\u00fcncellenmesi beklemeye al\u0131nd\u0131&#8221;<\/strong><\/p>\n<p>Di\u011fer taraftan her iki taraf\u0131nda menfaatine olan G\u00fcmr\u00fck Birli\u011fi\u2019nin g\u00fcncellenmesi \u00e7al\u0131\u015fmas\u0131 da anlams\u0131z bir \u015fekilde beklemeye al\u0131nm\u0131\u015ft\u0131r. \u00dclkemizin s\u0131n\u0131rlar\u0131n\u0131n g\u00fcvenli\u011fini sa\u011flamak, topraklar\u0131m\u0131z \u00fczerinde ya\u015fayan s\u0131\u011f\u0131nmac\u0131lar\u0131n huzur i\u00e7erisinde evlerine, yurtlar\u0131na d\u00f6n\u00fc\u015f\u00fc i\u00e7in y\u00fcr\u00fctt\u00fc\u011f\u00fcm\u00fcz operasyonlar da AB taraf\u0131ndan s\u00fcrekli ele\u015ftiriye tabi tutulmu\u015ftur.<\/p>\n<p><strong>&#8220;Bir i\u015faret g\u00f6remedik&#8221;<\/strong><\/p>\n<p>\u0130\u015fte \u00f6yle bir iklimde Varna\u2019da bir toplant\u0131 ger\u00e7ekle\u015ftirildi. Biz herkese oldu\u011fu gibi AB\u2019ye kar\u015f\u0131 da hep a\u00e7\u0131k ve d\u00fcr\u00fcst davrand\u0131k. Varna\u2019da da ayn\u0131s\u0131n\u0131 yapt\u0131k. T\u00fcm ger\u00e7ekleri Cumhurba\u015fkan\u0131m\u0131z muhataplar\u0131m\u0131z\u0131n y\u00fcz\u00fcne bir kez daha s\u00f6yledi, belgeleri, bilgileri kendilerine takdim etti. B\u00fct\u00fcn bunlara ra\u011fmen zirvede AB\u2019nin \u00fclkemize y\u00f6nelik yakla\u015f\u0131m\u0131n\u0131n hakkaniyetli bir zemine oturaca\u011f\u0131na dair bir i\u015faret g\u00f6remedik.<\/p>\n<p>Avrupa Komisyonu 17 Nisan\u2019da T\u00fcrkiye ilerleme raporunu yay\u0131mlayacak. Bu raporda herhalde T\u00fcrkiye\u2019nin hayr\u0131na fazla bir \u015fey olmayaca\u011f\u0131n\u0131 tahmin etmek bir s\u0131r de\u011fil. \u00d6zellikle OHAL\u2019den tutun, Afrin operasyonuna kadar b\u00fct\u00fcn ter\u00f6r \u00f6rg\u00fctlerinde m\u00fccadelede kulland\u0131\u011f\u0131m\u0131z y\u00f6ntemleri ele\u015ftireceklerinden teredd\u00fcd\u00fcm yok.<\/p>\n<p><strong>&#8220;T\u00fcrkiye sorumluluklar\u0131n\u0131 yerine getirmi\u015ftir ve arkas\u0131ndad\u0131r&#8221;<\/strong><\/p>\n<p>Buradan bir kez daha Avrupal\u0131 dostlar\u0131m\u0131za sesleniyorum: T\u00fcrkiye AB\u2019ye olan b\u00fct\u00fcn y\u00fck\u00fcml\u00fcl\u00fcklerini yerine getirmi\u015ftir ve arkas\u0131ndad\u0131r. Tam \u00fcyelik perspektifimizi muhafaza ediyoruz. Burada sorulmas\u0131 gereken soru, AB\u2019nin T\u00fcrkiye konusundaki karar\u0131 nedir? Avrupa yeni bir vizyonla, geni\u015fleme vizyonuyla, kucaklama vizyonuyla yoluna devam m\u0131 edecek? Yoksa kendi i\u00e7ine kapanarak bir yol mu y\u00fcr\u00fcyecek?<\/p>\n<p>Neredeyse her konuda \u00fclkemizin kar\u015f\u0131s\u0131nda yer alan, m\u00fcttefik ortakl\u0131k hukukuyla ba\u011fda\u015fmayacak a\u00e7\u0131klamalar yapan baz\u0131 Avrupa \u00fclkelerinden istedi\u011fimiz \u015fey, samimiyet. Ba\u015flar\u0131 s\u0131k\u0131\u015ft\u0131\u011f\u0131nda \u00fclkemize ko\u015fan, tekerleri d\u00fcze \u00e7\u0131k\u0131nca yan \u00e7izen bir \u00fclkeler toplulu\u011fu sadece bize de\u011fil, hi\u00e7 kimseye g\u00fcven vermez.<\/p>\n<p><strong>&#8220;Kendi ge\u00e7mi\u015flerini unutmu\u015f g\u00f6z\u00fck\u00fcyorlar&#8221;<\/strong><\/p>\n<p>Baz\u0131 Avrupa \u00fclkeleri liderleriyle yapt\u0131\u011f\u0131m\u0131z temaslarda, T\u00fcrkiye\u2019nin \u00e7ok hayati sorunlar\u0131na olna yakla\u015f\u0131mlar\u0131n\u0131 g\u00f6rd\u00fck\u00e7e nas\u0131l bu derece konulara ilgisiz, konulara uzak d\u00fc\u015febildiklerini anlamakta zorlan\u0131yoruz. Suriye\u2019de insani hassasiyetle operasyon y\u00fcr\u00fcten \u00fclke konumundaki T\u00fcrkiye\u2019yi, bazen insan haklar\u0131n\u0131 ihlal etmekle, hatta daha da ileri gidip i\u015fgal gibi s\u00f6ylemlerle su\u00e7layan \u00fclkeler maalesef kendi tarihlerini, kendi ge\u00e7mi\u015flerini unutmu\u015f g\u00f6z\u00fck\u00fcyorlar.<\/p>\n<p>Biz, tek bir masumun burnu kanamas\u0131n diye k\u0131l\u0131 k\u0131rk yararak ilerlerken ter\u00f6r \u00f6rg\u00fct\u00fcn\u00fcn evlerden hastanelere, oyuncaklardan kutsal kitaplara kadar her \u015feyi bombalarla tuzaklad\u0131klar\u0131n\u0131 g\u00f6rmeyenlere s\u00f6yleyecek s\u00f6z bulam\u0131yoruz.<\/p>\n<p><strong>&#8220;Operasyonlar\u0131 ele\u015ftirmek iyi niyetle ba\u011fda\u015fm\u0131yor&#8221;<\/strong><\/p>\n<p>Ter\u00f6r \u00f6rg\u00fctlerinin yerlerinden etti. Milyonlarca insana y\u0131llar boyu ev sahipli\u011fi yapan, onlar\u0131n gelece\u011fe, hayata tutunmalar\u0131n\u0131 sa\u011flayan T\u00fcrkiye\u2019yi takdir etmek yerine, bu insanlara g\u00fcvenli gelecek sa\u011flamak i\u00e7in T\u00fcrkiye\u2019nin yapt\u0131\u011f\u0131 operasyonlar\u0131 ele\u015ftirmek asla iyi niyetle ba\u011fda\u015fm\u0131yor. F\u0131rat Kalkan\u0131 b\u00f6lgesine d\u00f6nen m\u00fclteci say\u0131s\u0131 160 bini buldu. Zeytin Dal\u0131 Harekat\u0131 b\u00f6lgesindenter\u00f6ristlerden ve patlay\u0131c\u0131lardan ar\u0131nd\u0131rd\u0131\u011f\u0131m\u0131z yerlerde y\u00fczbinlerce karde\u015fimizin d\u00f6nece\u011fini biliyoruz.<\/p>\n<p>Avrupa\u2019n\u0131n g\u00fcvenli\u011finin, T\u00fcrkiye\u2019nin g\u00fcvenli\u011finden, T\u00fcrkiye\u2019nin g\u00fcvenli\u011finin de Suriye ve Irak\u2019tan ge\u00e7ti\u011fini de biz bu Avrupal\u0131 dostlar\u0131m\u0131za da nedense anlatamad\u0131k. Onlar anlasa da anlamasa da bizim \u00f6nceli\u011fimiz, \u00fclkemizin, milletimizin g\u00fcvenli\u011fi, bekas\u0131 olmaya devam edecek. Di\u011fer her \u015fey bunun arkas\u0131ndan gelir.<\/p>\n<p><strong>&#8220;Yat\u0131r\u0131mlar\u0131n\u0131 13 milyar dolara \u00e7\u0131karm\u0131\u015f bir T\u00fcrkiye var&#8221;<\/strong><\/p>\n<p>Y\u0131ld\u0131r\u0131m, bir zamanlar birka\u00e7 milyar dolarl\u0131k borsa sat\u0131\u015f\u0131 veya d\u00f6viz talebi s\u00f6ylentileriyle bile yerle bir edilebilen T\u00fcrkiye ekonomisinin, hala b\u00f6yle zay\u0131f oldu\u011funun zannedildi\u011fini ifade etti.<\/p>\n<p>Binali Y\u0131ld\u0131r\u0131m, &#8220;Halbuki milli gelirini 236 milyar dolardan 863 milyar dolara, ihracat\u0131n\u0131 36 milyar dolardan 160 milyar dolara, istihdam\u0131n\u0131 21 milyondan 28,4 milyon ki\u015fiye, d\u00f6viz rezervini 28 milyardan 120 milyar dolara, uluslararas\u0131 uzun d\u00f6nemli do\u011frudan yat\u0131r\u0131mlar\u0131n\u0131 1 milyardan y\u0131ll\u0131k 13 milyar dolara \u00e7\u0131karm\u0131\u015f bir T\u00fcrkiye var.&#8221; diye konu\u015ftu.<\/p>\n<p>Ba\u015fbakan Y\u0131ld\u0131r\u0131m, s\u00f6zlerine \u015f\u00f6yle devam etti:<\/p>\n<p>&#8220;\u00dclkemizin ve milletimizin ekonomisinin \u00f6l\u00e7e\u011fi \u00e7ok b\u00fcy\u00fcm\u00fc\u015ft\u00fc. Ama bize tuzak kuranlar\u0131n kafalar\u0131 da y\u00fcrekleri de ayn\u0131 derecede \u00e7ok k\u00fc\u00e7\u00fck kald\u0131. Bunun i\u00e7in milletimizle el ele vererek, di\u011fer hususlarla birlikte ekonomideki t\u00fcm sald\u0131r\u0131lar\u0131n da bug\u00fcne kadar \u00fcstesinden geldik, tuzaklar\u0131 bozduk, bundan sonra da bozmaya evvelallah muktediriz.<\/p>\n<p>Tabii hainlikte, sinsilikte s\u0131n\u0131r tan\u0131mayanlar\u0131n oyunlar\u0131 dur durak bilmiyor. S\u00fcrekli kriz havas\u0131 estirmekten, s\u00fcrekli dedikodu \u00e7\u0131karmaktan, moral bozmaktan, yat\u0131r\u0131mc\u0131lar\u0131n kafas\u0131n\u0131 kar\u0131\u015ft\u0131rmaktan geri durmuyorlar. Bizim bunlara cevab\u0131m\u0131z nedir? Ekonomimizi daha da g\u00fc\u00e7lendirece\u011fiz, yeni tedbirlerle sanayicilerimizi, esnaflar\u0131m\u0131z\u0131, ticaret erbab\u0131n\u0131 desteklemeye devam edece\u011fiz. Her ne kadar faizler ve kredi uygulamalar\u0131 ba\u015fta olmak \u00fczere bankac\u0131l\u0131k sekt\u00f6r\u00fcyle ilgili baz\u0131 sorunlar\u0131m\u0131z olsa da yine de i\u015f birli\u011fi i\u00e7erisinde \u00fclkemizin yarar\u0131na olan tedbirleri al\u0131yoruz, almaya devam edece\u011fiz. Esnaf\u0131m\u0131zdan in\u015faat sekt\u00f6r\u00fcne kadar geni\u015f bir alanda ekonominin canlanmas\u0131na katk\u0131 sa\u011flayacak bir \u00e7al\u0131\u015fman\u0131n sonuna gelmi\u015f durumday\u0131z. \u0130n\u015fallah bu m\u00fcjdeleri milletimizle payla\u015faca\u011f\u0131z. T\u0131pk\u0131 2017&#8217;de yapt\u0131\u011f\u0131m\u0131z gibi b\u00fcy\u00fcmeyi s\u00fcrd\u00fcrecek, piyasay\u0131 canland\u0131racak, uzun d\u00f6nemli yat\u0131r\u0131m\u0131 te\u015fvik edecek bu \u00e7al\u0131\u015fma ile ekonomimizdeki her t\u00fcrl\u00fc teredd\u00fcd\u00fc tamamen ortadan kald\u0131rm\u0131\u015f olaca\u011f\u0131z.&#8221;<\/p>\n<p><strong>&#8220;e-Devlet kap\u0131s\u0131ndan vatanda\u015f\u0131n yapt\u0131\u011f\u0131 i\u015flerin oran\u0131 y\u00fczde 60&#8221;<\/strong><\/p>\n<p>Ge\u00e7ti\u011fimiz hafta Mecliste kabul edilen Yat\u0131r\u0131m Ortam\u0131n\u0131n \u0130yile\u015ftirilmesine Y\u00f6nelik Kanun&#8217;un Cumhurba\u015fkan\u0131 Recep Tayyip Erdo\u011fan taraf\u0131ndan onayland\u0131\u011f\u0131n\u0131 an\u0131msatan Y\u0131ld\u0131r\u0131m, kanunda kredi ve bor\u00e7 s\u00f6zle\u015fmesi, tapu i\u015flemleri, teminat, \u015firket kurulu\u015flar\u0131, hisse devirleri, yap\u0131 kullan\u0131m izinleri, altyap\u0131 kaz\u0131lar\u0131, elektronik haberle\u015fme altyap\u0131s\u0131 ve depolama hizmetleri gibi alanlarda vatanda\u015flar\u0131n devletle olan i\u015flerini kolayla\u015ft\u0131racak bir \u00e7ok h\u00fckm\u00fcn bulundu\u011funu aktard\u0131.<\/p>\n<p>B\u00f6ylece vatanda\u015f\u0131n, devletin kap\u0131s\u0131nda zaman kaybetmeyece\u011fini belirten Y\u0131ld\u0131r\u0131m, di\u011fer taraftan da devletin vatanda\u015fa verdi\u011fi hizmetlerin elektronik ortama aktar\u0131ld\u0131\u011f\u0131n\u0131 dile getirdi.<\/p>\n<p>Y\u0131ld\u0131r\u0131m, &#8220;Devlet kurumlar\u0131n\u0131n kendi aras\u0131nda yapt\u0131\u011f\u0131 i\u015fleri yine internet \u00fczerinden, e-Devlet kap\u0131s\u0131ndan yapma y\u00f6n\u00fcndeki \u00e7al\u0131\u015fmalar\u0131m\u0131z da t\u00fcm h\u0131z\u0131yla devam ediyor. \u015eu anda e-Devlet kap\u0131s\u0131ndan vatanda\u015f\u0131n yapt\u0131\u011f\u0131 i\u015flerin oran\u0131 y\u00fczde 60 seviyesine gelmi\u015ftir. Bu senenin sonuna geldi\u011fimizde art\u0131k vatanda\u015f devletle olan b\u00fct\u00fcn i\u015flerini, devletin kap\u0131s\u0131na gitmeden, memurla kar\u015f\u0131la\u015fmadan yapabilir hale gelecektir.&#8221; dedi.<\/p>\n<p><strong>Bu y\u0131l 38 milyon turist bekleniyor<\/strong><\/p>\n<p>Ba\u015fbakan Binali Y\u0131ld\u0131r\u0131m, yat\u0131r\u0131m ortam\u0131n\u0131n iyile\u015ftirilmesiyle ilgili b\u00fct\u00fcn detaylar\u0131n yar\u0131n K\u00fclliye&#8217;de Kongre ve K\u00fclt\u00fcr Merkezi&#8217;nde yap\u0131lacak toplant\u0131 ile a\u00e7\u0131klanaca\u011f\u0131n\u0131 s\u00f6yledi.<\/p>\n<p>Per\u015fembe g\u00fcn\u00fc de \u00f6zel sekt\u00f6r yat\u0131r\u0131m te\u015fvik \u00f6d\u00fcllerini vereceklerini ve b\u00fcy\u00fcme oran\u0131n\u0131n a\u00e7\u0131klanaca\u011f\u0131n\u0131 anlatan Y\u0131ld\u0131r\u0131m, &#8220;2017 y\u0131l\u0131 T\u00fcrkiye&#8217;nin b\u00fcy\u00fcme h\u0131z\u0131 y\u00fczde 7 ila 7,5 seviyesinde bir oranla ger\u00e7ekle\u015fecek, bu bir rekordur.&#8221; diye konu\u015ftu.<\/p>\n<p>Gelecek hafta Cumhurba\u015fkan\u0131 Recep Tayyip Erdo\u011fan ve Rusya Devlet Ba\u015fkan\u0131 Vladimir Putin&#8217;in kat\u0131l\u0131m\u0131yla Akkuyu N\u00fckleer Santrali&#8217;nin temelinin at\u0131laca\u011f\u0131n\u0131 bildiren Y\u0131ld\u0131r\u0131m, projenin hay\u0131rl\u0131 u\u011furlu olmas\u0131 temennisinde bulundu.<\/p>\n<p>Kendisinin de yar\u0131n Bosna Hersek&#8217;e gidece\u011fini aktaran Y\u0131ld\u0131r\u0131m, &#8220;Bosna Hersek, 90&#8217;l\u0131 y\u0131llar\u0131n ba\u015f\u0131nda \u00e7ok b\u00fcy\u00fck bedel \u00f6dedi ve o g\u00fcnden bug\u00fcne \u00fclkemiz Balkanlar\u0131n istikrar\u0131, huzuru i\u00e7in b\u00f6lgeye gereken deste\u011fi vermekte asla geri kalmad\u0131. Onun i\u00e7in Bosna Hersek, S\u0131rbistan, Arnavutluk, Kosova, Makedonya, Bulgaristan ve hatta Yunanistan ile Balkanlar\u0131n istikrar\u0131 ve huzuru i\u00e7in \u00e7al\u0131\u015fmalar\u0131m\u0131z bundan b\u00f6yle de devam edecek. &#8221; de\u011ferlendirmesinde bulundu.<\/p>\n<p>Ba\u015fbakan Y\u0131ld\u0131r\u0131m, Katar&#8217;da savunma sanayisine ili\u015fkin fuara kat\u0131lan firmalar\u0131n milyonlarca dolarl\u0131k s\u00f6zle\u015fmeler imzalayarak, savunma sanayisinde d\u00fcnya \u00e7ap\u0131nda s\u00f6z sahibi olduklar\u0131n\u0131 bir kez daha g\u00f6sterdi\u011finin alt\u0131n\u0131 \u00e7izdi.<\/p>\n<p>Turizmde de herkesin umutla bekledi\u011fi bir sezona yakla\u015f\u0131ld\u0131\u011f\u0131na i\u015faret eden Binali Y\u0131ld\u0131r\u0131m, &#8220;\u00dclkemiz aleyhinde yap\u0131lan olumsuz kampanyalara, estirilen olumsuz havaya ra\u011fmen bu sene rezervasyonlar bir \u00f6nceki seneye g\u00f6re olduk\u00e7a y\u00fcksek seyrediyor. Tahminlere g\u00f6re, e\u011fer fevkalade bir durum olmazsa bu y\u0131l 38 milyon misafiri T\u00fcrkiye&#8217;de a\u011f\u0131rlam\u0131\u015f olaca\u011f\u0131z. Bu da 2015 \u00f6ncesi noktaya geldi\u011fimizi g\u00f6steriyor. T\u00fcrkiye&#8217;yi b\u00fcy\u00fctmek, ekonomiyi g\u00fc\u00e7lendirmek, yat\u0131r\u0131mlar\u0131m\u0131z\u0131 s\u00fcrd\u00fcrmek i\u00e7in h\u00fck\u00fcmet olarak gece g\u00fcnd\u00fcz \u00e7al\u0131\u015fmaya devam ediyoruz.&#8221; ifadesini kulland\u0131.<\/p>\n<p>Kaynak: TRT Haber<\/p>\n","protected":false},"excerpt":{"rendered":"<p>Ba\u015fbakan Y\u0131ld\u0131r\u0131m,  Varna zirvesini de\u011ferlendirerek, &#8220;Zirvede AB\u2019nin \u00fclkemize y\u00f6nelik yakla\u015f\u0131m\u0131n\u0131n hakkaniyetli bir zemine oturaca\u011f\u0131na dair bir i\u015faret g\u00f6remedik&#8221; dedi.<\/p>\n","protected":false},"author":1000097,"featured_media":3145,"comment_status":"open","ping_status":"closed","sticky":false,"template":"","format":"standard","meta":[],"categories":[85],"tags":[],"_links":{"self":[{"href":"https:\/\/www.vizyon2023.com.tr\/index.php\/wp-json\/wp\/v2\/posts\/3144"}],"collection":[{"href":"https:\/\/www.vizyon2023.com.tr\/index.php\/wp-json\/wp\/v2\/posts"}],"about":[{"href":"https:\/\/www.vizyon2023.com.tr\/index.php\/wp-json\/wp\/v2\/types\/post"}],"author":[{"embeddable":true,"href":"https:\/\/www.vizyon2023.com.tr\/index.php\/wp-json\/wp\/v2\/users\/1000097"}],"replies":[{"embeddable":true,"href":"https:\/\/www.vizyon2023.com.tr\/index.php\/wp-json\/wp\/v2\/comments?post=3144"}],"version-history":[{"count":0,"href":"https:\/\/www.vizyon2023.com.tr\/index.php\/wp-json\/wp\/v2\/posts\/3144\/revisions"}],"wp:featuredmedia":[{"embeddable":true,"href":"https:\/\/www.vizyon2023.com.tr\/index.php\/wp-json\/wp\/v2\/media\/3145"}],"wp:attachment":[{"href":"https:\/\/www.vizyon2023.com.tr\/index.php\/wp-json\/wp\/v2\/media?parent=3144"}],"wp:term":[{"taxonomy":"category","embeddable":true,"href":"https:\/\/www.vizyon2023.com.tr\/index.php\/wp-json\/wp\/v2\/categories?post=3144"},{"taxonomy":"post_tag","embeddable":true,"href":"https:\/\/www.vizyon2023.com.tr\/index.php\/wp-json\/wp\/v2\/tags?post=3144"}],"curies":[{"name":"wp","href":"https:\/\/api.w.org\/{rel}","templated":true}]}}