{"id":3126,"date":"2018-03-28T10:49:27","date_gmt":"2018-03-28T07:49:27","guid":{"rendered":"http:\/\/www.vizyon2023.com.tr\/index.php\/2018\/03\/28\/turkiye-ile-avrupa-birligi-arasinda-anlasilamayan-sorunlar\/"},"modified":"2018-03-28T10:49:27","modified_gmt":"2018-03-28T07:49:27","slug":"turkiye-ile-avrupa-birligi-arasinda-anlasilamayan-sorunlar","status":"publish","type":"post","link":"https:\/\/www.vizyon2023.com.tr\/index.php\/2018\/03\/28\/turkiye-ile-avrupa-birligi-arasinda-anlasilamayan-sorunlar\/","title":{"rendered":"T\u00fcrkiye ile Avrupa Birli\u011fi aras\u0131nda &#8220;anla\u015f\u0131lamayan&#8221; sorunlar"},"content":{"rendered":"<p>T\u00fcrkiye&#8217;nin 1963&#8217;te ba\u015flayan 55 y\u0131ll\u0131k AB&#8217;ye \u00fcyelik s\u00fcrecinde \u00f6n\u00fcne bir\u00e7ok engel \u00e7\u0131kar\u0131ld\u0131. Bunlar\u0131n temelinde di\u011fer aday \u00fclkelere uygulanan s\u00fcre\u00e7 ve tutumun T\u00fcrkiye&#8217;ye g\u00f6sterilmemesi yat\u0131yor.<\/p>\n<p>T\u00fcrkiye&#8217;den sonra m\u00fczakerelere ba\u015flayan \u00fclkeler \u00fcyeli\u011fe al\u0131n\u0131rken, AB&#8217;nin adil davranmad\u0131\u011f\u0131 T\u00fcrkiye hala siyasi engellerle bekletiliyor.<\/p>\n<p><strong>Cumhurba\u015fkan\u0131 Erdo\u011fan: AB ile zorlu bir d\u00f6nemi geride b\u0131rakm\u0131\u015f olmay\u0131 umuyoruz<\/strong><\/p>\n<p><strong>Ba\u015fbakan Y\u0131ld\u0131r\u0131m: T\u00fcrkiye, AB&#8217;ye olan y\u00fck\u00fcml\u00fcl\u00fcklerini yerine getirdi<\/strong><\/p>\n<p><strong>MHP Genel Ba\u015fkan\u0131 Bah\u00e7eli: AB Konseyi&#8217;nin a\u00e7\u0131klamas\u0131 iflah olmaz bir Ha\u00e7l\u0131 kafas\u0131d\u0131r<\/strong><\/p>\n<p>T\u00fcrkiye&#8217;nin \u00fcyeli\u011fine kar\u015f\u0131 \u00e7\u0131kan Avusturya&#8217;n\u0131n 1 Temmuz&#8217;da ba\u015flayacak d\u00f6nem ba\u015fkanl\u0131\u011f\u0131ndan \u00f6nce taraflar, kaydedilen geli\u015fmelere ba\u011fl\u0131 olarak bir kez daha bir araya gelmeyi planl\u0131yor.<\/p>\n<p>\u00d6zellikle son d\u00f6nemde anla\u015fma alt\u0131na al\u0131nan fas\u0131llar\u0131n a\u00e7\u0131lmamas\u0131, AB&#8217;nin vize serbestisi gibi konulardaki taahh\u00fctlerini yerine getirmemesi ve Ege Denizi ile K\u0131br\u0131s&#8217;ta ya\u015fanan geli\u015fmelerde birli\u011fin tek tarafl\u0131 tavr\u0131, ili\u015fkilerdeki sorunlu konular\u0131n ba\u015f\u0131nda geliyor.<\/p>\n<p>Cumhurba\u015fkan Erdo\u011fan: AB&#8217;ye aday \u00fclke olmaktan \u00f6te al\u0131nm\u0131\u015f hen\u00fcz yol yok.https:\/\/t.co\/kRVE7bL5ds pic.twitter.com\/wPE9EtreBB<\/p>\n<p>\u2014 TRT Haber Canl\u0131 (@trthabercanli) 26 Mart 2018<\/p>\n<p>FET\u00d6&#8217;n\u00fcn 15 Temmuz 2016&#8217;daki darbe te\u015febb\u00fcs\u00fcn\u00fcn ard\u0131ndan AB&#8217;nin izledi\u011fi tav\u0131r da ili\u015fkilerin son d\u00f6nemde gerilmesine yol a\u00e7an en \u00f6nemli etkenlerin ba\u015f\u0131nda geliyor. AB kurumlar\u0131n\u0131n T\u00fcrkiye&#8217;yi ele\u015ftiren a\u00e7\u0131klamalar\u0131 ve m\u00fczakerelerin dondurulmas\u0131na y\u00f6nelik kararlar\u0131, ili\u015fkileri b\u00fcy\u00fck sekteye u\u011fratt\u0131.<\/p>\n<p><strong>G\u00f6\u00e7 kriziyle ba\u015flayan &#8220;yeniden canlanma&#8221; d\u00f6nemi<\/strong><\/p>\n<p>\u0130li\u015fkilerde yeniden canlanma d\u00f6nemi, Suriye&#8217;deki i\u00e7 sava\u015f nedeniyle ya\u015fanan g\u00f6\u00e7 krizi vesilesiyle sa\u011fland\u0131. Bu s\u00fcre\u00e7te taraflar aras\u0131nda i\u015f birli\u011fine y\u00f6nelik 3 zirve d\u00fczenlendi.<\/p>\n<p>29 Kas\u0131m 2015&#8217;teki ilk zirvede kabul edilen ortak bildiriyle, \u00fcyelik m\u00fczakerelerinin yeni fas\u0131llar a\u00e7\u0131larak yeniden canland\u0131r\u0131lmas\u0131, ter\u00f6rle m\u00fccadelede i\u015f birli\u011finin g\u00fc\u00e7lendirilmesi, d\u00fczenli zirveler ger\u00e7ekle\u015ftirilmesi, siyasi, ekonomik ve enerji alanlar\u0131nda \u00fcst d\u00fczeyli diyalog mekanizmalar\u0131 yoluyla yak\u0131n i\u015f birli\u011finin s\u00fcrd\u00fcr\u00fclmesi, vize muafiyeti s\u00fcrecinin \u00f6ne \u00e7ekilmesi, T\u00fcrkiye&#8217;deki Suriyeli s\u0131\u011f\u0131nmac\u0131lar i\u00e7in AB taraf\u0131ndan 3 milyar euro tahsis edilmesi ve G\u00fcmr\u00fck Birli\u011finin g\u00fcncellenmesi konular\u0131nda at\u0131lacak ad\u0131mlar belirlenerek bir takvim olu\u015fturuldu.<\/p>\n<p>M\u00fczakere s\u00fcreci kapsam\u0131nda, &#8220;Ekonomik ve Parasal Politika&#8221; fasl\u0131n\u0131n 14 Aral\u0131k 2015&#8217;te m\u00fczakereye a\u00e7\u0131lmas\u0131 ve Komisyonun G\u00fcney K\u0131br\u0131s Rum Y\u00f6netimi (GKRY) taraf\u0131ndan bloke edilen &#8220;Enerji&#8221;, &#8220;Yarg\u0131 ve Temel Haklar&#8221;, &#8220;Adalet, \u00d6zg\u00fcrl\u00fck ve G\u00fcvenlik&#8221;, &#8220;E\u011fitim ve K\u00fclt\u00fcr&#8221; ile &#8220;D\u0131\u015f Politika, G\u00fcvenlik ve Savunma&#8221; olmak \u00fczere 5 fasla ili\u015fkin haz\u0131rl\u0131k \u00e7al\u0131\u015fmalar\u0131n\u0131 2016 y\u0131l\u0131n\u0131n ilk \u00e7eyre\u011finde tamamlanmas\u0131 da imza alt\u0131na al\u0131nd\u0131.<\/p>\n<p>Ortak bildiriyle ayr\u0131ca d\u00fczensiz g\u00f6\u00e7le ortak m\u00fccadelenin \u00e7er\u00e7evesini belirleyen &#8220;eylem plan\u0131&#8221;n\u0131n y\u00fcr\u00fcrl\u00fc\u011fe konulmas\u0131 kararla\u015ft\u0131r\u0131ld\u0131.<\/p>\n<p>18 Mart 2016&#8217;daki \u00fc\u00e7\u00fcnc\u00fc zirvede de ortak bildiri temelinde, vize serbestisi s\u00fcreci bir kez daha \u00f6ne \u00e7ekildi ve &#8220;Mali ve B\u00fct\u00e7esel H\u00fck\u00fcmler&#8221; fasl\u0131n\u0131n a\u00e7\u0131lmas\u0131 ve T\u00fcrkiye&#8217;deki Suriyeli g\u00f6\u00e7menler i\u00e7in kullan\u0131lmak \u00fczere AB taraf\u0131ndan ilave 3 milyar eurotahsis edilmesi karara ba\u011fland\u0131.<\/p>\n<p>Var\u0131lan mutabakatlar sonucunda Ege&#8217;de d\u00fczensiz g\u00f6\u00e7 b\u00fcy\u00fck oranda kontrol alt\u0131na al\u0131n\u0131rken T\u00fcrkiye, g\u00f6\u00e7menlerin geri al\u0131nmas\u0131 dahil bu kapsamda \u00fczerine d\u00fc\u015fenleri yerine getirdi. AB ise vize serbestisi, mali yard\u0131m, yeniden yerle\u015ftirme, G\u00fcmr\u00fck Birli\u011fi gibi mutabakat \u00e7er\u00e7evesindeki y\u00fck\u00fcml\u00fcl\u00fcklerine sad\u0131k kalmad\u0131.<\/p>\n<p><strong>&#8220;Vizesiz seyahat&#8221;te ilerleme yok<\/strong><\/p>\n<p>18 Mart mutabakat\u0131n\u0131n en \u00f6nemli unsurlar\u0131ndan biri, T\u00fcrk vatanda\u015flar\u0131n\u0131n Avrupa \u00fclkelerine vizesiz seyahat etmesini sa\u011flayacak &#8220;vize serbestisi&#8221; tarihinin 2016 haziran\u0131n\u0131n sonuna \u00e7ekilmesiydi.<\/p>\n<p>S\u00fcrecin s\u00f6z konusu tarihte ba\u015flayabilmesi i\u00e7in AB Komisyonunun ayn\u0131 y\u0131l en ge\u00e7 may\u0131s ba\u015f\u0131nda AB Konseyi ve Avrupa Parlamentosuna \u00fc\u00e7\u00fcnc\u00fc ve son vize ilerleme raporu ile vize serbestisi \u00f6nerisini sunmas\u0131 gerekiyordu. Dolay\u0131s\u0131yla Yol Haritas\u0131\u2019nda kay\u0131tl\u0131 maddelerin nisan sonuna kadar T\u00fcrkiye taraf\u0131ndan kar\u015f\u0131lanmas\u0131 gerekecekti. Bu do\u011frultuda gerekli \u00e7al\u0131\u015fmalar y\u00fcr\u00fct\u00fcld\u00fc ancak ilgili konuda hi\u00e7bir ilerleme sa\u011flanamad\u0131.<\/p>\n<p>AB Komisyonu, Ankara&#8217;n\u0131n 72 \u015farttan 7&#8217;sini hen\u00fcz yerine getirmedi\u011fini belirten bir rapor sundu. Bunlar, &#8220;AB standartlar\u0131na tam uyumlu biyometrik pasaport \u00e7\u0131kart\u0131lmas\u0131, yolsuzlukla m\u00fccadele i\u00e7in \u00f6nlemlerin al\u0131nmas\u0131, Europol ile operasyonel i\u015f birli\u011fi anla\u015fmas\u0131 yap\u0131lmas\u0131, ter\u00f6rle m\u00fccadele yasa ve uygulamalar\u0131n\u0131n Avrupa standartlar\u0131na g\u00f6re d\u00fczenlenmesi, ki\u015fisel verilerin korunmas\u0131 d\u00fczenlemesinin AB standartlar\u0131na getirilmesi, su\u00e7 ba\u011flant\u0131l\u0131 konularda AB&#8217;nin t\u00fcm \u00fclkeleriyle etkili i\u015f birli\u011fi yap\u0131lmas\u0131 ve AB-T\u00fcrkiye Geri Kabul Anla\u015fmas\u0131&#8217;n\u0131n t\u00fcm maddelerinin uygulanmas\u0131&#8221; olarak s\u0131raland\u0131.<\/p>\n<p>T\u00fcrkiye ge\u00e7en ay AB&#8217;ye s\u00f6z konusu kriterlerin kar\u015f\u0131lanmas\u0131na y\u00f6nelik bir \u00e7al\u0131\u015fma plan\u0131 g\u00f6nderdi ancak Br\u00fcksel&#8217;den bu konuda bir geri d\u00f6n\u00fc\u015f olmad\u0131. Erdo\u011fan, d\u00fcnk\u00fc zirvede, bu konuda AB&#8217;den bir yan\u0131t beklediklerini dile getirdi.<\/p>\n<p><strong>Siyasi engellere tak\u0131lan fas\u0131llar<\/strong><\/p>\n<p>\u00dc\u00e7\u00fcnc\u00fc zirve sonunda yer verilen &#8220;Mali ve B\u00fct\u00e7esel H\u00fck\u00fcmler&#8221; ba\u015fl\u0131kl\u0131 33. fasl\u0131n Haziran 2016&#8217;da a\u00e7\u0131lmas\u0131, AB&#8217;nin \u015fimdiye kadar yerine getirdi\u011fi birka\u00e7 taahh\u00fctten biri oldu. Ortak bildiride &#8220;m\u00fczakere s\u00fcrecini yeniden canland\u0131rmaya y\u00f6nelik kararl\u0131l\u0131k&#8221; tekrar teyit edilse de 23. &#8220;Yarg\u0131 ve Temel Haklar&#8221; ile 24. &#8220;Adalet, \u00d6zg\u00fcrl\u00fck ve G\u00fcvenlik&#8221; konulu fas\u0131llar\u0131n AB taraf\u0131ndan yap\u0131lan teknik haz\u0131rl\u0131klar\u0131 tamamlanamad\u0131.<\/p>\n<p>T\u00fcrkiye&#8217;nin AB ile y\u00fcr\u00fctt\u00fc\u011f\u00fc kat\u0131l\u0131m m\u00fczakerelerinde 35 fas\u0131ldan \u015fimdiye kadar 16&#8217;s\u0131 a\u00e7\u0131l\u0131rken, 8 fas\u0131l ek protokol gerek\u00e7esiyle ask\u0131ya al\u0131nd\u0131.<\/p>\n<p>GKRY 6, Fransa 2 fasl\u0131 bloke ederken, 8 fasl\u0131n a\u00e7\u0131lmas\u0131n\u0131 ise &#8220;Ek Protokol&#8221; \u00f6nl\u00fcyor.<\/p>\n<p>Rum y\u00f6netimi, 8 Aral\u0131k 2009&#8217;da tek tarafl\u0131 olarak 6 fasl\u0131 bloke edece\u011fini a\u00e7\u0131klam\u0131\u015f ve bu fas\u0131llar\u0131n a\u00e7\u0131lmas\u0131n\u0131 &#8220;ili\u015fkilerin normalle\u015fmesi&#8221; \u015fart\u0131na ba\u011flam\u0131\u015ft\u0131. Fransa ise Nicolas Sarkozy&#8217;nin cumhurba\u015fkanl\u0131\u011f\u0131 d\u00f6neminde 5 fasl\u0131n a\u00e7\u0131l\u0131\u015f\u0131n\u0131, &#8220;\u00fcyelikle do\u011frudan ba\u011flant\u0131l\u0131&#8221; oldu\u011fu gerek\u00e7esiyle veto etmi\u015f, daha sonra bu rakam\u0131 4&#8217;e indirmi\u015fti. Sarkozy\u2019nin koltu\u011funu kaybetmesinin ard\u0131ndan veto edilen fas\u0131llar aras\u0131nda bulunan 17. ve 33. fas\u0131llar a\u00e7\u0131lm\u0131\u015ft\u0131.<\/p>\n<p>AB ile T\u00fcrkiye, 2005&#8217;te G\u00fcmr\u00fck Birli\u011finin yeni AB \u00fcyelerine geni\u015fletilmesi amac\u0131yla &#8220;Ek Protokol&#8221; imzalam\u0131\u015ft\u0131.<\/p>\n<p>Ancak, protokolde yeni \u00fcyelerden G\u00fcney K\u0131br\u0131s Rum y\u00f6netiminin isminin &#8220;K\u0131br\u0131s Cumhuriyeti&#8221; olarak zikredilmesi \u00fczerine T\u00fcrkiye, &#8220;Ek Protokol\u2019\u00fcn imzalanmas\u0131n\u0131n hi\u00e7bir \u015fekilde Rum y\u00f6netimini tan\u0131ma anlam\u0131na gelmeyece\u011fini&#8221; vurgulayan bir deklarasyon yay\u0131mlam\u0131\u015ft\u0131.<\/p>\n<p>AB de T\u00fcrkiye&#8217;nin Ek Protokol&#8217;den kaynaklanan y\u00fck\u00fcml\u00fcl\u00fcklerini tam olarak yerine getirmedi\u011fi gerek\u00e7esiyle Aral\u0131k 2006&#8217;da, &#8220;G\u00fcmr\u00fck Birli\u011fi&#8217;yle do\u011frudan ilgili&#8221; sekiz fasl\u0131n a\u00e7\u0131lmas\u0131n\u0131 dondurmu\u015ftu.<\/p>\n<p><strong>3 milyar euronun 1,85 milyar\u0131 g\u00f6nderildi <\/strong><\/p>\n<p>T\u00fcrkiye &#8211; AB Zirvesi sonu\u00e7lar\u0131na g\u00f6re, AB, g\u00f6\u00e7 eylem plan\u0131 \u00e7er\u00e7evesinde, T\u00fcrkiye&#8217;de bulunan Suriyelilerin ihtiya\u00e7lar\u0131na y\u00f6nelik proje bazl\u0131 taahh\u00fct etti\u011fi 3 milyar euroluk ilk k\u0131s\u0131m mali kayna\u011f\u0131n tahsis s\u00fcrecini h\u0131zland\u0131racakt\u0131. 3 milyar euroluk ilk k\u0131s\u0131m kaynak tamamen kullan\u0131ld\u0131ktan sonra da 2018 y\u0131l\u0131 sonuna kadar 3 milyar euroilave kaynak sa\u011flanmas\u0131 \u00f6ng\u00f6r\u00fcl\u00fcyordu.<\/p>\n<p>Ancak AB, \u015fimdiye kadar fonun ilk diliminin tamam\u0131n\u0131 dahi aktarmad\u0131.<\/p>\n<p><strong>G\u00fcmr\u00fck Birli\u011finin g\u00fcncellenmesi hala ask\u0131da<\/strong><\/p>\n<p>Mutabakat uyar\u0131nca, G\u00fcmr\u00fck Birli\u011finin g\u00fcncellenmesi m\u00fczakereleri 2016 y\u0131l\u0131 bitimine kadar ba\u015flamas\u0131 gerekirken hen\u00fcz resmi m\u00fczakereler ba\u015flamad\u0131. AB Komisyonunun m\u00fczakerelerin ba\u015flamas\u0131 i\u00e7in 2016&#8217;n\u0131n son g\u00fcnlerinde AB Konseyinden yetki talep etmesine ra\u011fmen, hen\u00fcz \u00fcye \u00fclkeler buna onay vermedi.<\/p>\n<p>Cumhurba\u015fkan\u0131 Erdo\u011fan: G\u00fcmr\u00fck Birli\u011fi&#8217;nin g\u00fcncellenmesi \u00e7al\u0131\u015fmalar\u0131na ba\u015flanmas\u0131 konusundaki beklentimizi de dile getirdik. Bu t\u00fcr teknik konular\u0131 siyasetin meselesi haline getirmemeliyiz.https:\/\/t.co\/kRVE7bL5ds pic.twitter.com\/MUxvM94oVw<\/p>\n<p>\u2014 TRT Haber Canl\u0131 (@trthabercanli) 26 Mart 2018<\/p>\n<p><strong>Yeniden yerle\u015ftirmede yol al\u0131namad\u0131<\/strong><\/p>\n<p>Br\u00fcksel&#8217;de imzalanan mutabakat\u0131n en \u00f6nemli unsurlardan birini, &#8220;1&#8217;e 1&#8221; form\u00fcl\u00fc olu\u015fturmu\u015ftu. &#8220;Yunan adalar\u0131ndan 4 Nisan itibar\u0131yla al\u0131nacak her bir Suriyeli i\u00e7in, yine 4 Nisan\u2019da ba\u015flamak \u00fczere T\u00fcrkiye\u2019de ge\u00e7ici koruma alt\u0131ndaki bir Suriyelinin AB \u00fclkelerine yerle\u015ftirilmesi&#8221; \u015feklinde \u00f6zetlenebilecek form\u00fcl, T\u00fcrkiye&#8217;den Yunan adalar\u0131na ge\u00e7en t\u00fcm yeni d\u00fczensiz g\u00f6\u00e7menlerin de T\u00fcrkiye&#8217;ye iadesini \u00f6ng\u00f6r\u00fcyordu.<\/p>\n<p>Mutabakata g\u00f6re, &#8220;1&#8217;e 1&#8221; form\u00fcl\u00fc tecr\u00fcbesi \u0131\u015f\u0131\u011f\u0131nda, G\u00f6n\u00fcll\u00fc \u0130nsani Yeniden Yerle\u015ftirme Program\u0131 ba\u015flat\u0131larak 72 bin ki\u015filik kota belirlemek suretiyle T\u00fcrkiye&#8217;den Suriyelilerin \u00fcye \u00fclkelere yeniden yerle\u015ftirilmesini sa\u011flayacakt\u0131.<\/p>\n<p>Ancak T\u00fcrkiye&#8217;ye iade edilen g\u00f6\u00e7men say\u0131s\u0131 beklenenden \u00e7ok daha d\u00fc\u015f\u00fck seviyede kald\u0131. \u00d6te yandan, g\u00fcnl\u00fck s\u0131\u011f\u0131nmac\u0131 ge\u00e7i\u015flerinin &#8220;ciddi ve s\u00fcrd\u00fcr\u00fclebilir \u015fekilde&#8221; azalmas\u0131na ra\u011fmen, \u00fcye \u00fclkelerin g\u00f6n\u00fcll\u00fcl\u00fck esas\u0131 \u00e7er\u00e7evesinde T\u00fcrkiye&#8217;den s\u0131\u011f\u0131nmac\u0131 almas\u0131n\u0131 \u00f6ng\u00f6ren G\u00f6n\u00fcll\u00fc \u0130nsani Yeniden Yerle\u015ftirme Program\u0131n\u0131n devreye sokulmas\u0131 s\u00f6z\u00fc tutulmad\u0131.<\/p>\n<p><strong>AB&#8217;nin de ele\u015ftirileri var<\/strong><\/p>\n<p>AB&#8217;nin ise uzun \u00fcyelik yolculu\u011funda T\u00fcrkiye&#8217;ye y\u00f6nelik ele\u015ftirileri aras\u0131nda insan haklar\u0131, demokrasi, ifade \u00f6zg\u00fcrl\u00fc\u011f\u00fc, hukukun \u00fcst\u00fcnl\u00fc\u011f\u00fc gibi konular ba\u015f\u0131 \u00e7ekiyor. AB kurumlar\u0131n\u0131n T\u00fcrkiye&#8217;ye ili\u015fkin raporlar\u0131nda s\u00f6z konusu alanlar\u0131n yan\u0131 s\u0131ra &#8220;demokratik haklar&#8221;, &#8220;toplanma ve g\u00f6steri \u00f6zg\u00fcrl\u00fc\u011f\u00fc&#8221; gibi konulara vurgu yap\u0131l\u0131yor.<\/p>\n<p>\u00d6zellikle 15 Temmuz sonras\u0131 al\u0131nan tedbirlere y\u00f6nelik AB yetkilileri taraf\u0131ndan yap\u0131lan ele\u015ftiri tonu y\u00fcksek a\u00e7\u0131klamalar, T\u00fcrkiye&#8217;nin ter\u00f6rle m\u00fccadele s\u00fcrecine olumsuz yakla\u015f\u0131mlar\u0131, AB ilerleme raporlar\u0131 ile Avrupa Parlamentosunun m\u00fczakere s\u00fcrecinin ge\u00e7ici olarak dondurulmas\u0131 ve ard\u0131ndan da ask\u0131ya al\u0131nmas\u0131 y\u00f6n\u00fcndeki tavsiye kararlar\u0131 da ili\u015fkilerde gerginli\u011fe neden oldu.<\/p>\n<p>Kaynak: AA<\/p>\n","protected":false},"excerpt":{"rendered":"<p>T\u00fcrkiye ile Avrupa Birli\u011fi aras\u0131nda yap\u0131lan zirvede &#8220;anla\u015f\u0131lamayan&#8221; konular \u00e7\u00f6z\u00fcme ula\u015famad\u0131. Taraflar, kaydedilen geli\u015fmelere ba\u011fl\u0131 olarak, bir kez daha bir araya gelecek.<\/p>\n","protected":false},"author":1000097,"featured_media":3127,"comment_status":"open","ping_status":"closed","sticky":false,"template":"","format":"standard","meta":[],"categories":[85],"tags":[],"_links":{"self":[{"href":"https:\/\/www.vizyon2023.com.tr\/index.php\/wp-json\/wp\/v2\/posts\/3126"}],"collection":[{"href":"https:\/\/www.vizyon2023.com.tr\/index.php\/wp-json\/wp\/v2\/posts"}],"about":[{"href":"https:\/\/www.vizyon2023.com.tr\/index.php\/wp-json\/wp\/v2\/types\/post"}],"author":[{"embeddable":true,"href":"https:\/\/www.vizyon2023.com.tr\/index.php\/wp-json\/wp\/v2\/users\/1000097"}],"replies":[{"embeddable":true,"href":"https:\/\/www.vizyon2023.com.tr\/index.php\/wp-json\/wp\/v2\/comments?post=3126"}],"version-history":[{"count":0,"href":"https:\/\/www.vizyon2023.com.tr\/index.php\/wp-json\/wp\/v2\/posts\/3126\/revisions"}],"wp:featuredmedia":[{"embeddable":true,"href":"https:\/\/www.vizyon2023.com.tr\/index.php\/wp-json\/wp\/v2\/media\/3127"}],"wp:attachment":[{"href":"https:\/\/www.vizyon2023.com.tr\/index.php\/wp-json\/wp\/v2\/media?parent=3126"}],"wp:term":[{"taxonomy":"category","embeddable":true,"href":"https:\/\/www.vizyon2023.com.tr\/index.php\/wp-json\/wp\/v2\/categories?post=3126"},{"taxonomy":"post_tag","embeddable":true,"href":"https:\/\/www.vizyon2023.com.tr\/index.php\/wp-json\/wp\/v2\/tags?post=3126"}],"curies":[{"name":"wp","href":"https:\/\/api.w.org\/{rel}","templated":true}]}}