{"id":3117,"date":"2018-03-28T10:46:26","date_gmt":"2018-03-28T07:46:26","guid":{"rendered":"http:\/\/www.vizyon2023.com.tr\/index.php\/2018\/03\/28\/ak-parti-tbmm-grubu-basbakan-yildirim-baskanliginda-toplandi\/"},"modified":"2018-03-28T10:46:26","modified_gmt":"2018-03-28T07:46:26","slug":"ak-parti-tbmm-grubu-basbakan-yildirim-baskanliginda-toplandi","status":"publish","type":"post","link":"https:\/\/www.vizyon2023.com.tr\/index.php\/2018\/03\/28\/ak-parti-tbmm-grubu-basbakan-yildirim-baskanliginda-toplandi\/","title":{"rendered":"AK Parti TBMM Grubu Ba\u015fbakan Y\u0131ld\u0131r\u0131m ba\u015fkanl\u0131\u011f\u0131nda topland\u0131"},"content":{"rendered":"<p>Cumhurba\u015fkanl\u0131\u011f\u0131 kaynaklar\u0131ndan al\u0131nan bilgiye g\u00f6re, Cumhurba\u015fkan\u0131 ve AK Parti Genel Ba\u015fkan\u0131 Recep Tayyip Erdo\u011fan ba\u015fkanl\u0131\u011f\u0131nda yap\u0131laca\u011f\u0131 duyurulan AK Parti TBMM Grup Toplant\u0131s\u0131&#8217;na, Ba\u015fbakan Binali Y\u0131ld\u0131r\u0131m ba\u015fkanl\u0131k etti.<\/p>\n<p>Cumhurba\u015fkan\u0131 Erdo\u011fan ise, Katar D\u0131\u015fi\u015fleri Bakan\u0131 \u015eeyh Muhammed Bin Casim Al Sani&#8217;yi Cumhurba\u015fkanl\u0131\u011f\u0131 K\u00fclliyesi&#8217;nde g\u00f6r\u00fc\u015ft\u00fc.<\/p>\n<p>Kaynak: AA<\/p>\n","protected":false},"excerpt":{"rendered":"<p>AK Parti TBMM Grup Toplant\u0131s\u0131, AK Parti Genel Ba\u015fkanvekili ve Ba\u015fbakan Binali Y\u0131ld\u0131r\u0131m ba\u015fkanl\u0131\u011f\u0131nda topland\u0131.<\/p>\n","protected":false},"author":1000097,"featured_media":3118,"comment_status":"open","ping_status":"closed","sticky":false,"template":"","format":"standard","meta":[],"categories":[85],"tags":[],"_links":{"self":[{"href":"https:\/\/www.vizyon2023.com.tr\/index.php\/wp-json\/wp\/v2\/posts\/3117"}],"collection":[{"href":"https:\/\/www.vizyon2023.com.tr\/index.php\/wp-json\/wp\/v2\/posts"}],"about":[{"href":"https:\/\/www.vizyon2023.com.tr\/index.php\/wp-json\/wp\/v2\/types\/post"}],"author":[{"embeddable":true,"href":"https:\/\/www.vizyon2023.com.tr\/index.php\/wp-json\/wp\/v2\/users\/1000097"}],"replies":[{"embeddable":true,"href":"https:\/\/www.vizyon2023.com.tr\/index.php\/wp-json\/wp\/v2\/comments?post=3117"}],"version-history":[{"count":0,"href":"https:\/\/www.vizyon2023.com.tr\/index.php\/wp-json\/wp\/v2\/posts\/3117\/revisions"}],"wp:featuredmedia":[{"embeddable":true,"href":"https:\/\/www.vizyon2023.com.tr\/index.php\/wp-json\/wp\/v2\/media\/3118"}],"wp:attachment":[{"href":"https:\/\/www.vizyon2023.com.tr\/index.php\/wp-json\/wp\/v2\/media?parent=3117"}],"wp:term":[{"taxonomy":"category","embeddable":true,"href":"https:\/\/www.vizyon2023.com.tr\/index.php\/wp-json\/wp\/v2\/categories?post=3117"},{"taxonomy":"post_tag","embeddable":true,"href":"https:\/\/www.vizyon2023.com.tr\/index.php\/wp-json\/wp\/v2\/tags?post=3117"}],"curies":[{"name":"wp","href":"https:\/\/api.w.org\/{rel}","templated":true}]}}