{"id":3111,"date":"2018-03-23T10:42:49","date_gmt":"2018-03-23T08:42:49","guid":{"rendered":"http:\/\/www.vizyon2023.com.tr\/index.php\/2018\/03\/23\/basbakan-yildirim-tehdit-neredeyse-biz-oradayiz\/"},"modified":"2018-03-23T10:42:49","modified_gmt":"2018-03-23T08:42:49","slug":"basbakan-yildirim-tehdit-neredeyse-biz-oradayiz","status":"publish","type":"post","link":"https:\/\/www.vizyon2023.com.tr\/index.php\/2018\/03\/23\/basbakan-yildirim-tehdit-neredeyse-biz-oradayiz\/","title":{"rendered":"Ba\u015fbakan Y\u0131ld\u0131r\u0131m: Tehdit neredeyse biz oraday\u0131z"},"content":{"rendered":"<p>Ba\u015fbakan Binali Y\u0131ld\u0131r\u0131m, JW Marriot Otel&#8217;de End\u00fcstriyel Yetkinlik De\u011ferlendirme ve Destekleme Projesi&#8217;nin (EYDEP) tan\u0131t\u0131m Toplant\u0131s\u0131\u2019nda konu\u015ftu.<\/p>\n<p>Ba\u015fbakan Binali Y\u0131ld\u0131r\u0131m&#8217;\u0131n a\u00e7\u0131klamalar\u0131ndan \u00f6ne \u00e7\u0131kan ba\u015fl\u0131klar:<\/p>\n<p><strong>&#8220;Elde etti\u011fimiz katma de\u011feri 2 bu\u00e7uk kat art\u0131rma \u015fans\u0131m\u0131z var&#8221;<\/strong><\/p>\n<p>\u00d6n\u00fcm\u00fczde yeni bir d\u00f6nem var. Bu d\u00f6nem Sanayi 4.0 ve sanal ger\u00e7eklik. Daha fazla insan fakt\u00f6r\u00fcn\u00fcn devreden \u00e7\u0131kt\u0131\u011f\u0131, daha fazla bili\u015fimin, teknolojinin, yaz\u0131l\u0131m\u0131n al\u0131n teri yerine ak\u0131l terinin daha fazla kullan\u0131laca\u011f\u0131 bir d\u00f6neme giriyoruz. Sanayi 4.0&#8217;\u0131 bundan sonraki s\u00fcre\u00e7te \u00fcretim alan\u0131m\u0131za h\u0131zl\u0131 bir \u015fekilde uyarlarsak bu konuda elde etti\u011fimiz katma de\u011feri 2 bu\u00e7uk kat art\u0131rma \u015fans\u0131m\u0131z var.<\/p>\n<p><strong>&#8220;Bu \u015firketler \u00f6nemli ama tek ba\u015f\u0131na bir \u015fey yapamaz&#8221;<\/strong><\/p>\n<p>\u015eimdi 100 b\u00fcy\u00fck \u015firket i\u00e7erisinde T\u00fcrkiye&#8217;nin 3 tane savunma sanayii \u015firketi \u00f6n plana \u00e7\u0131k\u0131yor. Bu \u015firketler \u00f6nemli ama tek ba\u015f\u0131na bunlar bir \u015fey yapamaz. Burada bir ekosisteme ihtiya\u00e7 var. \u0130\u015fte bu projenin amac\u0131 bu ekosistemi tamamlamak. Biz bunu bakan oldu\u011fum d\u00f6nemde demiryollar\u0131 sekt\u00f6r\u00fcnde yapt\u0131k. Demiryollar\u0131nda ne yeni yap\u0131l\u0131yor ne mevcut hatlar yenileniyor. Dolay\u0131s\u0131yla herkes rahat. \u0130\u015f yok, i\u015f olmay\u0131nca da i\u015f yapacak, kafa yoracak firmalar da olmuyor. Geldik dedik ki, &#8220;Bu b\u00f6yle olmaz. Art\u0131k demiryollar\u0131 kendini ta\u015f\u0131makta bile acziyete d\u00fc\u015fm\u00fc\u015f. Ne yapal\u0131m? \u00d6nce h\u0131zl\u0131 tren i\u015fini ba\u015flatal\u0131m. Mevcut parklar\u0131 yenileyelim. Sinyalli olmayanlar\u0131 sinyalli hale getirelim, elektrikli olmayanlar\u0131 elektrikli hale getirelim. Tabii Cumhuriyet&#8217;in ilk y\u0131llar\u0131nda Osmanl\u0131&#8217;n\u0131n son zamanlar\u0131nda yap\u0131lan \u00e7ok keskin kulplar var. Bunlar\u0131 m\u00fcmk\u00fcn mertebe d\u00fczeltelim.&#8221; B\u00f6yle olunca sekt\u00f6rde bir talep olu\u015fmaya ba\u015flad\u0131 ve bu taleple birlikte fabrikalar tekrar heyecanland\u0131lar. Bir \u015feyler yapma gayreti i\u00e7ine girdiler. Yetmedi \u0130stanbul&#8217;da Sakarya&#8217;da, Ankara&#8217;da, Eski\u015fehir&#8217;de d\u00f6rt g\u00fcd\u00fcm \u00fczerinden firma olu\u015ftu.<\/p>\n<p><strong>&#8220;600&#8217;den fazla projemiz var&#8221;<\/strong><\/p>\n<p>\u015eimdi de savunma sanayiimize bak\u0131yoruz, \u00f6n\u00fcm\u00fczde 60 milyar dolarl\u0131k bir hacmimiz var. 600&#8217;den fazla projemiz var. Bu ne kadar s\u00fcrer, en fazla 10 y\u0131l. 10 y\u0131l i\u00e7inde bu projeler ger\u00e7ekle\u015fecek. Bunlar\u0131n zaten 12-13 milyar dolar\u0131 s\u00f6zle\u015fmeye ba\u011flanm\u0131\u015f durumda.<\/p>\n<p><strong>&#8220;Yeni model, herkesin i\u015fin i\u00e7ine dahil olmas\u0131&#8221;<\/strong><\/p>\n<p>Yeni nesil u\u00e7ak projeleri onlar da ortak yap\u0131m, onlar da ba\u015fl\u0131 ba\u015f\u0131na 100 milyar dolarl\u0131k bir i\u015f. Orada da T\u00fcrkiye hem ortak hem tedarik\u00e7i konumunda. 2023&#8217;e kadar ciddi miktarda hava filomuzu yenilemeyi d\u00fc\u015f\u00fcyoruz. Bunun d\u0131\u015f\u0131nda TFX projesini \u0130ngiltere ile beraber y\u00fcr\u00fct\u00fcyoruz. Dolay\u0131s\u0131yla \u00f6n\u00fcm\u00fczde bolca proje var. Bu projeleri yaparken yetkinli\u011fe sahip mutlaka firmalar\u0131m\u0131z\u0131 da olu\u015fturmam\u0131z gerekiyor. Yani savunma sanayii ekosistemini olu\u015fturmam\u0131z gerekiyor. Sadece savunma sanayiinin kamuya ait firmalar\u0131yla bu i\u015fi yapamay\u0131z. Bu art\u0131k eski model. Bu ge\u00e7ti. Yeni model, herkesin i\u015fin i\u00e7ine dahil olmas\u0131. Belirli uzmanl\u0131klar\u0131n g\u00f6rev taksimi yaparak belirli firmalara verilmesi.<\/p>\n<p><strong>&#8220;Kendi kendimize yeterli hale gelmemiz gerekiyor&#8221;<\/strong><\/p>\n<p>Demiryollar\u0131nda ray bile yapam\u0131yorduk. \u015eimdi ray da yap\u0131yoruz, lokomotif de yap\u0131yoruz, bir \u00e7ok \u015feyi yapar hale geldik. Niye? \u00c7\u00fcnk\u00fc \u015fartlar bizi zorlad\u0131. Savunma sanayiinde de b\u00f6yle bir imkan\u0131m\u0131z var. Mutlaka kendi kendimize yeterli hale gelmemiz gerekiyor. Yani yerli ve milli, akl\u0131, fikri, fikri m\u00fclkiyet haklar\u0131 kendimize ait olan, yaz\u0131l\u0131mlar\u0131 kendimize ait olan, teknolojilerini al\u0131p kulland\u0131\u011f\u0131m\u0131z de\u011fil, sahip oldu\u011fumuz bir alt yap\u0131. Bunu yapamazsak savunma sanayiinde biz ba\u011f\u0131ms\u0131z hale geldik diyemeyiz.<\/p>\n<p>Ba\u015fbakan Binali Y\u0131ld\u0131r\u0131m: Mutlaka kendi kendimize yeterli olmam\u0131z gerekiyor. Bu y\u00f6nde att\u0131\u011f\u0131m\u0131z ad\u0131mlar var. Afrin Harekat\u0131&#8217;n\u0131n kaderini de\u011fi\u015ftiren yerli \u0130HA ve S\u0130HA&#8217;lard\u0131r.https:\/\/t.co\/C34EgBpsSS pic.twitter.com\/QLc7luScWg<\/p>\n<p>\u2014 TRT Haber Canl\u0131 (@trthabercanli) 22 Mart 2018<\/p>\n<p><strong>&#8220;Afrin Harekat&#8217;\u0131n\u0131n kaderini \u0130HA&#8217;lar de\u011fi\u015ftirdi&#8221;<\/strong><\/p>\n<p>Bu y\u00f6nde att\u0131\u011f\u0131m\u0131z ad\u0131mlar var, \u00f6nemli ad\u0131mlar var, ger\u00e7ekle\u015fenler var. Helikopter projesi, silahl\u0131, silahs\u0131z \u0130HA&#8217;lar&#8230; Afrin Harekat\u0131&#8217;n\u0131n kaderini de\u011fi\u015ftiren budur. Bu silahl\u0131, silahs\u0131z \u0130HA&#8217;lar, orada bir \u00fcst\u00fcnl\u00fck olu\u015fturdu. Kar\u015f\u0131 tarafa verilen m\u00fchimmatlar, silahlar, bizim bu mukayeseli \u00fcst\u00fcnl\u00fc\u011f\u00fcm\u00fcz\u00fcn alt\u0131nda kald\u0131. Olunca da \u00f6yle istedi\u011finiz gibi alanda nas\u0131l sonu\u00e7 almak istiyorsan\u0131z onu elde ettiniz. T\u00fcrkiye&#8217;nin amac\u0131 hi\u00e7bir \u00fclkeyi i\u015fgal etmek de\u011fil, sald\u0131rgan bir politikam\u0131z yok.<\/p>\n<p><strong>&#8220;Bize has\u0131ml\u0131k yapmaya kimse cesaret edemez&#8221;<\/strong><\/p>\n<p>Dostluklar\u0131 art\u0131rma, d\u00fc\u015fmanl\u0131klar\u0131 azaltma politikam\u0131z var. Elinde imkan ve kabiliyetlerinin oldu\u011funu bilirse has\u0131ml\u0131k yapmaya kimse cesaret edemez. Cayd\u0131r\u0131c\u0131 kabiliyeti T\u00fcrkiye&#8217;nin mutlaka geli\u015ftirilmelidir. Savunma zaten \u015fart ama cayd\u0131r\u0131c\u0131 kabiliyetimizi de geli\u015ftirirsek o zaman b\u00f6lgesel krizlerin, b\u00f6lgesel sorunlar\u0131n \u00fcstesinden daha kolay geliriz. O y\u00fczden \u00f6zellikle k\u00fc\u00e7\u00fck ve orta \u00f6l\u00e7ekli firmalar\u0131n tespiti, bunlar\u0131n desteklenmesi, y\u00f6nlendirilmesi ve belirli konularda uzmanla\u015fmalar\u0131n\u0131n sa\u011flanmas\u0131 olmazsa olmazd\u0131r.<\/p>\n<p>Savunma M\u00fcste\u015farl\u0131\u011f\u0131&#8217;m\u0131z\u0131n ba\u015flatt\u0131\u011f\u0131 proje de tam bu amaca hizmet ediyor. Yaln\u0131z buradaki ayr\u0131lan kaynak miktar\u0131n\u0131n \u00e7ok d\u00fc\u015f\u00fck g\u00f6rd\u00fcm. 50 milyon lira bir \u015fey de\u011fil.<\/p>\n<p><strong>&#8220;Maalesef 3 \u015fehidimiz var&#8221;<\/strong><\/p>\n<p>Zeytin Dal\u0131 ba\u015far\u0131yla tamamland\u0131 \u015fu anda temizlik yap\u0131l\u0131yor. Maalesef ter\u00f6r unsurlar\u0131 giderken sa\u011f\u0131 solu EYP&#8217;lerle her taraf\u0131 tuzaklam\u0131\u015flar. Bunlar\u0131n temizli\u011fiyle u\u011fra\u015f\u0131rken kay\u0131plar\u0131m\u0131z da oluyor. Maalesef bug\u00fcn 3 \u015fehidimiz var. El yap\u0131m\u0131 patlay\u0131c\u0131 temizli\u011fi yaparken \u015fehit oldular. \u015eehitlerimize Allah&#8217;tan rahmet diliyoruz.<\/p>\n<p>#SONDAK\u0130KA<br \/>\nBa\u015fbakan Binali Y\u0131ld\u0131r\u0131m: Zeytin Dal\u0131 Harekat\u0131&#8217;nda el yap\u0131m\u0131 bomba patlad\u0131 bug\u00fcn 3 askerimiz \u015fehit oldu.https:\/\/t.co\/C34EgBpsSS pic.twitter.com\/v7xeVnNPup<\/p>\n<p>\u2014 TRT Haber Canl\u0131 (@trthabercanli) 22 Mart 2018<\/p>\n<p><strong>&#8220;Dost olduklar\u0131n\u0131 T\u00fcrkiye&#8217;ye g\u00f6stersinler&#8221;<\/strong><\/p>\n<p>Dostlar\u0131m\u0131z bizi d\u00fc\u015f\u00fcn\u00fcyorsa g\u00f6lge etmesinler. Ter\u00f6r \u00f6rg\u00fct\u00fcn\u00fcn arkas\u0131na ge\u00e7ip onlar\u0131n arkas\u0131ndan namlular\u0131n\u0131 bize \u00e7evirmesinler, onlara silah vermesinler, ter\u00f6r \u00f6rg\u00fctleriyle i\u015f tutmas\u0131nlar, stratejik ortak olduklar\u0131n\u0131, dost olduklar\u0131n\u0131 T\u00fcrkiye&#8217;ye g\u00f6stersinler.<\/p>\n<p><strong>&#8220;Tehdit neredeyse biz oraday\u0131z&#8221;<\/strong><\/p>\n<p>F\u0131rat&#8217;\u0131n bat\u0131s\u0131 a\u015fa\u011f\u0131 yukar\u0131 \u015fu anda kontrol alt\u0131na al\u0131nd\u0131 ama F\u0131rat&#8217;\u0131n do\u011fusunda, Kuzey Irak&#8217;ta daha tehdit devam ediyor. Dolay\u0131s\u0131yla tehdit bat\u0131da olur, do\u011fuda olur, tehdit neredeyse biz oraday\u0131z. \u0130ster i\u00e7eride ister d\u0131\u015far\u0131da, ter\u00f6r \u00f6rg\u00fct\u00fc T\u00fcrkiye&#8217;nin hedefidir, milli g\u00fcvenlik meselesidir; vatanda\u015f\u0131n can ve mal g\u00fcvenli\u011fi sa\u011flan\u0131ncaya kadar.<\/p>\n<p>Kaynak: TRT Haber<\/p>\n","protected":false},"excerpt":{"rendered":"<p>Ba\u015fbakan Binali Y\u0131ld\u0131r\u0131m, &#8220;Kuzey Irak&#8217;ta daha tehdit devam ediyor. Dolay\u0131s\u0131yla tehdit bat\u0131da olur, do\u011fuda olur, tehdit neredeyse biz oraday\u0131z&#8221; dedi.<\/p>\n","protected":false},"author":8,"featured_media":3112,"comment_status":"open","ping_status":"closed","sticky":false,"template":"","format":"standard","meta":[],"categories":[85],"tags":[],"_links":{"self":[{"href":"https:\/\/www.vizyon2023.com.tr\/index.php\/wp-json\/wp\/v2\/posts\/3111"}],"collection":[{"href":"https:\/\/www.vizyon2023.com.tr\/index.php\/wp-json\/wp\/v2\/posts"}],"about":[{"href":"https:\/\/www.vizyon2023.com.tr\/index.php\/wp-json\/wp\/v2\/types\/post"}],"author":[{"embeddable":true,"href":"https:\/\/www.vizyon2023.com.tr\/index.php\/wp-json\/wp\/v2\/users\/8"}],"replies":[{"embeddable":true,"href":"https:\/\/www.vizyon2023.com.tr\/index.php\/wp-json\/wp\/v2\/comments?post=3111"}],"version-history":[{"count":0,"href":"https:\/\/www.vizyon2023.com.tr\/index.php\/wp-json\/wp\/v2\/posts\/3111\/revisions"}],"wp:featuredmedia":[{"embeddable":true,"href":"https:\/\/www.vizyon2023.com.tr\/index.php\/wp-json\/wp\/v2\/media\/3112"}],"wp:attachment":[{"href":"https:\/\/www.vizyon2023.com.tr\/index.php\/wp-json\/wp\/v2\/media?parent=3111"}],"wp:term":[{"taxonomy":"category","embeddable":true,"href":"https:\/\/www.vizyon2023.com.tr\/index.php\/wp-json\/wp\/v2\/categories?post=3111"},{"taxonomy":"post_tag","embeddable":true,"href":"https:\/\/www.vizyon2023.com.tr\/index.php\/wp-json\/wp\/v2\/tags?post=3111"}],"curies":[{"name":"wp","href":"https:\/\/api.w.org\/{rel}","templated":true}]}}