{"id":3101,"date":"2018-03-23T10:36:09","date_gmt":"2018-03-23T08:36:09","guid":{"rendered":"http:\/\/www.vizyon2023.com.tr\/index.php\/2018\/03\/23\/deasin-yagmalamasindan-da-kara-propaganda-urettiler\/"},"modified":"2018-03-23T10:36:09","modified_gmt":"2018-03-23T08:36:09","slug":"deasin-yagmalamasindan-da-kara-propaganda-urettiler","status":"publish","type":"post","link":"https:\/\/www.vizyon2023.com.tr\/index.php\/2018\/03\/23\/deasin-yagmalamasindan-da-kara-propaganda-urettiler\/","title":{"rendered":"DEA\u015e\u2019\u0131n ya\u011fmalamas\u0131ndan da kara propaganda \u00fcrettiler"},"content":{"rendered":"<p>T\u00fcrk Silahl\u0131 Kuvvetleri&#8217;nin (TSK) Afrin\u2019de ba\u015flatt\u0131\u011f\u0131 \u00d6zg\u00fcr Suriye Ordusu (\u00d6SO) destekli Zeytin Dal\u0131 Harekat\u0131\u2019nda, Afrin il\u00e7e merkezinin ter\u00f6ristlerden temizlenmesiyle ter\u00f6r \u00f6rg\u00fct\u00fcne yak\u0131n hesaplar TSK ve \u00d6SO\u2019yu karalamak i\u00e7in harekete ge\u00e7ti.<\/p>\n<p><strong>TSK&#8217;dan Afrin ile ilgili yalan iddialara foto\u011frafl\u0131 cevap<\/strong><\/p>\n<p><strong>PYD\/PKK yanda\u015flar\u0131 T\u00fcrk bayra\u011f\u0131na montajla yalan \u00fcretti<\/strong><\/p>\n<p><strong>Ter\u00f6r \u00f6rg\u00fct\u00fc PYD\/PKK&#8217;n\u0131n yalan furyas\u0131 devam ediyor<\/strong><\/p>\n<p>Sosyal medyada, \u201cBuras\u0131 Azez. Ter\u00f6ristler, Efrin\u2019de ya\u011fmalad\u0131klar\u0131 e\u015fyalar\u0131 sat\u0131yor\u201d yalan\u0131yla dola\u015f\u0131ma sokulan foto\u011fraf\u0131n 2015\u2019te \u00e7ekildi\u011fi ortaya \u00e7\u0131kt\u0131.<\/p>\n<p>Foto\u011frafta, DEA\u015e\u2019\u0131n 2015\u2019te Rakka\u2019da Yezidilerin evlerinden ya\u011fmalad\u0131klar\u0131 mallar\u0131 satt\u0131\u011f\u0131 bir pazar yeri g\u00f6r\u00fcl\u00fcyor.<\/p>\n<p>\u00d6rg\u00fct destek\u00e7ilerinin sosyal medyada, Afrin&#8217;in ter\u00f6rden ar\u0131nd\u0131r\u0131lmas\u0131 sonras\u0131 benzer yalanlarla payla\u015f\u0131mlara h\u0131z verdi\u011fi biliniyor.<\/p>\n<p>\u00d6te yandan, \u00d6SO da Afrin&#8217;de ya\u011fmaya kar\u0131\u015fan iki mensubunun ili\u015fi\u011fini kesti\u011fini ve benzer bir durumda ciddi yapt\u0131r\u0131mlar\u0131n\u0131n olaca\u011f\u0131n\u0131 duyurmu\u015ftu.<\/p>\n<p><strong>Bu ilk yalan de\u011fil<\/strong><\/p>\n<p>Ter\u00f6r \u00f6rg\u00fct\u00fc PYD\/PKK&#8217;ya yak\u0131n sosyal medya hesaplar\u0131 s\u0131k s\u0131k, T\u00fcrk Silahl\u0131 Kuvvetleri&#8217;nin (TSK) Afrin&#8217;de y\u00fcr\u00fctt\u00fc\u011f\u00fc Zeytin Dal\u0131 Harekat\u0131&#8217;na y\u00f6nelik kara propaganda payla\u015f\u0131mlar\u0131nda bulunuyor.<\/p>\n<p>Kaynak: AA<\/p>\n","protected":false},"excerpt":{"rendered":"<p>Ter\u00f6r \u00f6rg\u00fct\u00fc YPG\/PKK yanda\u015flar\u0131, ter\u00f6r \u00f6rg\u00fct\u00fc DEA\u015e\u2019\u0131n 2015\u2019te evleri ya\u011fmalamas\u0131n\u0131, Zeytin Dal\u0131 Harekat\u0131 gibi g\u00f6stermeye \u00e7al\u0131\u015ft\u0131.<\/p>\n","protected":false},"author":8,"featured_media":3102,"comment_status":"open","ping_status":"closed","sticky":false,"template":"","format":"standard","meta":[],"categories":[85],"tags":[],"_links":{"self":[{"href":"https:\/\/www.vizyon2023.com.tr\/index.php\/wp-json\/wp\/v2\/posts\/3101"}],"collection":[{"href":"https:\/\/www.vizyon2023.com.tr\/index.php\/wp-json\/wp\/v2\/posts"}],"about":[{"href":"https:\/\/www.vizyon2023.com.tr\/index.php\/wp-json\/wp\/v2\/types\/post"}],"author":[{"embeddable":true,"href":"https:\/\/www.vizyon2023.com.tr\/index.php\/wp-json\/wp\/v2\/users\/8"}],"replies":[{"embeddable":true,"href":"https:\/\/www.vizyon2023.com.tr\/index.php\/wp-json\/wp\/v2\/comments?post=3101"}],"version-history":[{"count":0,"href":"https:\/\/www.vizyon2023.com.tr\/index.php\/wp-json\/wp\/v2\/posts\/3101\/revisions"}],"wp:featuredmedia":[{"embeddable":true,"href":"https:\/\/www.vizyon2023.com.tr\/index.php\/wp-json\/wp\/v2\/media\/3102"}],"wp:attachment":[{"href":"https:\/\/www.vizyon2023.com.tr\/index.php\/wp-json\/wp\/v2\/media?parent=3101"}],"wp:term":[{"taxonomy":"category","embeddable":true,"href":"https:\/\/www.vizyon2023.com.tr\/index.php\/wp-json\/wp\/v2\/categories?post=3101"},{"taxonomy":"post_tag","embeddable":true,"href":"https:\/\/www.vizyon2023.com.tr\/index.php\/wp-json\/wp\/v2\/tags?post=3101"}],"curies":[{"name":"wp","href":"https:\/\/api.w.org\/{rel}","templated":true}]}}