{"id":3099,"date":"2018-03-23T10:35:07","date_gmt":"2018-03-23T08:35:07","guid":{"rendered":"http:\/\/www.vizyon2023.com.tr\/index.php\/2018\/03\/23\/milli-savunma-bakani-canikli-kilicdaroglu-kafalari-karistirmak-icin-yalan-soyluyor\/"},"modified":"2018-03-23T10:35:07","modified_gmt":"2018-03-23T08:35:07","slug":"milli-savunma-bakani-canikli-kilicdaroglu-kafalari-karistirmak-icin-yalan-soyluyor","status":"publish","type":"post","link":"https:\/\/www.vizyon2023.com.tr\/index.php\/2018\/03\/23\/milli-savunma-bakani-canikli-kilicdaroglu-kafalari-karistirmak-icin-yalan-soyluyor\/","title":{"rendered":"Milli Savunma Bakan\u0131 Canikli: K\u0131l\u0131\u00e7daro\u011flu kafalar\u0131 kar\u0131\u015ft\u0131rmak i\u00e7in yalan s\u00f6yl\u00fcyor"},"content":{"rendered":"<p>CHP Genel Ba\u015fkan\u0131 Kemal K\u0131l\u0131\u00e7daro\u011flu, dualarda Gazi Mustafa Kemal Atat\u00fcrk&#8217;\u00fcn an\u0131lmad\u0131\u011f\u0131n\u0131 savunarak tepki g\u00f6stermi\u015fti. K\u0131l\u0131\u00e7daro\u011flu&#8217;nun a\u00e7\u0131klamalar\u0131na, Milli Savunma Bakan\u0131 Nurettin Canikli&#8217;den cevap geldi.<\/p>\n<p>Bakan Canikli, K\u0131l\u0131\u00e7daro\u011flu&#8217;nun s\u00f6ylediklerinin &#8220;kuyruklu yalan&#8221; oldu\u011funu belirterek \u015funlar\u0131 s\u00f6yledi:<\/p>\n<p>&#8220;K\u0131l\u0131\u00e7daro\u011flu, kafalar\u0131 kar\u0131\u015ft\u0131rmak i\u00e7in konu\u015fmalarda ya da dualarda Atat\u00fcrk&#8217;\u00fcn isminin zikredilmedi\u011fi gibi yalanlar s\u00f6yl\u00fcyor. Kuyruklu yalan. Cumhurba\u015fkan\u0131m\u0131z yapt\u0131\u011f\u0131 b\u00fct\u00fcn konu\u015fmalar\u0131nda, \u00c7anakkale&#8217;de yapt\u0131\u011f\u0131 konu\u015fmalar da dahil, Gazi Mustafa Kemal Atat\u00fcrk ve silah arkada\u015flar\u0131, bu milletin \u00f6zg\u00fcrle\u015ftirilmesinde eme\u011fi ge\u00e7en herkesi her zaman hem an\u0131yor hem takdir ediyor.&#8221;<\/p>\n<p><strong>CHP Genel Ba\u015fkan\u0131 K\u0131l\u0131\u00e7daro\u011flu: Paran\u0131z\u0131 alabilirsiniz ama o tosundan de\u011fil, BDDK&#8217;dan alabilirsiniz<\/strong><\/p>\n<p>Kaynak: AA<\/p>\n","protected":false},"excerpt":{"rendered":"<p>Milli Savunma Bakan\u0131 Nurettin Canikli, CHP Genel Ba\u015fkan\u0131 Kemal K\u0131l\u0131\u00e7daro\u011flu&#8217;nun &#8220;Dualarda Atat\u00fcrk&#8217;\u00fc anm\u0131yorsunuz&#8221; s\u00f6zlerine &#8220;kuyruklu yalan&#8221; diyerek tepki g\u00f6sterdi.<\/p>\n","protected":false},"author":8,"featured_media":3100,"comment_status":"open","ping_status":"closed","sticky":false,"template":"","format":"standard","meta":[],"categories":[85],"tags":[],"_links":{"self":[{"href":"https:\/\/www.vizyon2023.com.tr\/index.php\/wp-json\/wp\/v2\/posts\/3099"}],"collection":[{"href":"https:\/\/www.vizyon2023.com.tr\/index.php\/wp-json\/wp\/v2\/posts"}],"about":[{"href":"https:\/\/www.vizyon2023.com.tr\/index.php\/wp-json\/wp\/v2\/types\/post"}],"author":[{"embeddable":true,"href":"https:\/\/www.vizyon2023.com.tr\/index.php\/wp-json\/wp\/v2\/users\/8"}],"replies":[{"embeddable":true,"href":"https:\/\/www.vizyon2023.com.tr\/index.php\/wp-json\/wp\/v2\/comments?post=3099"}],"version-history":[{"count":0,"href":"https:\/\/www.vizyon2023.com.tr\/index.php\/wp-json\/wp\/v2\/posts\/3099\/revisions"}],"wp:featuredmedia":[{"embeddable":true,"href":"https:\/\/www.vizyon2023.com.tr\/index.php\/wp-json\/wp\/v2\/media\/3100"}],"wp:attachment":[{"href":"https:\/\/www.vizyon2023.com.tr\/index.php\/wp-json\/wp\/v2\/media?parent=3099"}],"wp:term":[{"taxonomy":"category","embeddable":true,"href":"https:\/\/www.vizyon2023.com.tr\/index.php\/wp-json\/wp\/v2\/categories?post=3099"},{"taxonomy":"post_tag","embeddable":true,"href":"https:\/\/www.vizyon2023.com.tr\/index.php\/wp-json\/wp\/v2\/tags?post=3099"}],"curies":[{"name":"wp","href":"https:\/\/api.w.org\/{rel}","templated":true}]}}