{"id":3097,"date":"2018-03-23T10:34:40","date_gmt":"2018-03-23T08:34:40","guid":{"rendered":"http:\/\/www.vizyon2023.com.tr\/index.php\/2018\/03\/23\/disisleri-bakanligi-sozcusu-aksoy-abd-ile-calisma-grubunun-sonuclari-degerlendirilecek\/"},"modified":"2018-03-23T10:34:40","modified_gmt":"2018-03-23T08:34:40","slug":"disisleri-bakanligi-sozcusu-aksoy-abd-ile-calisma-grubunun-sonuclari-degerlendirilecek","status":"publish","type":"post","link":"https:\/\/www.vizyon2023.com.tr\/index.php\/2018\/03\/23\/disisleri-bakanligi-sozcusu-aksoy-abd-ile-calisma-grubunun-sonuclari-degerlendirilecek\/","title":{"rendered":"D\u0131\u015fi\u015fleri Bakanl\u0131\u011f\u0131 S\u00f6zc\u00fcs\u00fc Aksoy: ABD ile \u00e7al\u0131\u015fma grubunun sonu\u00e7lar\u0131 de\u011ferlendirilecek"},"content":{"rendered":"<p>D\u0131\u015fi\u015fleri Bakanl\u0131\u011f\u0131 S\u00f6zc\u00fcs\u00fc Hami Aksoy, d\u00fczenledi\u011fi bas\u0131n toplant\u0131s\u0131nda gazetecilerin sorular\u0131n\u0131 yan\u0131tlad\u0131.<\/p>\n<p>D\u0131\u015fi\u015fleri Bakanl\u0131\u011f\u0131 S\u00f6zc\u00fcs\u00fc Aksoy, ABD ile ortak \u00e7al\u0131\u015fma grubu ile ilgili &#8220;Bu temaslar\u0131n devam etmesi laz\u0131m. \u00d6n\u00fcm\u00fczdeki hafta M\u00fcste\u015far \u00dcmit Yal\u00e7\u0131n Washington&#8217;\u0131 ziyaret edecek. Bu temaslar\u0131n devam etmesil laz\u0131m.&#8221; dedi.<\/p>\n<p><strong>T\u00fcrkiye-AB Zirvesi<\/strong><\/p>\n<p>Aksoy, T\u00fcrkiye-AB Zirvesi ile alakal\u0131, &#8220;G\u00fcmr\u00fck Birli\u011fi Anla\u015fmas\u0131&#8217;n\u0131n g\u00fcncellenmesini, vize serbestisinin sa\u011flanmas\u0131n\u0131, Suriyelilere y\u00f6nelik mali yard\u0131mlar\u0131n h\u0131zland\u0131r\u0131lmas\u0131n\u0131 bekliyoruz. Bu zirvenin AB ile ili\u015fkilerimizde yeni bir sayfa a\u00e7mas\u0131n\u0131 umut ediyoruz.&#8221; ifadelerini kulland\u0131.<\/p>\n<p>T\u00fcrkiye ile AB aras\u0131ndaki ili\u015fkilerin bug\u00fcnk\u00fc durumu ve gelecekte nas\u0131l olaca\u011f\u0131n\u0131n ele al\u0131nmas\u0131 i\u00e7in uzun s\u00fcredir yap\u0131lmas\u0131 planlanan toplant\u0131 26 Mart&#8217;ta Bulgaristan&#8217;\u0131n Varna kentinde d\u00fczenlenecek.<\/p>\n<p>Toplant\u0131ya T\u00fcrkiye\u2019yi temsilen Cumhurba\u015fkan\u0131 Recep Tayyip Erdo\u011fan kat\u0131lacak.<\/p>\n<p><strong>T\u00fcrkiye Almanya ili\u015fkileri<\/strong><\/p>\n<p>T\u00fcrkiye ile Almanya ili\u015fkilerine de de\u011finen Aksoy, &#8220;Yakalad\u0131\u011f\u0131m\u0131z olumlu havay\u0131 yeni h\u00fck\u00fcmet ile de geli\u015ftirmek istiyoruz.&#8221; dedi.<\/p>\n<p><strong>Ter\u00f6r \u00f6rg\u00fct\u00fc eleba\u015f\u0131 M\u00fcsl\u00fcm&#8217;\u00fcn iadesi<\/strong><\/p>\n<p>K\u0131rm\u0131z\u0131 b\u00fcltenle aranan ter\u00f6r \u00f6rg\u00fct\u00fc PYD eleba\u015f\u0131 Salih M\u00fcs\u00fcm, \u00c7ekya&#8217;n\u0131n ba\u015fkenti Prag&#8217;da g\u00f6zalt\u0131na al\u0131nd\u0131ktan sonra \u00e7\u0131kar\u0131ld\u0131\u011f\u0131 mahkeme taraf\u0131ndan serbest b\u0131rak\u0131lm\u0131\u015ft\u0131. M\u00fcsl\u00fcm&#8217;\u00fcn iadesi ile ilgili konu\u015fan Aksoy, &#8220;Salih M\u00fcsl\u00fcm&#8217;\u00fcn ensesindeyiz, Avrupa Birli\u011fi \u00fclkeleri iki y\u00fczl\u00fc davranmamal\u0131.&#8221; ifadesini kulland\u0131.<\/p>\n<p>Ayr\u0131nt\u0131lar gelecek&#8230;<\/p>\n","protected":false},"excerpt":{"rendered":"<p>D\u0131\u015fi\u015fleri Bakanl\u0131\u011f\u0131 S\u00f6zc\u00fcs\u00fc Hami Aksoy, &#8220;\u00d6n\u00fcm\u00fczdeki hafta M\u00fcste\u015far \u00dcmit Yal\u00e7\u0131n Washington&#8217;\u0131 ziyaret edecek. ABD ile \u00e7al\u0131\u015fma grubunun sonu\u00e7lar\u0131 de\u011ferlendirilecek.&#8217; dedi.<\/p>\n","protected":false},"author":8,"featured_media":3098,"comment_status":"open","ping_status":"closed","sticky":false,"template":"","format":"standard","meta":[],"categories":[85],"tags":[],"_links":{"self":[{"href":"https:\/\/www.vizyon2023.com.tr\/index.php\/wp-json\/wp\/v2\/posts\/3097"}],"collection":[{"href":"https:\/\/www.vizyon2023.com.tr\/index.php\/wp-json\/wp\/v2\/posts"}],"about":[{"href":"https:\/\/www.vizyon2023.com.tr\/index.php\/wp-json\/wp\/v2\/types\/post"}],"author":[{"embeddable":true,"href":"https:\/\/www.vizyon2023.com.tr\/index.php\/wp-json\/wp\/v2\/users\/8"}],"replies":[{"embeddable":true,"href":"https:\/\/www.vizyon2023.com.tr\/index.php\/wp-json\/wp\/v2\/comments?post=3097"}],"version-history":[{"count":0,"href":"https:\/\/www.vizyon2023.com.tr\/index.php\/wp-json\/wp\/v2\/posts\/3097\/revisions"}],"wp:featuredmedia":[{"embeddable":true,"href":"https:\/\/www.vizyon2023.com.tr\/index.php\/wp-json\/wp\/v2\/media\/3098"}],"wp:attachment":[{"href":"https:\/\/www.vizyon2023.com.tr\/index.php\/wp-json\/wp\/v2\/media?parent=3097"}],"wp:term":[{"taxonomy":"category","embeddable":true,"href":"https:\/\/www.vizyon2023.com.tr\/index.php\/wp-json\/wp\/v2\/categories?post=3097"},{"taxonomy":"post_tag","embeddable":true,"href":"https:\/\/www.vizyon2023.com.tr\/index.php\/wp-json\/wp\/v2\/tags?post=3097"}],"curies":[{"name":"wp","href":"https:\/\/api.w.org\/{rel}","templated":true}]}}