{"id":3093,"date":"2018-03-23T10:33:20","date_gmt":"2018-03-23T08:33:20","guid":{"rendered":"http:\/\/www.vizyon2023.com.tr\/index.php\/2018\/03\/23\/mhp-genel-baskani-bahceliden-regaip-kandili-mesaji\/"},"modified":"2018-03-23T10:33:20","modified_gmt":"2018-03-23T08:33:20","slug":"mhp-genel-baskani-bahceliden-regaip-kandili-mesaji","status":"publish","type":"post","link":"https:\/\/www.vizyon2023.com.tr\/index.php\/2018\/03\/23\/mhp-genel-baskani-bahceliden-regaip-kandili-mesaji\/","title":{"rendered":"MHP Genel Ba\u015fkan\u0131 Bah\u00e7eli&#8217;den Regaip Kandili mesaj\u0131"},"content":{"rendered":"<p>MHP Genel Ba\u015fkan\u0131 Devlet Bah\u00e7eli, sosyal payla\u015f\u0131m sitesi Twitter&#8217;daki hesab\u0131ndan yapt\u0131\u011f\u0131 payla\u015f\u0131mda, m\u00fcbarek Regaip Kandili&#8217;nin idrak edildi\u011fi bu gecenin \u00f6ncelikle g\u00fczelliklere vesile olmas\u0131n\u0131, manevi toparlanma ihtiyac\u0131n\u0131n g\u00fc\u00e7lenmesine t\u00fcm\u00fcyle ortam a\u00e7mas\u0131n\u0131 Cenab-\u0131 Allah&#8217;tan niyaz ve murat etti\u011fini belirtti.<\/p>\n<p>Regaib Kandili pek \u00e7ok ihsan\u0131n m\u00fcjdesidir. Bu gece manen temizlenmenin, vicdanen ar\u0131nman\u0131n f\u0131rsat\u0131 ve fazilet kayna\u011f\u0131d\u0131r. \u0130nan\u0131yorum ki Kandil m\u00fcnasebetiyle af ve merhamet kap\u0131lar\u0131 ard\u0131na kadar a\u00e7\u0131lacakt\u0131r.<\/p>\n<p>\u2014 Devlet Bah\u00e7eli (@dbdevletbahceli) 22 Mart 2018<\/p>\n<p>Regaip Kandili&#8217;nin pek \u00e7ok ihsan\u0131n m\u00fcjdesi oldu\u011funu vurgulayan Bah\u00e7eli, bu gecenin manen temizlenmenin, vicdanen ar\u0131nman\u0131n f\u0131rsat\u0131 ve fazilet kayna\u011f\u0131 oldu\u011funu ifade etti.<\/p>\n<p>Kandil m\u00fcnasebetiyle af ve merhamet kap\u0131lar\u0131n\u0131n ard\u0131na kadar a\u00e7\u0131laca\u011f\u0131na inand\u0131\u011f\u0131n\u0131 belirten Bah\u00e7eli, \u015funlar\u0131 kaydetti:<\/p>\n<p>&#8220;Duan\u0131n g\u00fcc\u00fcyle g\u00fcnahkarlara a\u015f\u0131lmaz duvar \u00f6ren ihlasl\u0131 y\u00fcrekler, iman ve irfan\u0131n\u0131n hikmetiyle k\u00f6t\u00fcl\u00fckleri def eden tertemiz kalpler, istikbalimizin g\u00fcvenceleri, varl\u0131\u011f\u0131m\u0131z\u0131n manevi g\u00fcvenli\u011fidirler. Bug\u00fcnk\u00fc kutlu gecede milli beka i\u00e7in var\u0131n\u0131 yo\u011funu seferber eden kahramanlara Allah yard\u0131m etsin diyorum. Aziz \u015fehitlerimizi rahmet, minnet, \u015f\u00fckranla an\u0131yorum. Aziz milletimizin, T\u00fcrk-\u0130slam aleminin Regaip Kandili&#8217;ini i\u00e7tenlikle ve samimiyetle kutluyor, semaya a\u00e7\u0131lan ellerin geri \u00e7evrilmeyece\u011fine g\u00f6n\u00fclden inan\u0131yorum.<\/p>\n<p>Bug\u00fcnk\u00fc kutlu gecede milli beka i\u00e7in var\u0131n\u0131 yo\u011funu seferber eden kahramanlara Allah yard\u0131m etsin diyorum. Aziz \u015fehitlerimizi rahmet, minnet, \u015f\u00fckranla an\u0131yorum.<\/p>\n<p>\u2014 Devlet Bah\u00e7eli (@dbdevletbahceli) 22 Mart 2018<\/p>\n<p>Niyaz\u0131m odur ki, Kandilimiz m\u00fcbarek, gelece\u011fimiz ayd\u0131nl\u0131k, bin y\u0131ll\u0131k karde\u015fli\u011fimiz daim, milli birli\u011fimiz, kadim beraberli\u011fimiz, tarihi ba\u011f\u0131ms\u0131zl\u0131\u011f\u0131m\u0131z sonsuza kadar var olsun diyor, b\u00fct\u00fcn karde\u015flerimi, b\u00fct\u00fcn vatanda\u015flar\u0131m\u0131 hasretle selaml\u0131yor, sevgi ve sayg\u0131lar\u0131m\u0131 sunuyorum.&#8221;<\/p>\n<p>Niyaz\u0131m odur ki; Kandilimiz m\u00fcbarek, gelece\u011fimiz ayd\u0131nl\u0131k, bin y\u0131ll\u0131k karde\u015fli\u011fimiz daim; milli birli\u011fimiz, kadim beraberli\u011fimiz, tarihi ba\u011f\u0131ms\u0131zl\u0131\u011f\u0131m\u0131z sonsuza kadar var olsun diyor, b\u00fct\u00fcn karde\u015flerimi, b\u00fct\u00fcn vatanda\u015flar\u0131m\u0131 hasretle selaml\u0131yor sevgi ve sayg\u0131lar\u0131m\u0131 sunuyorum.<\/p>\n<p>\u2014 Devlet Bah\u00e7eli (@dbdevletbahceli) 22 Mart 2018<\/p>\n<p>Kaynak: AA<\/p>\n","protected":false},"excerpt":{"rendered":"<p>MHP Genel Ba\u015fkan\u0131 Devlet Bah\u00e7eli, T\u00fcrk-\u0130slam aleminin Regaip Kandili&#8217;ni kutlayarak, &#8220;Aziz \u015fehitlerimizi rahmet, minnet, \u015f\u00fckranla an\u0131yorum.&#8221; dedi.<\/p>\n","protected":false},"author":8,"featured_media":3094,"comment_status":"open","ping_status":"closed","sticky":false,"template":"","format":"standard","meta":[],"categories":[85],"tags":[],"_links":{"self":[{"href":"https:\/\/www.vizyon2023.com.tr\/index.php\/wp-json\/wp\/v2\/posts\/3093"}],"collection":[{"href":"https:\/\/www.vizyon2023.com.tr\/index.php\/wp-json\/wp\/v2\/posts"}],"about":[{"href":"https:\/\/www.vizyon2023.com.tr\/index.php\/wp-json\/wp\/v2\/types\/post"}],"author":[{"embeddable":true,"href":"https:\/\/www.vizyon2023.com.tr\/index.php\/wp-json\/wp\/v2\/users\/8"}],"replies":[{"embeddable":true,"href":"https:\/\/www.vizyon2023.com.tr\/index.php\/wp-json\/wp\/v2\/comments?post=3093"}],"version-history":[{"count":0,"href":"https:\/\/www.vizyon2023.com.tr\/index.php\/wp-json\/wp\/v2\/posts\/3093\/revisions"}],"wp:featuredmedia":[{"embeddable":true,"href":"https:\/\/www.vizyon2023.com.tr\/index.php\/wp-json\/wp\/v2\/media\/3094"}],"wp:attachment":[{"href":"https:\/\/www.vizyon2023.com.tr\/index.php\/wp-json\/wp\/v2\/media?parent=3093"}],"wp:term":[{"taxonomy":"category","embeddable":true,"href":"https:\/\/www.vizyon2023.com.tr\/index.php\/wp-json\/wp\/v2\/categories?post=3093"},{"taxonomy":"post_tag","embeddable":true,"href":"https:\/\/www.vizyon2023.com.tr\/index.php\/wp-json\/wp\/v2\/tags?post=3093"}],"curies":[{"name":"wp","href":"https:\/\/api.w.org\/{rel}","templated":true}]}}