{"id":3075,"date":"2018-03-22T10:04:31","date_gmt":"2018-03-22T08:04:31","guid":{"rendered":"http:\/\/www.vizyon2023.com.tr\/index.php\/2018\/03\/22\/oso-afrinde-ypgpkk-cephanesi-buldu\/"},"modified":"2018-03-22T10:04:31","modified_gmt":"2018-03-22T08:04:31","slug":"oso-afrinde-ypgpkk-cephanesi-buldu","status":"publish","type":"post","link":"https:\/\/www.vizyon2023.com.tr\/index.php\/2018\/03\/22\/oso-afrinde-ypgpkk-cephanesi-buldu\/","title":{"rendered":"\u00d6SO Afrin\u2019de YPG\/PKK cephanesi buldu"},"content":{"rendered":"<p>Afrin b\u00f6lgesinin tamam\u0131na yak\u0131n\u0131n\u0131 ter\u00f6ristlerden temizleyen TSK ve \u00d6SO, \u015fehrin patlay\u0131c\u0131lardan temizlenmesi ve hayat\u0131n normale d\u00f6nmesi i\u00e7in \u00e7al\u0131\u015fmalar y\u00fcr\u00fct\u00fcyor.<\/p>\n<p>\u00d6SO&#8217;nun Afrin merkezinin 200 metre yak\u0131n\u0131ndaki Mestura k\u00f6y\u00fcnde yapt\u0131\u011f\u0131 aramada ter\u00f6ristlere ait \u00e7ok say\u0131da f\u00fcze, havan mermileri, roket, el yap\u0131m\u0131 patlay\u0131c\u0131lar ve a\u011f\u0131r silah m\u00fchimmat\u0131 ele ge\u00e7irildi.<\/p>\n<p>\u00d6SO komutanlar\u0131ndan Ebu Cafer, Ayn Hacar, Mestura ile Kastal Ki\u015fik k\u00f6ylerini ter\u00f6r \u00f6rg\u00fct\u00fcnden kurtard\u0131klar\u0131n\u0131 s\u00f6yledi.<\/p>\n<p>Cafer, &#8220;PKK&#8217;n\u0131n karargah olarak kulland\u0131\u011f\u0131 bir binada hafif, orta ve a\u011f\u0131r silah m\u00fchimmat\u0131, Grad f\u00fczesi, havan mermileri ve el yap\u0131m\u0131 patlay\u0131c\u0131lar ele ge\u00e7irdik&#8221; dedi.<\/p>\n<p>Mestura k\u00f6y\u00fc sakinlerinden Um Hasan, PYD\/PKK &#8216;n\u0131n kendilerini bodruma kapatt\u0131\u011f\u0131na dikkati \u00e7ekerek, &#8220;10 g\u00fcn bir yere \u00e7\u0131kamad\u0131k. \u00c7ocuk bezi, s\u00fct, su ve yemek yok. Hepimiz hastaland\u0131k&#8221; ifadelerini kulland\u0131.<\/p>\n<p>Bir di\u011fer k\u00f6y sakini Cemile Abdurrahman da 10 g\u00fcnd\u00fcr evde olduklar\u0131n\u0131, a\u00e7l\u0131ktan ve pislikten peri\u015fan halde olduklar\u0131n\u0131 s\u00f6yledi.<\/p>\n<p>Kaynak: AA<\/p>\n","protected":false},"excerpt":{"rendered":"<p>\u00d6zg\u00fcr Suriye Ordusu&#8217;nun Afrin \u015fehir merkezi yak\u0131n\u0131ndaki Mestura k\u00f6y\u00fcnde yapt\u0131\u011f\u0131 aramada, ter\u00f6ristlere ait \u00e7ok say\u0131da f\u00fcze ve el yap\u0131m\u0131 patlay\u0131c\u0131 ele ge\u00e7irildi.<\/p>\n","protected":false},"author":1000097,"featured_media":3076,"comment_status":"open","ping_status":"closed","sticky":false,"template":"","format":"standard","meta":[],"categories":[85],"tags":[],"_links":{"self":[{"href":"https:\/\/www.vizyon2023.com.tr\/index.php\/wp-json\/wp\/v2\/posts\/3075"}],"collection":[{"href":"https:\/\/www.vizyon2023.com.tr\/index.php\/wp-json\/wp\/v2\/posts"}],"about":[{"href":"https:\/\/www.vizyon2023.com.tr\/index.php\/wp-json\/wp\/v2\/types\/post"}],"author":[{"embeddable":true,"href":"https:\/\/www.vizyon2023.com.tr\/index.php\/wp-json\/wp\/v2\/users\/1000097"}],"replies":[{"embeddable":true,"href":"https:\/\/www.vizyon2023.com.tr\/index.php\/wp-json\/wp\/v2\/comments?post=3075"}],"version-history":[{"count":0,"href":"https:\/\/www.vizyon2023.com.tr\/index.php\/wp-json\/wp\/v2\/posts\/3075\/revisions"}],"wp:featuredmedia":[{"embeddable":true,"href":"https:\/\/www.vizyon2023.com.tr\/index.php\/wp-json\/wp\/v2\/media\/3076"}],"wp:attachment":[{"href":"https:\/\/www.vizyon2023.com.tr\/index.php\/wp-json\/wp\/v2\/media?parent=3075"}],"wp:term":[{"taxonomy":"category","embeddable":true,"href":"https:\/\/www.vizyon2023.com.tr\/index.php\/wp-json\/wp\/v2\/categories?post=3075"},{"taxonomy":"post_tag","embeddable":true,"href":"https:\/\/www.vizyon2023.com.tr\/index.php\/wp-json\/wp\/v2\/tags?post=3075"}],"curies":[{"name":"wp","href":"https:\/\/api.w.org\/{rel}","templated":true}]}}