{"id":3073,"date":"2018-03-22T10:03:52","date_gmt":"2018-03-22T08:03:52","guid":{"rendered":"http:\/\/www.vizyon2023.com.tr\/index.php\/2018\/03\/22\/cumhurbaskani-erdogandan-abdye-munbic-tepkisi\/"},"modified":"2018-03-22T10:03:52","modified_gmt":"2018-03-22T08:03:52","slug":"cumhurbaskani-erdogandan-abdye-munbic-tepkisi","status":"publish","type":"post","link":"https:\/\/www.vizyon2023.com.tr\/index.php\/2018\/03\/22\/cumhurbaskani-erdogandan-abdye-munbic-tepkisi\/","title":{"rendered":"Cumhurba\u015fkan\u0131 Erdo\u011fan&#8217;dan ABD&#8217;ye &#8216;M\u00fcnbi\u00e7&#8217; tepkisi"},"content":{"rendered":"<p>Cumhurba\u015fkan\u0131 Recep Tayyip Erdo\u011fan, Be\u015ftepe Millet K\u00fclt\u00fcr ve Kongre Merkezi&#8217;nde &#8220;Milletimizle Birlikte Daha Ye\u015fil T\u00fcrkiye Bulu\u015fmas\u0131&#8221; etkinli\u011finde konu\u015ftu.<\/p>\n<p>Cumhurba\u015fkan\u0131 Recep Tayyip Erdo\u011fan&#8217;\u0131n a\u00e7\u0131klamalar\u0131ndan \u00f6ne \u00e7\u0131kan ba\u015fl\u0131klar:<\/p>\n<p><strong>&#8220;Biz PKK&#8217;n\u0131n nevruzunu de\u011fil, inananlar\u0131n kutlad\u0131\u011f\u0131 nevruzu kutluyoruz&#8221;<\/strong><\/p>\n<p>21. Mart ayn\u0131 zamanda pek \u00e7ok yerde kutlanan Nevruz g\u00fcn\u00fcd\u00fcr. Cemrelerin \u015fubat\u0131n ikinci yar\u0131s\u0131ndan ba\u015flayarak birer hafta arayla havaya, suya, topa\u011fa d\u00fc\u015fmesinin ard\u0131ndan 21 Mart&#8217;ta Nevruzu kutluyoruz. Biz tabii PKK&#8217;n\u0131n nevruzunu de\u011fil, inananlar\u0131n kutlad\u0131\u011f\u0131 nevruzu kutluyoruz. Farkl\u0131 anlamlar y\u00fckleyenler var, biz ne anlam y\u00fckl\u00fcyoruz ona bakal\u0131m.<\/p>\n<p><strong>&#8220;Orman alanlar\u0131m\u0131z\u0131 233 milyon dekara \u00e7\u0131kard\u0131k&#8221;<\/strong><\/p>\n<p>Karde\u015flerim, T\u00fcrkiye son 15 y\u0131lda 4 milyar 39 milyon fidan\u0131 toprakla bulu\u015fturmu\u015f bir \u00fclke olarak d\u00fcnya ormanc\u0131l\u0131k g\u00fcn\u00fcn\u00fc g\u00f6\u011fs\u00fcn\u00fc kabartarak kutlama hakk\u0131na sahiptir. Orman alanlar\u0131m\u0131z\u0131 15 milyon dekar art\u0131rarak 208 milyon dekardan, 223 milyon dekara \u00e7\u0131karm\u0131\u015f olmam\u0131z ger\u00e7ekten iftihar vericidir. K\u0131yametin kopaca\u011f\u0131n\u0131 bilsek dahi elimizdeki fidan\u0131 dikmeyi tavsiye eden bir peygamberin \u00fcmmeti olarak bu tablo kar\u015f\u0131s\u0131nda gurur duymamak m\u00fcmk\u00fcn de\u011fildir.<\/p>\n<p><strong>&#8220;Orman varl\u0131\u011f\u0131n\u0131 art\u0131ran az say\u0131daki \u00fclkeler aras\u0131nda yerimizi ald\u0131k&#8221;<\/strong><\/p>\n<p>\u00dclkemizde bir d\u00f6nem gecekondular, \u00e7irkin binalarla, plans\u0131z yap\u0131la\u015fmayla nas\u0131l \u015fehircilik facialar\u0131 ya\u015fad\u0131ysak, orman varl\u0131\u011f\u0131m\u0131z\u0131n, a\u011fa\u00e7lar\u0131m\u0131z\u0131n, ye\u015filli\u011fimizin de hoyrat\u00e7a tahrip edildi\u011fine hep \u015fahit olduk. Biz di\u011fer alanlarda oldu\u011fu gibi ormanlar\u0131m\u0131z konusunda da tabloyu tersine \u00e7evirmek i\u00e7in 15 y\u0131ld\u0131r kararl\u0131 ad\u0131mlar at\u0131yoruz. B\u00f6ylece d\u00fcnyada orman varl\u0131\u011f\u0131n\u0131 art\u0131ran az say\u0131daki \u00fclkeler aras\u0131nda bizler yerimizi ald\u0131k.<\/p>\n<p><strong>&#8220;T\u00fcm projelerimizde ye\u015fillendirmeye \u00f6nem verdik&#8221;<\/strong><\/p>\n<p>Ecdad\u0131m\u0131z, in\u015fa etti\u011fi \u015fehirlere, ibadethanelere, kamu binalar\u0131na, okullara, saraylara, k\u00f6\u015fklere velhas\u0131l g\u00fczelle\u015ftirmek istedi\u011fi her yere ta\u015fla, tu\u011flayla, ah\u015fapla birlikte ye\u015fili yerle\u015ftirmeyi de ihmal etmemi\u015ftir. Biz de ecdad\u0131m\u0131zdan ald\u0131\u011f\u0131m\u0131z ilhamla t\u00fcm projelerimizde en az binalar\u0131n mimarisi kadar \u00e7evresini ye\u015fillendirmeye de \u00e7ok \u00f6nem verdik. \u0130\u015fte bizim K\u00fclliye&#8217;miz&#8230; Daha \u00e7ok ah\u015fap hakim bir yap\u0131. \u00c7evreye \u00e7\u0131kt\u0131\u011f\u0131n\u0131z zaman \u00e7evrede ta\u015f\u0131 g\u00f6r\u00fcrs\u00fcn\u00fcz, \u00e7evrede ye\u015fili g\u00f6r\u00fcrs\u00fcn\u00fcz.<\/p>\n<p><strong>&#8220;Orman varl\u0131\u011f\u0131m\u0131z\u0131 y\u00fczde 30&#8217;a \u00e7\u0131karaca\u011f\u0131z&#8221;<\/strong><\/p>\n<p>Bug\u00fcn burada, &#8220;Daha Ye\u015fil Bir T\u00fcrkiye&#8217;yi Birlikte \u0130n\u015fa Edelim&#8221; slogan\u0131yla yeni bir hamle ba\u015flat\u0131yoruz. Amac\u0131m\u0131z, halen \u00fclkemizin y\u00fczde 28,6&#8217;s\u0131n\u0131 kaplayan orman varl\u0131\u011f\u0131m\u0131z\u0131, 2023 y\u0131l\u0131nda y\u00fczde 30&#8217;a \u00e7\u0131karmakt\u0131r. Bunun i\u00e7in t\u00fcm vatanda\u015flar\u0131m\u0131z\u0131, orman varl\u0131\u011f\u0131m\u0131z\u0131 art\u0131rma kampanyam\u0131za kat\u0131lmaya davet ediyorum.<\/p>\n<p><strong>&#8216;Mektup&#8217; ele\u015ftirilerine yan\u0131t<\/strong><\/p>\n<p>Bu projenin ayn\u0131 zamanda internetin ve cep telefonunun yayg\u0131nla\u015fmas\u0131yla art\u0131k hayat\u0131m\u0131zdan \u00e7\u0131kma noktas\u0131na gelen mektubun ya\u015fat\u0131lmas\u0131 y\u00f6n\u00fcnde de ad\u0131m olaca\u011f\u0131na inan\u0131yorum. Birileri kampanya yap\u0131yor. Hem ye\u015filden bahsediyorsunuz, hem ormandan bahsediyorsunuz, hem a\u011fa\u00e7lar\u0131 keserek israfa gidiyorsunuz diyorsunuz. Ne alakas\u0131 var ya. Ormanlarda bu duruma gelmi\u015f a\u011fa\u00e7lar kesilir, temizlenir. Onlar kendi sekt\u00f6rlerinde vs. bunlar kullan\u0131l\u0131r. Gazetecilik, b\u00fct\u00fcn bu gazete ka\u011f\u0131tlar\u0131 vs. \u00e7ok \u00e7ok kalite, verimli olan a\u011fa\u00e7lardan m\u0131 \u00fcretiliyor san\u0131yorsun. Zarf, ka\u011f\u0131t bunlardan elde ediliyor.<\/p>\n<p><strong>&#8220;Sald\u0131r\u0131 alt\u0131nda olmam\u0131za ra\u011fmen en b\u00fcy\u00fck at\u0131l\u0131mlar\u0131 ger\u00e7ekle\u015ftirdik&#8221;<\/strong><\/p>\n<p>A\u011fa\u00e7 kesiliyor denilerek fitili ate\u015flenen gezi olaylar\u0131ndan beri kesintisiz bir sald\u0131r\u0131 alt\u0131nda olmam\u0131za ra\u011fmen yak\u0131n tarihimizin en b\u00fcy\u00fck at\u0131l\u0131mlar\u0131n\u0131 ger\u00e7ekle\u015ftirdik.<\/p>\n<p><strong>&#8220;15 Temmuz&#8217;dan bir ay sonra F\u0131rat Kalkan\u0131&#8217;n\u0131 ba\u015flatt\u0131k&#8221;<\/strong><\/p>\n<p>Gece g\u00fcnd\u00fcz demeden her kar\u0131\u015f toprakta \u00e7al\u0131\u015faca\u011f\u0131z. Tabi bakt\u0131lar ki en sonunda olmuyor. S\u0131n\u0131rlar\u0131m\u0131z boyunca bizi ku\u015fatmaya kalkt\u0131lar. M\u00fcttefik dedi\u011fimiz \u00fclkelerin bizzat donatt\u0131\u011f\u0131, organize etti\u011fi, \u00f6n\u00fcn\u00fc a\u00e7t\u0131\u011f\u0131 bir ter\u00f6r \u00f6rg\u00fct\u00fc vas\u0131tas\u0131yla koskoca Ortado\u011fu ve Kuzey Afrika co\u011frafyas\u0131ndan t\u00fcm\u00fcyle kopart\u0131lmaya \u00e7al\u0131\u015f\u0131ld\u0131k. Bunun \u00fczerine art\u0131k ter\u00f6r \u00f6rg\u00fctleriyle m\u00fccadelemizi kendi topraklar\u0131m\u0131zda de\u011fil bizatihi kayna\u011f\u0131nda, yerinde yapaca\u011f\u0131z dedik ve hemen harekete ge\u00e7tik.<\/p>\n<p>15 Temmuz&#8217;da bizi fel\u00e7 etmeye \u00e7al\u0131\u015fanlara dimdik ayakta oldu\u011fumuzun cevab\u0131n\u0131 hemen bir ay sonra F\u0131rat Kalkan\u0131 Harekat\u0131&#8217;n\u0131 ba\u015flatt\u0131k.<\/p>\n<p><strong>&#8220;3698 ter\u00f6rist etkisiz hale getirildi&#8221;<\/strong><\/p>\n<p>Ard\u0131ndan Kuzey Irak&#8217;ta oynanmaya \u00e7al\u0131\u015f\u0131lan oyunu bozduk. Durmad\u0131k, Zeytin Dal\u0131 Harekat\u0131&#8217;yla bu defa Afrin b\u00f6lgesinde \u00fclkemize y\u00f6nelik olarak yap\u0131lan tahkimat\u0131, a\u00e7\u0131lan t\u00fcnelleri g\u00f6rd\u00fcn\u00fcz de\u011fil mi? Y\u0131\u011f\u0131lan silahlar\u0131 g\u00f6rd\u00fcn\u00fcz de\u011fil mi? D\u00fcnya kadar silah&#8230; Onlar silah y\u0131\u011fd\u0131lar, \u015fimdi de biz o silahlar\u0131 toplad\u0131k. Haram para bir yerlere gidecek ya. Hamdolsun bu harekat\u0131m\u0131z da ba\u015far\u0131yla s\u00fcr\u00fcyor. Toplant\u0131ya girerken sordum. &#8216;\u015eu anda etkisiz hale getirilen ter\u00f6ristlerin say\u0131s\u0131 ne oldu&#8217; dedim: 3698.<\/p>\n<p><strong>&#8220;Devam ederse daha ileri gideriz&#8221;<\/strong><\/p>\n<p>Tabii PKK rahat durmuyor. Bu sefer Irak&#8217;ta bunlar hareketlenmeye ba\u015flad\u0131lar. Irak\u2019ta ba\u015flay\u0131nca hat\u0131rl\u0131yorsan\u0131z yine bir konu\u015fma yapt\u0131m. Dedim ki: &#8220;Bak e\u011fer Irak Merkezi Y\u00f6netimi bu PKK&#8217;y\u0131 temizlemezse biz temizleriz.&#8221; \u0130ki g\u00fcn i\u00e7erisinde Kuzey Irak&#8217;ta 38 tane PKK&#8217;l\u0131y\u0131 etkisiz hale getirdik. E\u011fer bu devam ederse daha ileri gideriz.<\/p>\n<p><strong>&#8220;Huzur ortam\u0131n\u0131 bir an \u00f6nce sa\u011flayaca\u011f\u0131z&#8221;<\/strong><\/p>\n<p>Afrin \u015fehir merkezi kontrol alt\u0131na al\u0131nd\u0131. Hemen s\u00fcratle okullar\u0131 bak\u0131ma ald\u0131k. Hastaneleri, hepsini bak\u0131ma al\u0131yoruz. Oralar\u0131n kontrol\u00fcn\u00fc, y\u00f6netimini, hepsini bak\u0131m\u0131m\u0131z alt\u0131na al\u0131yoruz ve huzurlu bir ortam\u0131 bir an \u00f6nce orada sa\u011flayaca\u011f\u0131z.<\/p>\n<p><strong>&#8220;Sizin orada bulunmaya hakk\u0131n\u0131z yok&#8221;<\/strong><\/p>\n<p>Defalarca ilan etti\u011fimiz operasyonlar\u0131m\u0131z\u0131n bundan sonraki hedefleri konusunda ileri geri konu\u015fuyorlar. M\u00fcnbi\u00e7&#8217;ten \u00e7\u0131kmayacaklarm\u0131\u015f. Sizin orada bulunmaya hakk\u0131n\u0131z yok. 11 bin kilometreden kalk\u0131p buraya niye geliyorsun? Bu topraklar senin mi?Neredeyse birka\u00e7 y\u0131l ge\u00e7ti ama de\u011fi\u015fen bir \u015fey olmad\u0131. Bu ter\u00f6ristlerin bize kar\u015f\u0131 sava\u015fmak i\u00e7in haz\u0131r bekletildi\u011fi anla\u015f\u0131l\u0131yor. Bu kadar silah buraya niye geliyor?<\/p>\n<p><strong>&#8220;S\u0131n\u0131r\u0131n \u00f6tesinde T\u00fcrkiye var&#8221;<\/strong><\/p>\n<p>911 kilometre s\u0131n\u0131r\u0131m\u0131z var. 350 kilometre de Irak s\u0131n\u0131r\u0131 var. Bu silahlar buraya niye geliyor. Demek ki s\u0131n\u0131r\u0131n \u00f6tesinde T\u00fcrkiye var. T\u00fcrkiye veya \u0130ran&#8217;a kar\u015f\u0131 kullanacaks\u0131n. Rusya&#8217;yla b\u00f6yle bir \u015feye giri\u015femez. 3. D\u00fcnya Sava\u015f\u0131 \u00e7\u0131kar.<\/p>\n","protected":false},"excerpt":{"rendered":"<p>Cumhurba\u015fkan\u0131 Recep Tayyip Erdo\u011fan, ABD&#8217;nin M\u00fcnbi\u00e7 a\u00e7\u0131klamalar\u0131na tepki g\u00f6stererek, &#8220;M\u00fcnbi\u00e7&#8217;ten \u00e7\u0131kmayacaklarm\u0131\u015f. Sizin orada bulunmaya hakk\u0131n\u0131z yok&#8221; dedi.<\/p>\n","protected":false},"author":1000097,"featured_media":3074,"comment_status":"open","ping_status":"closed","sticky":false,"template":"","format":"standard","meta":[],"categories":[85],"tags":[],"_links":{"self":[{"href":"https:\/\/www.vizyon2023.com.tr\/index.php\/wp-json\/wp\/v2\/posts\/3073"}],"collection":[{"href":"https:\/\/www.vizyon2023.com.tr\/index.php\/wp-json\/wp\/v2\/posts"}],"about":[{"href":"https:\/\/www.vizyon2023.com.tr\/index.php\/wp-json\/wp\/v2\/types\/post"}],"author":[{"embeddable":true,"href":"https:\/\/www.vizyon2023.com.tr\/index.php\/wp-json\/wp\/v2\/users\/1000097"}],"replies":[{"embeddable":true,"href":"https:\/\/www.vizyon2023.com.tr\/index.php\/wp-json\/wp\/v2\/comments?post=3073"}],"version-history":[{"count":0,"href":"https:\/\/www.vizyon2023.com.tr\/index.php\/wp-json\/wp\/v2\/posts\/3073\/revisions"}],"wp:featuredmedia":[{"embeddable":true,"href":"https:\/\/www.vizyon2023.com.tr\/index.php\/wp-json\/wp\/v2\/media\/3074"}],"wp:attachment":[{"href":"https:\/\/www.vizyon2023.com.tr\/index.php\/wp-json\/wp\/v2\/media?parent=3073"}],"wp:term":[{"taxonomy":"category","embeddable":true,"href":"https:\/\/www.vizyon2023.com.tr\/index.php\/wp-json\/wp\/v2\/categories?post=3073"},{"taxonomy":"post_tag","embeddable":true,"href":"https:\/\/www.vizyon2023.com.tr\/index.php\/wp-json\/wp\/v2\/tags?post=3073"}],"curies":[{"name":"wp","href":"https:\/\/api.w.org\/{rel}","templated":true}]}}