{"id":3066,"date":"2018-03-21T09:52:45","date_gmt":"2018-03-21T07:52:45","guid":{"rendered":"http:\/\/www.vizyon2023.com.tr\/index.php\/2018\/03\/21\/basbakan-binali-yildirim-terore-karsi-kararliligimizdan-asla-vazgecmeyecegiz\/"},"modified":"2018-03-21T09:52:45","modified_gmt":"2018-03-21T07:52:45","slug":"basbakan-binali-yildirim-terore-karsi-kararliligimizdan-asla-vazgecmeyecegiz","status":"publish","type":"post","link":"https:\/\/www.vizyon2023.com.tr\/index.php\/2018\/03\/21\/basbakan-binali-yildirim-terore-karsi-kararliligimizdan-asla-vazgecmeyecegiz\/","title":{"rendered":"Ba\u015fbakan Binali Y\u0131ld\u0131r\u0131m: Ter\u00f6re kar\u015f\u0131 kararl\u0131l\u0131\u011f\u0131m\u0131zdan asla vazge\u00e7meyece\u011fiz"},"content":{"rendered":"<p>Ba\u015fbakan Binali Y\u0131ld\u0131r\u0131m, Be\u015ftepe&#8217;de ger\u00e7ekle\u015ftirilen 101 \u0130l\u00e7eye Do\u011falgaz Da\u011f\u0131t\u0131m T\u00f6reni&#8217;nde konu\u015ftu.<\/p>\n<p>Y\u0131ld\u0131r\u0131m&#8217;\u0131n konu\u015fmas\u0131ndan sat\u0131r ba\u015flar\u0131 \u015f\u00f6yle:<\/p>\n<p>&#8220;Bug\u00fcn oldu\u011fu gibi bundan sonra da \u00fclkemize y\u00f6nelen her ter\u00f6r tehdidini ayn\u0131 kararl\u0131l\u0131kla bertaraf edece\u011fimizden kimsenin \u015f\u00fcphesi olmas\u0131n.&#8221;<\/p>\n<p>&#8220;Ter\u00f6rle i\u015f birli\u011fi yapan, ter\u00f6r \u00f6rg\u00fctlerini destekleyen \u00fclkelere sormak istiyorum: Ter\u00f6re arka \u00e7\u0131karak b\u00fct\u00fcn insanl\u0131\u011f\u0131n gelece\u011fini tehlike alt\u0131na att\u0131\u011f\u0131n\u0131z\u0131 d\u00fc\u015f\u00fcnemiyor musunuz? Sizler b\u00f6ylesine tutars\u0131z ve sorumsuz hareket ederken bilesiniz ki T\u00fcrkiye olarak biz ter\u00f6re kar\u015f\u0131 kararl\u0131l\u0131\u011f\u0131m\u0131zdan asla vazge\u00e7meyece\u011fiz.&#8221;<\/p>\n<p><strong>&#8220;78 ilimiz do\u011falgaza kavu\u015ftu&#8221;<\/strong><\/p>\n<p>&#8220;2002&#8217;de 6 ilimiz do\u011falgaz ile tan\u0131\u015fm\u0131\u015ft\u0131, 16 y\u0131l aradan sonra 78 ilimiz do\u011falgaz ile bulu\u015ftu. 3 ilimiz de bu y\u0131l i\u00e7inde do\u011falgaza kavu\u015facak. B\u00f6ylece do\u011falgaz olmayan ilimiz kalmayacak. 400&#8217;\u00fcn \u00fczerinde il\u00e7e ve beldede do\u011falgaz mevcut. N\u00fcfusumuzun y\u00fczde 77&#8217;si art\u0131k do\u011falgaz kullan\u0131yor.&#8221;<\/p>\n<p><strong>&#8220;TANAP bu sene i\u00e7inde tamamlanacak&#8221;<\/strong><\/p>\n<p>&#8220;Enerji kayna\u011f\u0131n\u0131 \u00e7e\u015fitlendirmek i\u00e7in projeler ger\u00e7ekle\u015ftiriyoruz. TANAP&#8217;\u0131 bu sene i\u00e7erisinde tamamlayaca\u011f\u0131z. T\u00fcrkmen gaz\u0131n\u0131n da bu projenin par\u00e7as\u0131 olmas\u0131 i\u00e7in \u00e7al\u0131\u015fmalar\u0131m\u0131z devam ediyor.&#8221;<\/p>\n<p><strong>&#8220;3. n\u00fckleer santral i\u00e7in \u00e7al\u0131\u015fmalar devam ediyor&#8221;<\/strong><\/p>\n<p>&#8220;Rusya ile Akkuyu N\u00fckleer G\u00fc\u00e7 Santrali Projesi ve Japonya ile N\u00fckleer G\u00fc\u00e7 santrali Projesi anla\u015fmalar\u0131n\u0131 yapt\u0131k. 3. n\u00fckleer santral projesini de hayata ge\u00e7irmek i\u00e7in bakanl\u0131\u011f\u0131m\u0131z \u00e7al\u0131\u015fmalar\u0131n\u0131 s\u00fcrd\u00fcr\u00fcyor.&#8221;<\/p>\n<p>Kaynak: TRTHaber<\/p>\n","protected":false},"excerpt":{"rendered":"<p>Ba\u015fbakan Binali Y\u0131ld\u0131r\u0131m, ter\u00f6re arka \u00e7\u0131kan \u00fclkeleri sorumsuzlukla su\u00e7layarak, &#8220;T\u00fcrkiye olarak biz ter\u00f6re kar\u015f\u0131 kararl\u0131l\u0131\u011f\u0131m\u0131zdan asla vazge\u00e7meyece\u011fiz&#8221; dedi.<\/p>\n","protected":false},"author":1000097,"featured_media":3067,"comment_status":"open","ping_status":"closed","sticky":false,"template":"","format":"standard","meta":[],"categories":[85],"tags":[],"_links":{"self":[{"href":"https:\/\/www.vizyon2023.com.tr\/index.php\/wp-json\/wp\/v2\/posts\/3066"}],"collection":[{"href":"https:\/\/www.vizyon2023.com.tr\/index.php\/wp-json\/wp\/v2\/posts"}],"about":[{"href":"https:\/\/www.vizyon2023.com.tr\/index.php\/wp-json\/wp\/v2\/types\/post"}],"author":[{"embeddable":true,"href":"https:\/\/www.vizyon2023.com.tr\/index.php\/wp-json\/wp\/v2\/users\/1000097"}],"replies":[{"embeddable":true,"href":"https:\/\/www.vizyon2023.com.tr\/index.php\/wp-json\/wp\/v2\/comments?post=3066"}],"version-history":[{"count":0,"href":"https:\/\/www.vizyon2023.com.tr\/index.php\/wp-json\/wp\/v2\/posts\/3066\/revisions"}],"wp:featuredmedia":[{"embeddable":true,"href":"https:\/\/www.vizyon2023.com.tr\/index.php\/wp-json\/wp\/v2\/media\/3067"}],"wp:attachment":[{"href":"https:\/\/www.vizyon2023.com.tr\/index.php\/wp-json\/wp\/v2\/media?parent=3066"}],"wp:term":[{"taxonomy":"category","embeddable":true,"href":"https:\/\/www.vizyon2023.com.tr\/index.php\/wp-json\/wp\/v2\/categories?post=3066"},{"taxonomy":"post_tag","embeddable":true,"href":"https:\/\/www.vizyon2023.com.tr\/index.php\/wp-json\/wp\/v2\/tags?post=3066"}],"curies":[{"name":"wp","href":"https:\/\/api.w.org\/{rel}","templated":true}]}}