{"id":3058,"date":"2018-03-21T09:48:27","date_gmt":"2018-03-21T07:48:27","guid":{"rendered":"http:\/\/www.vizyon2023.com.tr\/index.php\/2018\/03\/21\/cumhurbaskani-erdogandan-nevruz-mesaji\/"},"modified":"2018-03-21T09:48:27","modified_gmt":"2018-03-21T07:48:27","slug":"cumhurbaskani-erdogandan-nevruz-mesaji","status":"publish","type":"post","link":"https:\/\/www.vizyon2023.com.tr\/index.php\/2018\/03\/21\/cumhurbaskani-erdogandan-nevruz-mesaji\/","title":{"rendered":"Cumhurba\u015fkan\u0131 Erdo\u011fan&#8217;dan Nevruz mesaj\u0131"},"content":{"rendered":"<p>Cumhurba\u015fkan\u0131 Recep Tayyip Erdo\u011fan Nevruz mesaj\u0131nda, &#8220;Bin y\u0131ll\u0131k karde\u015fli\u011fimizin k\u00fcresel \u00e7\u0131kar kavgalar\u0131na kurban edilmek istendi\u011fi bu hassas s\u00fcre\u00e7te milletimizin t\u00fcm fertlerinin Nevruz\u2019u manas\u0131na uygun \u015fekilde bar\u0131\u015f i\u00e7inde kutlayacaklar\u0131na inan\u0131yorum&#8221; ifadelerini kulland\u0131.<\/p>\n<p>D\u00fcnya Nevruz G\u00fcn\u00fc&#8217;n\u00fc kutlayan Cumhurba\u015fkan\u0131 Erdo\u011fan&#8217;\u0131n a\u00e7\u0131klamalar\u0131 \u015f\u00f6yle:<\/p>\n<p>&#8220;Orta Asya\u2019dan Balkanlara kadar geni\u015f bir co\u011frafyada co\u015fkuyla kutlanan Nevruz, yeni ba\u015flang\u0131\u00e7lar\u0131n, umudun, karde\u015fli\u011fin ve dayan\u0131\u015fman\u0131n bayram\u0131d\u0131r.<\/p>\n<p>\u2018G\u00fcne\u015fin ko\u00e7 burcuna girdi\u011fi yeni g\u00fcn\u2019 olan Nevruz\u2019un, temsil etti\u011fi de\u011ferlere uygun bi\u00e7imde kutlanmas\u0131 son derece \u00f6nemlidir.<\/p>\n<p>Bahar\u0131 mu\u015ftulayan Nevruz\u2019un, karde\u015flik ba\u011flar\u0131m\u0131z\u0131n ve dayan\u0131\u015fmam\u0131z\u0131n daha da g\u00fc\u00e7lenmesine vesile olmas\u0131n\u0131 temenni ediyorum.<\/p>\n<p>Bin y\u0131ll\u0131k karde\u015fli\u011fimizin k\u00fcresel \u00e7\u0131kar kavgalar\u0131na kurban edilmek istendi\u011fi bu hassas s\u00fcre\u00e7te milletimizin t\u00fcm fertlerinin Nevruz\u2019u manas\u0131na uygun \u015fekilde bar\u0131\u015f i\u00e7inde kutlayacaklar\u0131na inan\u0131yorum.<\/p>\n<p>Bu d\u00fc\u015f\u00fcncelerle bahar\u0131n, bollu\u011fun ve bereketin bayram\u0131 Nevruz\u2019un milletimizle birlikte d\u00fcnyadaki t\u00fcm karde\u015flerimiz i\u00e7in hay\u0131rlara vesile olmas\u0131n\u0131 diliyorum.&#8221;<\/p>\n<p>Kaynak: TRT Haber<\/p>\n","protected":false},"excerpt":{"rendered":"<p>Cumhurba\u015fkan\u0131 Recep Tayyip Erdo\u011fan, 21 Mart D\u00fcnya Nevruz G\u00fcn\u00fc dolay\u0131s\u0131yla mesaj yay\u0131nlad\u0131.<\/p>\n","protected":false},"author":1000097,"featured_media":3059,"comment_status":"open","ping_status":"closed","sticky":false,"template":"","format":"standard","meta":[],"categories":[85],"tags":[],"_links":{"self":[{"href":"https:\/\/www.vizyon2023.com.tr\/index.php\/wp-json\/wp\/v2\/posts\/3058"}],"collection":[{"href":"https:\/\/www.vizyon2023.com.tr\/index.php\/wp-json\/wp\/v2\/posts"}],"about":[{"href":"https:\/\/www.vizyon2023.com.tr\/index.php\/wp-json\/wp\/v2\/types\/post"}],"author":[{"embeddable":true,"href":"https:\/\/www.vizyon2023.com.tr\/index.php\/wp-json\/wp\/v2\/users\/1000097"}],"replies":[{"embeddable":true,"href":"https:\/\/www.vizyon2023.com.tr\/index.php\/wp-json\/wp\/v2\/comments?post=3058"}],"version-history":[{"count":0,"href":"https:\/\/www.vizyon2023.com.tr\/index.php\/wp-json\/wp\/v2\/posts\/3058\/revisions"}],"wp:featuredmedia":[{"embeddable":true,"href":"https:\/\/www.vizyon2023.com.tr\/index.php\/wp-json\/wp\/v2\/media\/3059"}],"wp:attachment":[{"href":"https:\/\/www.vizyon2023.com.tr\/index.php\/wp-json\/wp\/v2\/media?parent=3058"}],"wp:term":[{"taxonomy":"category","embeddable":true,"href":"https:\/\/www.vizyon2023.com.tr\/index.php\/wp-json\/wp\/v2\/categories?post=3058"},{"taxonomy":"post_tag","embeddable":true,"href":"https:\/\/www.vizyon2023.com.tr\/index.php\/wp-json\/wp\/v2\/tags?post=3058"}],"curies":[{"name":"wp","href":"https:\/\/api.w.org\/{rel}","templated":true}]}}