{"id":3054,"date":"2018-03-21T09:46:58","date_gmt":"2018-03-21T07:46:58","guid":{"rendered":"http:\/\/www.vizyon2023.com.tr\/index.php\/2018\/03\/21\/basbakan-yildirimin-dunya-nevruz-gunu-mesaji\/"},"modified":"2018-03-21T09:46:58","modified_gmt":"2018-03-21T07:46:58","slug":"basbakan-yildirimin-dunya-nevruz-gunu-mesaji","status":"publish","type":"post","link":"https:\/\/www.vizyon2023.com.tr\/index.php\/2018\/03\/21\/basbakan-yildirimin-dunya-nevruz-gunu-mesaji\/","title":{"rendered":"Ba\u015fbakan Y\u0131ld\u0131r\u0131m&#8217;\u0131n D\u00fcnya Nevruz G\u00fcn\u00fc mesaj\u0131"},"content":{"rendered":"<p>Bahar mevsiminin bolluk ve bereketini, topra\u011f\u0131n dirili\u015fini m\u00fcjdeleyen nevruzu, millet\u00e7e el ele, g\u00f6n\u00fcl g\u00f6n\u00fcle kutlaman\u0131n mutluluk ve heyecan\u0131n\u0131n ya\u015fand\u0131\u011f\u0131n\u0131 s\u00f6yleyen Ba\u015fbakan Binali Y\u0131ld\u0131r\u0131m, &#8220;Balkanlar&#8217;dan Orta Do\u011fu&#8217;ya, Anadolu&#8217;dan Orta Asya&#8217;ya uzanan geni\u015f bir co\u011frafyada y\u00fczy\u0131llard\u0131r kutlanan nevruz, as\u0131rlard\u0131r oldu\u011fu gibi g\u00fcn\u00fcm\u00fczde de bar\u0131\u015f ve karde\u015fli\u011fimizi peki\u015ftiren bir simgedir&#8221; dedi.<\/p>\n<p>Y\u0131ld\u0131r\u0131m, mesaj\u0131nda \u015funlar\u0131 s\u00f6yledi:<\/p>\n<p>&#8220;Nevruzu kutlad\u0131\u011f\u0131m\u0131z bug\u00fcn, birli\u011fimizi ve beraberli\u011fimizi her zamankinden daha \u00e7ok \u00f6ne \u00e7\u0131kar\u0131yoruz. Bahar\u0131n geli\u015fini ve topra\u011f\u0131n uyan\u0131\u015f\u0131n\u0131 \u015fiddet ve nefretin gerek\u00e7esi k\u0131lanlara inat bu g\u00fczel g\u00fcnde millet\u00e7e, sevginin, bar\u0131\u015f\u0131n, karde\u015fli\u011fin evrensel dilini y\u00fcceltiyor, her t\u00fcr \u015fiddet ve ter\u00f6r\u00fcn kar\u015f\u0131s\u0131nda oldu\u011fumuzu g\u00f6steriyoruz. B\u00fct\u00fcn vatanda\u015flar\u0131m\u0131z\u0131n Nevruz Bayram\u0131&#8217;n\u0131 en i\u00e7ten dileklerimle kutlarken, bahar\u0131 m\u00fcjdeleyen bu g\u00fczel g\u00fcn\u00fcn milletimize ve b\u00fct\u00fcn insanl\u0131\u011fa huzur, bereket getirmesini dilerim.&#8221;<\/p>\n<p>Kaynak: AA<\/p>\n","protected":false},"excerpt":{"rendered":"<p>Ba\u015fbakan Binali Y\u0131ld\u0131r\u0131m, D\u00fcnya Nevruz G\u00fcn\u00fc dolay\u0131s\u0131yla mesaj yay\u0131mlad\u0131.<\/p>\n","protected":false},"author":1000097,"featured_media":3055,"comment_status":"open","ping_status":"closed","sticky":false,"template":"","format":"standard","meta":[],"categories":[85],"tags":[],"_links":{"self":[{"href":"https:\/\/www.vizyon2023.com.tr\/index.php\/wp-json\/wp\/v2\/posts\/3054"}],"collection":[{"href":"https:\/\/www.vizyon2023.com.tr\/index.php\/wp-json\/wp\/v2\/posts"}],"about":[{"href":"https:\/\/www.vizyon2023.com.tr\/index.php\/wp-json\/wp\/v2\/types\/post"}],"author":[{"embeddable":true,"href":"https:\/\/www.vizyon2023.com.tr\/index.php\/wp-json\/wp\/v2\/users\/1000097"}],"replies":[{"embeddable":true,"href":"https:\/\/www.vizyon2023.com.tr\/index.php\/wp-json\/wp\/v2\/comments?post=3054"}],"version-history":[{"count":0,"href":"https:\/\/www.vizyon2023.com.tr\/index.php\/wp-json\/wp\/v2\/posts\/3054\/revisions"}],"wp:featuredmedia":[{"embeddable":true,"href":"https:\/\/www.vizyon2023.com.tr\/index.php\/wp-json\/wp\/v2\/media\/3055"}],"wp:attachment":[{"href":"https:\/\/www.vizyon2023.com.tr\/index.php\/wp-json\/wp\/v2\/media?parent=3054"}],"wp:term":[{"taxonomy":"category","embeddable":true,"href":"https:\/\/www.vizyon2023.com.tr\/index.php\/wp-json\/wp\/v2\/categories?post=3054"},{"taxonomy":"post_tag","embeddable":true,"href":"https:\/\/www.vizyon2023.com.tr\/index.php\/wp-json\/wp\/v2\/tags?post=3054"}],"curies":[{"name":"wp","href":"https:\/\/api.w.org\/{rel}","templated":true}]}}