{"id":3052,"date":"2018-03-21T09:46:24","date_gmt":"2018-03-21T07:46:24","guid":{"rendered":"http:\/\/www.vizyon2023.com.tr\/index.php\/2018\/03\/21\/afrinli-cocuklar-ozgurlugun-tadini-cikariyor-3\/"},"modified":"2018-03-21T09:46:24","modified_gmt":"2018-03-21T07:46:24","slug":"afrinli-cocuklar-ozgurlugun-tadini-cikariyor-3","status":"publish","type":"post","link":"https:\/\/www.vizyon2023.com.tr\/index.php\/2018\/03\/21\/afrinli-cocuklar-ozgurlugun-tadini-cikariyor-3\/","title":{"rendered":"Afrinli \u00e7ocuklar \u00f6zg\u00fcrl\u00fc\u011f\u00fcn tad\u0131n\u0131 \u00e7\u0131kar\u0131yor"},"content":{"rendered":"<p>T\u00fcrk Silahl\u0131 Kuvvetleri&#8217;nin (TSK) hudutlarda ve b\u00f6lgede g\u00fcvenli\u011fi sa\u011flamak i\u00e7in Suriye&#8217;nin kuzeybat\u0131s\u0131ndaki Afrin&#8217;de ter\u00f6r \u00f6rg\u00fctlerine ba\u015flatt\u0131\u011f\u0131 Zeytin Dal\u0131 Harekat\u0131, sivillerin y\u00fcz\u00fcn\u00fc g\u00fcld\u00fcr\u00fcyor.<\/p>\n<p>Ya\u015fam\u0131n normale d\u00f6nmeye ba\u015flad\u0131\u011f\u0131 b\u00f6lgede, ter\u00f6ristlerin zulm\u00fcnden ka\u00e7\u0131p ba\u015fka yerlere giden halk evlerine d\u00f6n\u00fcyor. Ara\u00e7lara y\u00fckledikleri e\u015fyalarla memleketlerinin yolunu tutan Suriyelilerin mutluluklar\u0131 y\u00fczlerinden okunuyor.<\/p>\n<p>\u00c7ocuklar da \u00f6zg\u00fcrl\u00fc\u011f\u00fcn tad\u0131n\u0131 \u00e7\u0131kar\u0131yor. A\u011fa\u00e7 dallar\u0131na yapt\u0131klar\u0131 sal\u0131ncaklarda oynayan ter\u00f6r ma\u011fduru \u00e7ocuklar, ya\u015f\u0131tlar\u0131yla vakit ge\u00e7iriyor.<\/p>\n<p>Sokak ve tarlalarda ko\u015fup oynayan \u00e7ocuklar, kendilerine bu olana\u011f\u0131 sa\u011flayan T\u00fcrkiye&#8217;ye te\u015fekk\u00fcr ediyor.<\/p>\n<p>Kefer Cenni K\u00f6y\u00fc&#8217;nde arkada\u015flar\u0131 ve karde\u015fleriyle oynayan 10 ya\u015f\u0131ndaki Luay Fehmen, k\u00f6y\u00fcn ter\u00f6ristlerden temizlenmesinden sonra buraya geldiklerini anlatarak, &#8220;Burada oynuyoruz, hava \u00e7ok g\u00fczel. A\u011fa\u00e7lara sal\u0131ncak yapt\u0131k, e\u011fleniyoruz&#8221; dedi.<\/p>\n<p><strong>&#8220;Allah T\u00fcrk insan\u0131ndan raz\u0131 olsun&#8221;<\/strong><\/p>\n<p>11 ya\u015f\u0131ndaki Muhammed Ahmed de, yakla\u015f\u0131k bir ayd\u0131r burada olduklar\u0131n\u0131 ve evlerine d\u00f6nmeye haz\u0131rland\u0131klar\u0131n\u0131 dile getirerek, &#8220;Burada mutluyuz ama evimize d\u00f6nmek istiyoruz. Yar\u0131n in\u015fallah d\u00f6nece\u011fiz. T\u00fcrkiye&#8217;den insanlar gelip bize yard\u0131mda bulundu. Oyuncaklar verdiler. Allah onlardan raz\u0131 olsun&#8221; diye konu\u015ftu.<\/p>\n<p>Kaynak: AA<\/p>\n","protected":false},"excerpt":{"rendered":"<p>Zeytin Dal\u0131 Harekat\u0131 kapsam\u0131nda, ter\u00f6r \u00f6rg\u00fct\u00fc YPG\/PKK&#8217;dan temizlenen Afrin&#8217;in k\u0131rsal\u0131nda ya\u015fayan \u00e7ocuklar ya\u015f\u0131tlar\u0131yla oynay\u0131p, \u00f6zg\u00fcrl\u00fc\u011f\u00fcn tad\u0131n\u0131 \u00e7\u0131kar\u0131yor.<\/p>\n","protected":false},"author":1000097,"featured_media":3053,"comment_status":"open","ping_status":"closed","sticky":false,"template":"","format":"standard","meta":[],"categories":[85],"tags":[],"_links":{"self":[{"href":"https:\/\/www.vizyon2023.com.tr\/index.php\/wp-json\/wp\/v2\/posts\/3052"}],"collection":[{"href":"https:\/\/www.vizyon2023.com.tr\/index.php\/wp-json\/wp\/v2\/posts"}],"about":[{"href":"https:\/\/www.vizyon2023.com.tr\/index.php\/wp-json\/wp\/v2\/types\/post"}],"author":[{"embeddable":true,"href":"https:\/\/www.vizyon2023.com.tr\/index.php\/wp-json\/wp\/v2\/users\/1000097"}],"replies":[{"embeddable":true,"href":"https:\/\/www.vizyon2023.com.tr\/index.php\/wp-json\/wp\/v2\/comments?post=3052"}],"version-history":[{"count":0,"href":"https:\/\/www.vizyon2023.com.tr\/index.php\/wp-json\/wp\/v2\/posts\/3052\/revisions"}],"wp:featuredmedia":[{"embeddable":true,"href":"https:\/\/www.vizyon2023.com.tr\/index.php\/wp-json\/wp\/v2\/media\/3053"}],"wp:attachment":[{"href":"https:\/\/www.vizyon2023.com.tr\/index.php\/wp-json\/wp\/v2\/media?parent=3052"}],"wp:term":[{"taxonomy":"category","embeddable":true,"href":"https:\/\/www.vizyon2023.com.tr\/index.php\/wp-json\/wp\/v2\/categories?post=3052"},{"taxonomy":"post_tag","embeddable":true,"href":"https:\/\/www.vizyon2023.com.tr\/index.php\/wp-json\/wp\/v2\/tags?post=3052"}],"curies":[{"name":"wp","href":"https:\/\/api.w.org\/{rel}","templated":true}]}}