{"id":3046,"date":"2018-03-21T09:43:08","date_gmt":"2018-03-21T07:43:08","guid":{"rendered":"http:\/\/www.vizyon2023.com.tr\/index.php\/2018\/03\/21\/baskentte-dhkp-c-operasyonu-2\/"},"modified":"2018-03-21T09:43:08","modified_gmt":"2018-03-21T07:43:08","slug":"baskentte-dhkp-c-operasyonu-2","status":"publish","type":"post","link":"https:\/\/www.vizyon2023.com.tr\/index.php\/2018\/03\/21\/baskentte-dhkp-c-operasyonu-2\/","title":{"rendered":"Ba\u015fkentte DHKP-C operasyonu"},"content":{"rendered":"<p>Ankara Emniyet M\u00fcd\u00fcrl\u00fc\u011f\u00fc \u0130stihbarat ve Ter\u00f6rle M\u00fccadele \u015eube M\u00fcd\u00fcrl\u00fc\u011f\u00fc ekipleri, ter\u00f6r \u00f6rg\u00fct\u00fc DHKP-C&#8217;nin s\u00f6zde &#8220;Ankara sorumlusu&#8221; oldu\u011fu de\u011ferlendirilen \u0130lhan K.&#8217;nin bir s\u00fcredir ODT\u00dc&#8217;ye ait ormanl\u0131k alanda sakland\u0131\u011f\u0131n\u0131 belirledi.<\/p>\n<p>Savc\u0131l\u0131ktan al\u0131nan izinle s\u00f6z konusu alanda operasyon d\u00fczenleyen ekipler, \u0130lhan K.&#8217;yi g\u00f6zalt\u0131na ald\u0131.<\/p>\n<p>Polise direndi\u011fi i\u00e7in kelep\u00e7elenerek etkisiz hale getirilen \u0130lhan K., sa\u011fl\u0131k kontrol\u00fcn\u00fcn ard\u0131ndan sorgulanmak \u00fczere Ter\u00f6rle M\u00fccadele \u015eube M\u00fcd\u00fcrl\u00fc\u011f\u00fc&#8217;ne g\u00f6t\u00fcr\u00fcld\u00fc.<\/p>\n<p>\u015e\u00fcphelinin, ter\u00f6r \u00f6rg\u00fct\u00fc kurma ve y\u00f6netme ile \u00fc\u00e7 ayr\u0131 su\u00e7tan daha arand\u0131\u011f\u0131 \u00f6\u011frenildi.<\/p>\n<p><strong>Erdo\u011fan&#8217;\u0131n evinin krokisi bulunmu\u015ftu<\/strong><\/p>\n<p>Beraberindeki bir kad\u0131nla 2013&#8217;te de g\u00f6zalt\u0131na al\u0131nan \u0130lhan K.&#8217;nin \u00fczerinde iki tabanca ve \u00e7ok say\u0131da mermi \u00e7\u0131km\u0131\u015f; zanl\u0131lar\u0131n adreslerinde yap\u0131lan aramada, o d\u00f6nemde ba\u015fbakan olan Recep Tayyip Erdo\u011fan&#8217;\u0131n Ke\u00e7i\u00f6ren&#8217;deki konutunun krokileri bulunmu\u015ftu.<\/p>\n<p>\u0130lhan K.&#8217;nin bir s\u00fcre cezaevinde kald\u0131ktan sonra tahliye edildi\u011fi ancak \u00f6rg\u00fctsel faaliyetlerini s\u00fcrd\u00fcrd\u00fc\u011f\u00fc, bu nedenle uzun zamand\u0131r yerinin belirlenmesi i\u00e7in \u00e7al\u0131\u015fma y\u00fcr\u00fct\u00fcld\u00fc\u011f\u00fc belirtildi.<\/p>\n<p>Kaynak: AA<\/p>\n","protected":false},"excerpt":{"rendered":"<p>Ter\u00f6r \u00f6rg\u00fct\u00fc DHKP-C&#8217;nin s\u00f6zde &#8220;Ankara sorumlusu&#8221; oldu\u011fu \u00f6ne s\u00fcr\u00fclen \u0130lhan K., ODT\u00dc Orman\u0131&#8217;nda d\u00fczenlenen operasyonla g\u00f6zalt\u0131na al\u0131nd\u0131.<\/p>\n","protected":false},"author":1000097,"featured_media":3047,"comment_status":"open","ping_status":"closed","sticky":false,"template":"","format":"standard","meta":[],"categories":[85],"tags":[],"_links":{"self":[{"href":"https:\/\/www.vizyon2023.com.tr\/index.php\/wp-json\/wp\/v2\/posts\/3046"}],"collection":[{"href":"https:\/\/www.vizyon2023.com.tr\/index.php\/wp-json\/wp\/v2\/posts"}],"about":[{"href":"https:\/\/www.vizyon2023.com.tr\/index.php\/wp-json\/wp\/v2\/types\/post"}],"author":[{"embeddable":true,"href":"https:\/\/www.vizyon2023.com.tr\/index.php\/wp-json\/wp\/v2\/users\/1000097"}],"replies":[{"embeddable":true,"href":"https:\/\/www.vizyon2023.com.tr\/index.php\/wp-json\/wp\/v2\/comments?post=3046"}],"version-history":[{"count":0,"href":"https:\/\/www.vizyon2023.com.tr\/index.php\/wp-json\/wp\/v2\/posts\/3046\/revisions"}],"wp:featuredmedia":[{"embeddable":true,"href":"https:\/\/www.vizyon2023.com.tr\/index.php\/wp-json\/wp\/v2\/media\/3047"}],"wp:attachment":[{"href":"https:\/\/www.vizyon2023.com.tr\/index.php\/wp-json\/wp\/v2\/media?parent=3046"}],"wp:term":[{"taxonomy":"category","embeddable":true,"href":"https:\/\/www.vizyon2023.com.tr\/index.php\/wp-json\/wp\/v2\/categories?post=3046"},{"taxonomy":"post_tag","embeddable":true,"href":"https:\/\/www.vizyon2023.com.tr\/index.php\/wp-json\/wp\/v2\/tags?post=3046"}],"curies":[{"name":"wp","href":"https:\/\/api.w.org\/{rel}","templated":true}]}}