{"id":3044,"date":"2018-03-21T09:42:33","date_gmt":"2018-03-21T07:42:33","guid":{"rendered":"http:\/\/www.vizyon2023.com.tr\/index.php\/2018\/03\/21\/4-ilde-mardin-merkezli-teror-operasyonu-2\/"},"modified":"2018-03-21T09:42:33","modified_gmt":"2018-03-21T07:42:33","slug":"4-ilde-mardin-merkezli-teror-operasyonu-2","status":"publish","type":"post","link":"https:\/\/www.vizyon2023.com.tr\/index.php\/2018\/03\/21\/4-ilde-mardin-merkezli-teror-operasyonu-2\/","title":{"rendered":"4 ilde Mardin merkezli ter\u00f6r operasyonu"},"content":{"rendered":"<p>Mardin \u0130l Emniyet M\u00fcd\u00fcrl\u00fc\u011f\u00fc Ter\u00f6rle M\u00fccadele ve \u0130stihbarat \u015eube m\u00fcd\u00fcrl\u00fckleri ekipleri, ter\u00f6r \u00f6rg\u00fct\u00fc PKK&#8217;n\u0131n faaliyetlerinin de\u015fifresine ve engellenmesine y\u00f6nelik \u00e7al\u0131\u015fmalar kapsam\u0131nda Mardin, \u0130stanbul, Adana ve Mu\u011fla&#8217;da baz\u0131 adreslere operasyon d\u00fczenledi.<\/p>\n<p>Operasyonda haklar\u0131nda yakalama karar\u0131 olan ve aralar\u0131nda ter\u00f6ristba\u015f\u0131 Abdullah \u00d6calan&#8217;\u0131n ye\u011feni eski Demokratik B\u00f6lgeler Partisi (DBP) Mardin e\u015f ba\u015fkan\u0131 \u00d6mer \u00d6calan&#8217;\u0131n da oldu\u011fu 21 ki\u015fiden 18&#8217;i g\u00f6zalt\u0131na al\u0131nd\u0131.<\/p>\n<p>Firari 3 ki\u015fi aran\u0131yor.<\/p>\n<p>Aramalarda \u00e7ok say\u0131da \u00f6rg\u00fctsel dok\u00fcman, av t\u00fcfe\u011fi ve tabanca ele ge\u00e7irildi.<\/p>\n<p>Kaynak: AA<\/p>\n","protected":false},"excerpt":{"rendered":"<p>Ter\u00f6r \u00f6rg\u00fct\u00fc PKK&#8217;ya y\u00f6nelik operasyonda, ter\u00f6ristba\u015f\u0131 Abdullah \u00d6calan&#8217;\u0131n ye\u011feni eski DBP Mardin e\u015f ba\u015fkan\u0131 \u00d6mer \u00d6calan&#8217;\u0131n da aralar\u0131nda oldu\u011fu 18 ki\u015fi g\u00f6zalt\u0131na al\u0131nd\u0131.<\/p>\n","protected":false},"author":1000097,"featured_media":3045,"comment_status":"open","ping_status":"closed","sticky":false,"template":"","format":"standard","meta":[],"categories":[85],"tags":[],"_links":{"self":[{"href":"https:\/\/www.vizyon2023.com.tr\/index.php\/wp-json\/wp\/v2\/posts\/3044"}],"collection":[{"href":"https:\/\/www.vizyon2023.com.tr\/index.php\/wp-json\/wp\/v2\/posts"}],"about":[{"href":"https:\/\/www.vizyon2023.com.tr\/index.php\/wp-json\/wp\/v2\/types\/post"}],"author":[{"embeddable":true,"href":"https:\/\/www.vizyon2023.com.tr\/index.php\/wp-json\/wp\/v2\/users\/1000097"}],"replies":[{"embeddable":true,"href":"https:\/\/www.vizyon2023.com.tr\/index.php\/wp-json\/wp\/v2\/comments?post=3044"}],"version-history":[{"count":0,"href":"https:\/\/www.vizyon2023.com.tr\/index.php\/wp-json\/wp\/v2\/posts\/3044\/revisions"}],"wp:featuredmedia":[{"embeddable":true,"href":"https:\/\/www.vizyon2023.com.tr\/index.php\/wp-json\/wp\/v2\/media\/3045"}],"wp:attachment":[{"href":"https:\/\/www.vizyon2023.com.tr\/index.php\/wp-json\/wp\/v2\/media?parent=3044"}],"wp:term":[{"taxonomy":"category","embeddable":true,"href":"https:\/\/www.vizyon2023.com.tr\/index.php\/wp-json\/wp\/v2\/categories?post=3044"},{"taxonomy":"post_tag","embeddable":true,"href":"https:\/\/www.vizyon2023.com.tr\/index.php\/wp-json\/wp\/v2\/tags?post=3044"}],"curies":[{"name":"wp","href":"https:\/\/api.w.org\/{rel}","templated":true}]}}