{"id":2985,"date":"2018-03-21T09:25:42","date_gmt":"2018-03-21T07:25:42","guid":{"rendered":"http:\/\/www.vizyon2023.com.tr\/index.php\/2018\/03\/21\/borclu-esnafa-emeklilik-mujdesi\/"},"modified":"2018-03-21T09:25:42","modified_gmt":"2018-03-21T07:25:42","slug":"borclu-esnafa-emeklilik-mujdesi","status":"publish","type":"post","link":"https:\/\/www.vizyon2023.com.tr\/index.php\/2018\/03\/21\/borclu-esnafa-emeklilik-mujdesi\/","title":{"rendered":"Bor\u00e7lu esnafa emeklilik m\u00fcjdesi"},"content":{"rendered":"<p>Protokol, \u00c7al\u0131\u015fma Bakanl\u0131\u011f\u0131&#8217;nda Bakan J\u00fclide Sar\u0131ero\u011flu, TESK Genel Ba\u015fkan\u0131 Bendevi Paland\u00f6ken ve Ziraat Bankas\u0131 Genel M\u00fcd\u00fcr\u00fc H\u00fcseyin Ayd\u0131n taraf\u0131ndan imzaland\u0131. T\u00f6rende konu\u015fan \u00c7al\u0131\u015fma ve Sosyal G\u00fcvenlik Bakan\u0131 J\u00fclide Sar\u0131ero\u011flu, &#8220;Ba\u011f-Kur sigortal\u0131lar\u0131m\u0131z\u0131n 48 ay vade bor\u00e7lar\u0131n\u0131 \u00f6demeleri, \u00f6denmesinin de emekli maa\u015f\u0131ndan sa\u011flanmas\u0131 ger\u00e7ekle\u015ftirilecek. \u00d6nemli olan komisyon al\u0131nmayacak olmas\u0131. Bu krediye ba\u015fvuran esnaflar\u0131m\u0131z\u0131n ge\u00e7mi\u015f sorgulamas\u0131 da yap\u0131lmayacak&#8221; dedi.<\/p>\n<p><strong>&#8220;\u0130stenirse 2 kez daha uzat\u0131labilecek&#8221;<\/strong><\/p>\n<p>T\u00fcrkiye Esnaf ve Sanatkarlar Konfederasyonu (TESK) Genel Ba\u015fkan\u0131 Bendevi Paland\u00f6ken, i\u015f birli\u011fi protokol\u00fcn\u00fcn \u00f6nemli bir \u00e7al\u0131\u015fma oldu\u011funu s\u00f6yledi. Paland\u00f6ken, &#8220;TESK olarak her konuda \u00c7al\u0131\u015fma ve Sosyal G\u00fcvenlik Bakanl\u0131\u011f\u0131 ile ilgili yo\u011fun \u00e7al\u0131\u015fmalar y\u00fcr\u00fct\u00fcyoruz. Ziraat Bankas\u0131 \u00fclkenin \u00f6nemli bir kesimi i\u00e7in b\u00fcy\u00fck bir sorumluluk \u00fcstlendi. Protokol 3 ay s\u00fcreyle ge\u00e7erli olacak. Ancak \u00fc\u00e7er ay s\u00fcreyle istenirse 2 kez daha uzat\u0131labilecek. 1.28 faiz oran\u0131 ve 48 ay vade ile bor\u00e7lu oldu\u011fu i\u00e7in emekli olamayan Ba\u011f-Kur&#8217;lu esnaf\u0131m\u0131z emekli olabilecekler. \u00d6zellikle birikmi\u015f prim borcu olan ve askerlik, do\u011fum bor\u00e7lanmas\u0131 yaparak emekli olacak olanlar da bu imkandan faydalanabilecek. Emeklili\u011fi gelmi\u015f esnaf\u0131m\u0131z m\u00fcracaat ettiklerinde Ziraat Bankalar\u0131na kredi yatacak ve kullanabilecekler&#8221; diye konu\u015ftu.<\/p>\n<p><strong>&#8220;Hem emekli olacak hem de sa\u011fl\u0131k hizmeti alacaklar&#8221;<\/strong><\/p>\n<p>Protokol ile esnaf ve sanatkarlar\u0131n b\u00fcy\u00fck bir s\u0131k\u0131nt\u0131s\u0131n\u0131n ortadan kalkaca\u011f\u0131n\u0131n alt\u0131n\u0131 \u00e7izen Paland\u00f6ken, &#8220;Esnaf ve zanaatkarlar\u0131m\u0131z\u0131n en b\u00fcy\u00fck s\u0131k\u0131nt\u0131s\u0131 prim borcundan dolay\u0131 emekli olam\u0131yor ve aileleri ile birlikte sa\u011fl\u0131k hizmetlerinden faydalanam\u0131yorlard\u0131. Adeta cezaland\u0131r\u0131l\u0131yorlard\u0131. \u015eimdi bu protokol ile ya\u015fanan ma\u011fduriyet ortadan kalk\u0131yor. Protokol\u00fcn yap\u0131lmas\u0131nda eme\u011fi ge\u00e7en herkese esnaf\u0131m\u0131z ad\u0131na te\u015fekk\u00fcr ediyorum&#8221; diye konu\u015ftu.<\/p>\n<p>Kaynak: \u0130HA<\/p>\n","protected":false},"excerpt":{"rendered":"<p>Ba\u011f-Kur\u2019a prim borcu olan ve emekli olamayan esnafa kolayl\u0131k sa\u011flayan protokol imzaland\u0131.<\/p>\n","protected":false},"author":1000097,"featured_media":2986,"comment_status":"open","ping_status":"closed","sticky":false,"template":"","format":"standard","meta":[],"categories":[60],"tags":[],"_links":{"self":[{"href":"https:\/\/www.vizyon2023.com.tr\/index.php\/wp-json\/wp\/v2\/posts\/2985"}],"collection":[{"href":"https:\/\/www.vizyon2023.com.tr\/index.php\/wp-json\/wp\/v2\/posts"}],"about":[{"href":"https:\/\/www.vizyon2023.com.tr\/index.php\/wp-json\/wp\/v2\/types\/post"}],"author":[{"embeddable":true,"href":"https:\/\/www.vizyon2023.com.tr\/index.php\/wp-json\/wp\/v2\/users\/1000097"}],"replies":[{"embeddable":true,"href":"https:\/\/www.vizyon2023.com.tr\/index.php\/wp-json\/wp\/v2\/comments?post=2985"}],"version-history":[{"count":0,"href":"https:\/\/www.vizyon2023.com.tr\/index.php\/wp-json\/wp\/v2\/posts\/2985\/revisions"}],"wp:featuredmedia":[{"embeddable":true,"href":"https:\/\/www.vizyon2023.com.tr\/index.php\/wp-json\/wp\/v2\/media\/2986"}],"wp:attachment":[{"href":"https:\/\/www.vizyon2023.com.tr\/index.php\/wp-json\/wp\/v2\/media?parent=2985"}],"wp:term":[{"taxonomy":"category","embeddable":true,"href":"https:\/\/www.vizyon2023.com.tr\/index.php\/wp-json\/wp\/v2\/categories?post=2985"},{"taxonomy":"post_tag","embeddable":true,"href":"https:\/\/www.vizyon2023.com.tr\/index.php\/wp-json\/wp\/v2\/tags?post=2985"}],"curies":[{"name":"wp","href":"https:\/\/api.w.org\/{rel}","templated":true}]}}