{"id":2983,"date":"2018-03-21T09:25:10","date_gmt":"2018-03-21T07:25:10","guid":{"rendered":"http:\/\/www.vizyon2023.com.tr\/index.php\/2018\/03\/21\/afrin-merkezinde-teroristlerin-kazdigi-tuneller-ortaya-cikarildi\/"},"modified":"2018-03-21T09:25:10","modified_gmt":"2018-03-21T07:25:10","slug":"afrin-merkezinde-teroristlerin-kazdigi-tuneller-ortaya-cikarildi","status":"publish","type":"post","link":"https:\/\/www.vizyon2023.com.tr\/index.php\/2018\/03\/21\/afrin-merkezinde-teroristlerin-kazdigi-tuneller-ortaya-cikarildi\/","title":{"rendered":"Afrin merkezinde ter\u00f6ristlerin kazd\u0131\u011f\u0131 t\u00fcneller ortaya \u00e7\u0131kar\u0131ld\u0131"},"content":{"rendered":"<p>G\u00f6r\u00fcnt\u00fclenen t\u00fcneller, Afrin il\u00e7e merkezine hakim tepelerde \u00d6SO&#8217;nun yapt\u0131\u011f\u0131 aramalarda bulundu.<\/p>\n<p>T\u00fcnellerin bulundu\u011fu yerden kent merkezi rahatl\u0131kla g\u00f6r\u00fclebiliyor.<\/p>\n<p><strong>YPG\/PKK&#8217;l\u0131 ter\u00f6ristler, Afrin&#8217;i yak\u0131p y\u0131karak ka\u00e7t\u0131<\/strong><\/p>\n<p><strong>Afrin&#8217;e giri\u015fler ge\u00e7ici olarak durduruldu<\/strong><\/p>\n<p><strong>TSK\u2019n\u0131n sivil hassasiyeti Afrin\u2019deki binalarda kendini g\u00f6sterdi<\/strong><\/p>\n<p><strong>Mehmet\u00e7ik Afrinlilerle yak\u0131ndan ilgileniyor<\/strong><\/p>\n<p><strong>Afrin&#8217;de tuzaklanan patlay\u0131c\u0131lar imha ediliyor<\/strong><\/p>\n<p><strong>Afrin&#8217;de korku yerini huzur ve g\u00fcvene b\u0131rakt\u0131<\/strong><\/p>\n<p>T\u00fcnellerin giri\u015fi, hafriyat ta\u015f\u0131mak amac\u0131yla kamyonlar\u0131n girip \u00e7\u0131kabilece\u011fi geni\u015fli\u011fe sahip.<\/p>\n<p>Giri\u015ften sonra t\u00fcneller dairesel \u015fekil alarak daral\u0131yor. Yakla\u015f\u0131k 2 metre \u00e7ap\u0131ndaki t\u00fcnellerde \u00e7ok say\u0131da ki\u015finin bir arada rahatl\u0131kla y\u00fcr\u00fcmesi m\u00fcmk\u00fcn.<\/p>\n<p><strong>T\u00fcnellerin uzunlu\u011fu 400 metreye kadar ula\u015f\u0131yor<\/strong><\/p>\n<p>\u0130lk incelemelerde, t\u00fcnellerin uzunlu\u011funun giri\u015f k\u0131sm\u0131ndan itibaren 400 metreye ula\u015ft\u0131\u011f\u0131 tespit edildi.<\/p>\n<p>T\u00fcnellerde, Afrin&#8217;den ka\u00e7an ter\u00f6ristlerin kaz\u0131da kulland\u0131\u011f\u0131 geli\u015fmi\u015f teknolojiye sahip \u00f6zel i\u015f makineleri bulundu.<\/p>\n<p>T\u00fcnelleri ortaya \u00e7\u0131karan \u00d6SO bile\u015fenlerinden Milli Ordu&#8217;nun Hamza T\u00fcmeni ve \u00f6zel kuvvetleri, da\u011flarda arama \u00e7al\u0131\u015fmalar\u0131na devam ediyor.<\/p>\n<p>Hamza T\u00fcmeni komutan\u0131 Seyf Ebubekir, ter\u00f6ristlerin askeri ama\u00e7l\u0131 a\u00e7t\u0131\u011f\u0131 t\u00fcnellerle il\u00e7e merkezini \u00e7eviren tepe silsilesini birbirine ba\u011flamay\u0131 ama\u00e7lad\u0131\u011f\u0131n\u0131 ancak kaz\u0131lar\u0131 tamamlayamadan ka\u00e7t\u0131klar\u0131n\u0131 s\u00f6yledi.<\/p>\n<p>Ebubekir, \u00f6rg\u00fct mensuplar\u0131n\u0131 hava sald\u0131r\u0131lar\u0131na kar\u015f\u0131 korumak amac\u0131yla kaz\u0131lan t\u00fcnellerin, silah ve m\u00fchimmat depolayacak b\u00fcy\u00fckl\u00fckte oldu\u011funa dikkat \u00e7ekti.<\/p>\n<p>Zeytin Dal\u0131 Harekat\u0131&#8217;nda, il\u00e7e merkezinin kuzeyinde, T\u00fcrkiye s\u0131n\u0131r\u0131na daha yak\u0131n kesimlerde de \u00e7ok say\u0131da t\u00fcnel ve s\u0131\u011f\u0131nak ortaya \u00e7\u0131kar\u0131lm\u0131\u015ft\u0131.<\/p>\n<p>Kaynak: AA<\/p>\n","protected":false},"excerpt":{"rendered":"<p>Zeytin Dal\u0131 Harekat\u0131&#8217;nda TSK ve \u00d6SO&#8217;nun kontrol\u00fc sa\u011flad\u0131\u011f\u0131 Afrin&#8217;de, ter\u00f6ristlerin i\u015f makineleriyle tepelerin i\u00e7ine a\u00e7t\u0131\u011f\u0131 t\u00fcneller ortaya \u00e7\u0131kar\u0131ld\u0131.<\/p>\n","protected":false},"author":1000097,"featured_media":2984,"comment_status":"open","ping_status":"closed","sticky":false,"template":"","format":"standard","meta":[],"categories":[61],"tags":[],"_links":{"self":[{"href":"https:\/\/www.vizyon2023.com.tr\/index.php\/wp-json\/wp\/v2\/posts\/2983"}],"collection":[{"href":"https:\/\/www.vizyon2023.com.tr\/index.php\/wp-json\/wp\/v2\/posts"}],"about":[{"href":"https:\/\/www.vizyon2023.com.tr\/index.php\/wp-json\/wp\/v2\/types\/post"}],"author":[{"embeddable":true,"href":"https:\/\/www.vizyon2023.com.tr\/index.php\/wp-json\/wp\/v2\/users\/1000097"}],"replies":[{"embeddable":true,"href":"https:\/\/www.vizyon2023.com.tr\/index.php\/wp-json\/wp\/v2\/comments?post=2983"}],"version-history":[{"count":0,"href":"https:\/\/www.vizyon2023.com.tr\/index.php\/wp-json\/wp\/v2\/posts\/2983\/revisions"}],"wp:featuredmedia":[{"embeddable":true,"href":"https:\/\/www.vizyon2023.com.tr\/index.php\/wp-json\/wp\/v2\/media\/2984"}],"wp:attachment":[{"href":"https:\/\/www.vizyon2023.com.tr\/index.php\/wp-json\/wp\/v2\/media?parent=2983"}],"wp:term":[{"taxonomy":"category","embeddable":true,"href":"https:\/\/www.vizyon2023.com.tr\/index.php\/wp-json\/wp\/v2\/categories?post=2983"},{"taxonomy":"post_tag","embeddable":true,"href":"https:\/\/www.vizyon2023.com.tr\/index.php\/wp-json\/wp\/v2\/tags?post=2983"}],"curies":[{"name":"wp","href":"https:\/\/api.w.org\/{rel}","templated":true}]}}