{"id":2977,"date":"2018-03-21T09:22:53","date_gmt":"2018-03-21T07:22:53","guid":{"rendered":"http:\/\/www.vizyon2023.com.tr\/index.php\/2018\/03\/21\/myanmar-devlet-baskani-gorevinden-ayrildi\/"},"modified":"2018-03-21T09:22:53","modified_gmt":"2018-03-21T07:22:53","slug":"myanmar-devlet-baskani-gorevinden-ayrildi","status":"publish","type":"post","link":"https:\/\/www.vizyon2023.com.tr\/index.php\/2018\/03\/21\/myanmar-devlet-baskani-gorevinden-ayrildi\/","title":{"rendered":"Myanmar Devlet Ba\u015fkan\u0131 g\u00f6revinden ayr\u0131ld\u0131"},"content":{"rendered":"<p>Devlet ba\u015fkanl\u0131\u011f\u0131n\u0131n Facebook sayfas\u0131ndaki a\u00e7\u0131klamada, Myanmar D\u0131\u015fi\u015fleri Bakan\u0131 ve Devlet Ba\u015fkanl\u0131\u011f\u0131ndan Sorumlu Devlet Bakan\u0131 Aung San Suu \u00c7ii&#8217;nin yak\u0131n dostu Htin Kyaw&#8217;\u0131n, devlet ba\u015fkanl\u0131\u011f\u0131 g\u00f6revinden ayr\u0131ld\u0131\u011f\u0131 bildirildi.<\/p>\n<p>A\u00e7\u0131klamada, anayasa uyar\u0131nca devlet ba\u015fkanl\u0131\u011f\u0131na 7 i\u015f g\u00fcn\u00fc i\u00e7inde yeni bir ismin getirilece\u011fi, o g\u00fcne kadar ordunun atad\u0131\u011f\u0131 Devlet Ba\u015fkan\u0131 Yard\u0131mc\u0131s\u0131 Myint Swe&#8217;nin bu g\u00f6revi y\u00fcr\u00fctece\u011fi belirtildi.<\/p>\n<p>Kyaw&#8217;\u0131n bu g\u00f6reve getirilmesinin ard\u0131ndan Myanmar&#8217;\u0131n fiili lideri Suu \u00c7ii, devlet ba\u015fkanl\u0131\u011f\u0131ndan sorumlu devlet bakanl\u0131\u011f\u0131na atanm\u0131\u015ft\u0131.<\/p>\n<p>Htin Kyaw, 2016 Mart ay\u0131nda devlet ba\u015fkanl\u0131\u011f\u0131 g\u00f6revine getirilmi\u015fti.<\/p>\n<p>Kaynak: AA<\/p>\n","protected":false},"excerpt":{"rendered":"<p>Myanmar&#8217;\u0131n yar\u0131m y\u00fczy\u0131l\u0131 a\u015fk\u0131n bir s\u00fcre sonra ilk sivil devlet ba\u015fkan\u0131 olan Htin Kyaw g\u00f6revinden ayr\u0131ld\u0131.<\/p>\n","protected":false},"author":1000097,"featured_media":2978,"comment_status":"open","ping_status":"closed","sticky":false,"template":"","format":"standard","meta":[],"categories":[61],"tags":[],"_links":{"self":[{"href":"https:\/\/www.vizyon2023.com.tr\/index.php\/wp-json\/wp\/v2\/posts\/2977"}],"collection":[{"href":"https:\/\/www.vizyon2023.com.tr\/index.php\/wp-json\/wp\/v2\/posts"}],"about":[{"href":"https:\/\/www.vizyon2023.com.tr\/index.php\/wp-json\/wp\/v2\/types\/post"}],"author":[{"embeddable":true,"href":"https:\/\/www.vizyon2023.com.tr\/index.php\/wp-json\/wp\/v2\/users\/1000097"}],"replies":[{"embeddable":true,"href":"https:\/\/www.vizyon2023.com.tr\/index.php\/wp-json\/wp\/v2\/comments?post=2977"}],"version-history":[{"count":0,"href":"https:\/\/www.vizyon2023.com.tr\/index.php\/wp-json\/wp\/v2\/posts\/2977\/revisions"}],"wp:featuredmedia":[{"embeddable":true,"href":"https:\/\/www.vizyon2023.com.tr\/index.php\/wp-json\/wp\/v2\/media\/2978"}],"wp:attachment":[{"href":"https:\/\/www.vizyon2023.com.tr\/index.php\/wp-json\/wp\/v2\/media?parent=2977"}],"wp:term":[{"taxonomy":"category","embeddable":true,"href":"https:\/\/www.vizyon2023.com.tr\/index.php\/wp-json\/wp\/v2\/categories?post=2977"},{"taxonomy":"post_tag","embeddable":true,"href":"https:\/\/www.vizyon2023.com.tr\/index.php\/wp-json\/wp\/v2\/tags?post=2977"}],"curies":[{"name":"wp","href":"https:\/\/api.w.org\/{rel}","templated":true}]}}