{"id":2961,"date":"2018-03-16T10:41:07","date_gmt":"2018-03-16T08:41:07","guid":{"rendered":"http:\/\/www.vizyon2023.com.tr\/index.php\/2018\/03\/16\/yeni-bakanlar-kurulu-kararlari-resmi-gazetede-yayimlandi\/"},"modified":"2018-03-16T10:41:07","modified_gmt":"2018-03-16T08:41:07","slug":"yeni-bakanlar-kurulu-kararlari-resmi-gazetede-yayimlandi","status":"publish","type":"post","link":"https:\/\/www.vizyon2023.com.tr\/index.php\/2018\/03\/16\/yeni-bakanlar-kurulu-kararlari-resmi-gazetede-yayimlandi\/","title":{"rendered":"Yeni Bakanlar Kurulu Kararlar\u0131 Resmi Gazete&#8217;de yay\u0131mland\u0131"},"content":{"rendered":"<p>Baz\u0131 y\u00fcksek\u00f6\u011fretim kurumlar\u0131na ba\u011fl\u0131 olarak fak\u00fclte kurulmas\u0131 ve kapat\u0131lmas\u0131 ile ba\u011flant\u0131 ve adlar\u0131n\u0131n de\u011fi\u015ftirilmesi hakk\u0131ndaki kararlar Resmi Gazete&#8217;de yay\u0131mland\u0131.<\/p>\n<p>At\u0131l\u0131m \u00dcniversitesi Rekt\u00f6rl\u00fc\u011f\u00fc&#8217;ne ba\u011fl\u0131 T\u0131p Fak\u00fcltesi, Hasan Kalyoncu \u00dcniversitesi Rekt\u00f6rl\u00fc\u011f\u00fc&#8217;ne ba\u011fl\u0131 T\u0131p Fak\u00fcltesi ve \u00dcsk\u00fcdar \u00dcniversitesi&#8217;ne ba\u011fl\u0131 T\u0131p Fak\u00fcltesi kuruldu.<\/p>\n<p>Lokman Hekim \u00dcniversitesi Rekt\u00f6rl\u00fc\u011f\u00fc&#8217;ne ba\u011fl\u0131 olan M\u00fchendislik Fak\u00fcltesi kapat\u0131ld\u0131.<\/p>\n<p>Aksaray \u00dcniversitesi Rekt\u00f6rl\u00fc\u011f\u00fc b\u00fcnyesinde bulunan \u015eerefliko\u00e7hisar Uygulamal\u0131 Teknoloji ve \u0130\u015fletmecilik Y\u00fcksekokulu&#8217;nun Ankara Y\u0131ld\u0131r\u0131m Beyaz\u0131t \u00dcniversitesi Rekt\u00f6rl\u00fc\u011f\u00fc&#8217;ne ba\u011flanmas\u0131 kararla\u015ft\u0131r\u0131ld\u0131.<\/p>\n<p>S\u00f6z konusu y\u00fcksekokulun kapat\u0131larak, Ankara Y\u0131ld\u0131r\u0131m Beyaz\u0131t \u00dcniversitesi Rekt\u00f6rl\u00fc\u011f\u00fc&#8217;ne ba\u011fl\u0131,\u015eerefliko\u00e7hisar Uygulamal\u0131 Bilimler Fak\u00fcltesi kurulmas\u0131na karar verildi.<\/p>\n<p>\u00d6te yandan, \u0130stanbul&#8217;da bulunan \u0130stanbul Kavram Meslek Y\u00fcksekokulu&#8217;nun merkezinin \u0130zmir&#8217;e ta\u015f\u0131nmas\u0131 ve ad\u0131n\u0131n \u0130zmir Kavram Meslek Y\u00fcksekokulu olarak de\u011fi\u015ftirilmesi karar\u0131 al\u0131nd\u0131.<\/p>\n<p><strong>O alanlar,&#8221;kesin korunacak hassas alan&#8221; ilan edildi<\/strong><\/p>\n<p>Mu\u011fla&#8217;n\u0131n Milas, Marmaris, Ula ve Mente\u015fe il\u00e7elerindeki baz\u0131 alanlar\u0131n &#8220;kesin korunacak hassas alan&#8221; olarak ilan edilmesine ili\u015fkin karar Resmi Gazete&#8217;de yay\u0131mland\u0131.<\/p>\n<p>Bakanlar Kurulu karar\u0131na g\u00f6re, Mu\u011fla&#8217;n\u0131n Milas, Marmaris, Ula ve Mente\u015fe il\u00e7elerinde bulunan do\u011fal sit alanlar\u0131 kapsam\u0131na giren ve koordinatlar\u0131 haritalar \u00fczerinde belirtilen b\u00f6lgeler, kesin korunacak hassas alan olarak tescil ve ilan edildi.<\/p>\n<p>Resmi Gazete&#8217;de yay\u0131mlanan bir ba\u015fka kararla Erzurum&#8217;un Narman il\u00e7esine ba\u011fl\u0131 \u00fc\u00e7 mahalledeki baz\u0131 b\u00f6lgelerin de &#8220;riskli alan&#8221; ilan edilmesi kararla\u015ft\u0131r\u0131ld\u0131.<\/p>\n<p>Buna g\u00f6re, Narman&#8217;a ba\u011fl\u0131 Camikebir, Camisa\u011f\u0131r ve Tuzla mahalleleri s\u0131n\u0131rlar\u0131 i\u00e7erisinde bulunan baz\u0131 b\u00f6lgeler riskli alan ilan edildi.<\/p>\n<p>Kaynak: AA<\/p>\n","protected":false},"excerpt":{"rendered":"<p>Baz\u0131 y\u00fcksek\u00f6\u011fretim kurumlar\u0131nda de\u011fi\u015fikliklik ve kesin korunacak hassas alanlarla ilgili kararlar, Resmi Gazete&#8217;de yer ald\u0131.<\/p>\n","protected":false},"author":1000097,"featured_media":2962,"comment_status":"open","ping_status":"closed","sticky":false,"template":"","format":"standard","meta":[],"categories":[85],"tags":[],"_links":{"self":[{"href":"https:\/\/www.vizyon2023.com.tr\/index.php\/wp-json\/wp\/v2\/posts\/2961"}],"collection":[{"href":"https:\/\/www.vizyon2023.com.tr\/index.php\/wp-json\/wp\/v2\/posts"}],"about":[{"href":"https:\/\/www.vizyon2023.com.tr\/index.php\/wp-json\/wp\/v2\/types\/post"}],"author":[{"embeddable":true,"href":"https:\/\/www.vizyon2023.com.tr\/index.php\/wp-json\/wp\/v2\/users\/1000097"}],"replies":[{"embeddable":true,"href":"https:\/\/www.vizyon2023.com.tr\/index.php\/wp-json\/wp\/v2\/comments?post=2961"}],"version-history":[{"count":0,"href":"https:\/\/www.vizyon2023.com.tr\/index.php\/wp-json\/wp\/v2\/posts\/2961\/revisions"}],"wp:featuredmedia":[{"embeddable":true,"href":"https:\/\/www.vizyon2023.com.tr\/index.php\/wp-json\/wp\/v2\/media\/2962"}],"wp:attachment":[{"href":"https:\/\/www.vizyon2023.com.tr\/index.php\/wp-json\/wp\/v2\/media?parent=2961"}],"wp:term":[{"taxonomy":"category","embeddable":true,"href":"https:\/\/www.vizyon2023.com.tr\/index.php\/wp-json\/wp\/v2\/categories?post=2961"},{"taxonomy":"post_tag","embeddable":true,"href":"https:\/\/www.vizyon2023.com.tr\/index.php\/wp-json\/wp\/v2\/tags?post=2961"}],"curies":[{"name":"wp","href":"https:\/\/api.w.org\/{rel}","templated":true}]}}