{"id":2959,"date":"2018-03-16T10:39:53","date_gmt":"2018-03-16T08:39:53","guid":{"rendered":"http:\/\/www.vizyon2023.com.tr\/index.php\/2018\/03\/16\/ab-bakani-celikten-ap-tepkisi-vizyonsuz-cahilane-bir-karar\/"},"modified":"2018-03-16T10:39:53","modified_gmt":"2018-03-16T08:39:53","slug":"ab-bakani-celikten-ap-tepkisi-vizyonsuz-cahilane-bir-karar","status":"publish","type":"post","link":"https:\/\/www.vizyon2023.com.tr\/index.php\/2018\/03\/16\/ab-bakani-celikten-ap-tepkisi-vizyonsuz-cahilane-bir-karar\/","title":{"rendered":"AB Bakan\u0131 \u00c7elik&#8217;ten AP tepkisi: Vizyonsuz cahilane bir karar"},"content":{"rendered":"<p>AB Bakan\u0131 \u00d6mer \u00c7elik,Avrupa Parlamentosu Genel Kurulunda Suriye&#8217;deki duruma ili\u015fkin yap\u0131lan oylamaya dair gazetecilerin sorular\u0131n\u0131 yan\u0131tlad\u0131.<\/p>\n<p>Oylamada, insani endi\u015feler artt\u0131\u011f\u0131ndan, sivil \u00f6l\u00fcmlere ve sivillerin risk alt\u0131nda oldu\u011funa de\u011finildi\u011fini belirten \u00c7elik, &#8220;AP, siviller konusunda do\u011frusunu s\u00f6ylemek gerekirse son derece \u00e7ifte standartl\u0131 bir yakla\u015f\u0131m \u00fcretiyor.&#8221; diye konu\u015ftu.<\/p>\n<p>\u00c7elik, kararda yer alan, &#8220;TSK ile Esed ve Rus g\u00fc\u00e7leri aras\u0131ndaki olas\u0131 \u00e7at\u0131\u015fma ve ABD ile artan gerginlikler de dahil olmak \u00fczere Afrin&#8217;deki gerilimin t\u0131rmanmas\u0131ndan ciddi endi\u015fe duyulmaktad\u0131r.&#8221; ifadelerine y\u00f6nelik, \u015funlar\u0131 kaydetti:<\/p>\n<p>&#8220;\u00c7ok net bir \u015fekilde T\u00fcrkiye, bu meselelerde m\u00fcmk\u00fcn olan en y\u00fcksek koordinasyonla hareket etmeye \u00e7al\u0131\u015f\u0131yor ama \u015funun da unutulmamas\u0131 gerekir ki Do\u011fu Guta&#8217;daki o trajedinin \u00f6nlenmesi ve di\u011fer alanlardaki b\u00fct\u00fcn giri\u015fimler \u00f6ncelikle T\u00fcrkiye&#8217;den gelmektedir. Dolay\u0131s\u0131yla burada olumsuz etkilerden ziyade, T\u00fcrkiye&#8217;nin, buradaki \u00e7at\u0131\u015fmalar\u0131n sona ermesi, sivillerin korunmas\u0131 konusundaki olumlu etkilerinden bahsetmek gerekir. Bu, belli ki Suriye konusunda T\u00fcrkiye&#8217;nin pozisyonuna muhalif olan baz\u0131 \u00fclkelerin etkisiyle kaleme al\u0131nm\u0131\u015f, ondan sonra AP&#8217;deki baz\u0131 marjinal gruplar\u0131n diliyle ifade edilmi\u015f bir yakla\u015f\u0131m.&#8221;<\/p>\n<p>\u00c7elik, T\u00fcrkiye&#8217;nin, Suriye&#8217;deki trajedinin sona ermesi, istikrar\u0131n sa\u011flanmas\u0131 ve i\u00e7 sava\u015f\u0131n sona ermesi konusunda, yegane olumlu rol oynayan ve olaylar\u0131n ba\u015f\u0131ndan beri tutarl\u0131 politika y\u00fcr\u00fcten \u00fclke oldu\u011funun alt\u0131n\u0131 \u00e7izdi.<\/p>\n<p><strong>&#8220;Bu, AP taraf\u0131ndan ter\u00f6r \u00f6rg\u00fct\u00fcn\u00fcn dilinin kullan\u0131lmas\u0131d\u0131r&#8221;<\/strong><\/p>\n<p>Avrupa Birli\u011fi (AB) D\u0131\u015fi\u015fleri ve G\u00fcvenlik Politikalar\u0131 Y\u00fcksek Temsilcisi Federica Mogherini&#8217;nin, AB ad\u0131na, T\u00fcrk h\u00fck\u00fcmetine operasyonu durdurmas\u0131 \u00e7a\u011fr\u0131s\u0131 yapmas\u0131 ve Birle\u015fmi\u015f Milletler (BM) listesindeki ter\u00f6r \u00f6rg\u00fctlerinin yenilgiye u\u011frat\u0131lmas\u0131na odaklan\u0131lmas\u0131 \u00e7a\u011fr\u0131s\u0131n\u0131 desteklemesine ili\u015fkin soru \u00fczerine \u00c7elik, &#8220;AB, e\u011fer b\u00f6yle bir \u00e7a\u011fr\u0131 yaparsa ki hi\u00e7 tavsiye etmem. Bu, AB&#8217;ye aday bir \u00fclkeye ve bir NATO \u00fclkesine &#8216;ter\u00f6rizme m\u00fccadele etme&#8217; deme anlam\u0131na gelir.&#8221; diye konu\u015ftu.<\/p>\n<p>BM ter\u00f6r \u00f6rg\u00fct\u00fc listesindeki \u00f6rg\u00fctlerle m\u00fccadele edilmesi \u00e7a\u011fr\u0131s\u0131n\u0131 &#8220;Sadece AB i\u00e7inde ve AB&#8217;yi tehdit eden ter\u00f6r \u00f6rg\u00fctleriyle m\u00fccadele edilsin di\u011fer \u00fclkeleri tehdit eden ter\u00f6r \u00f6rg\u00fctlerine g\u00f6z yumulsun&#8221; denmesi anlam\u0131na geldi\u011fini kaydeden \u00c7elik, &#8220;Yani oradaki insanlar\u0131n can\u0131ndan daha az de\u011ferli de\u011fildir Avrupa&#8217;n\u0131n s\u0131n\u0131rlar\u0131 d\u0131\u015f\u0131ndaki insanlar\u0131n can\u0131, Suriye&#8217;deki insanlar\u0131n can\u0131.&#8221; dedi.<\/p>\n<p>\u00c7elik, T\u00fcrkiye&#8217;nin ter\u00f6r \u00f6rg\u00fct\u00fc PKK&#8217;n\u0131n ilk sald\u0131r\u0131s\u0131na u\u011framas\u0131ndan 15-20 sene sonra AB&#8217;nin PKK&#8217;y\u0131 g\u00fcndeme ald\u0131\u011f\u0131n\u0131 ve \u00e7ok daha sonra da ter\u00f6r \u00f6rg\u00fct\u00fc olarak kabul etti\u011fini an\u0131msatarak, \u015f\u00f6yle devam etti:<\/p>\n<p>&#8220;\u015eimdi biz kendisinin (AB&#8217;nin) YPG\/PYD&#8217;yi ter\u00f6r \u00f6rg\u00fct\u00fc kabul etmesi i\u00e7in 15 y\u0131l boyunca bu sald\u0131r\u0131lara tahamm\u00fcl g\u00f6sterecek de\u011filiz. &#8216;BM ter\u00f6r \u00f6rg\u00fct\u00fc listesine odaklans\u0131n&#8217; deniliyor, zaten DEA\u015e&#8217;tan tutun, di\u011ferlerine kadar biz bir odaklanman\u0131n i\u00e7indeyiz. Sahada da DEA\u015e&#8217;a kar\u015f\u0131 en etkili m\u00fccadeleyi biz veriyoruz ama \u015fu da nettir ki etiketi ne olursa olsun, hangi jeneri\u011fi kullan\u0131rsa kullans\u0131n PYD\/YPG bir ter\u00f6r \u00f6rg\u00fct\u00fcd\u00fcr ve bu ter\u00f6r \u00f6rg\u00fct\u00fc PKK ile e\u015fittir. T\u00fcrkiye&#8217;nin ter\u00f6rle m\u00fccadelesi de uluslararas\u0131 hukuka ve b\u00fct\u00fcn hukuk kurallar\u0131na uygundur.&#8221;<\/p>\n<p>Tasar\u0131da &#8220;T\u00fcrkiye&#8217;nin K\u00fcrt kuvvetlerinin oldu\u011fu b\u00f6lgeye m\u00fcdahalesi&#8221; diye bir ifade oldu\u011funa i\u015faret eden \u00c7elik, &#8220;Bu, a\u00e7\u0131k ve net bir \u015fekilde AP taraf\u0131ndan ter\u00f6r \u00f6rg\u00fct\u00fcn\u00fcn dilinin kullan\u0131lmas\u0131d\u0131r. Bu ayn\u0131 zamanda Suriye&#8217;deki K\u00fcrtlere y\u00f6nelik de bir a\u015fa\u011f\u0131lama \u00e7abas\u0131d\u0131r. &#8216;K\u00fcrt kuvvetleri&#8217; dedi\u011finiz zaman PKK ile b\u00fct\u00fcn oradaki K\u00fcrtleri \u00f6zde\u015fle\u015ftirmi\u015f oluyorsunuz. \u0130kincisi de meseleyi bir etnik mesele gibi ele al\u0131p ter\u00f6r meselesinden uzakla\u015ft\u0131rm\u0131\u015f oluyorsunuz.&#8221; de\u011ferlendirmesindi bulundu.<\/p>\n<p>Suriye meselesi ile daha AP&#8217;nin g\u00fcndeminde yokken T\u00fcrkiye&#8217;nin yak\u0131ndan ilgilendi\u011fini vurgulayan \u00c7elik, &#8220;Siz, T\u00fcrkiye&#8217;nin PYD YPG PKK&#8217;ya kar\u015f\u0131 m\u00fcdahalesini &#8216;K\u00fcrt kuvvetlerine bir m\u00fcdahale&#8217; gibi alg\u0131larsan\u0131z veya b\u00f6yle alg\u0131latmaya \u00e7al\u0131\u015f\u0131rsan\u0131z bu ter\u00f6r \u00f6rg\u00fct\u00fcn\u00fcn kulland\u0131\u011f\u0131 dili kullanmak olur. AP&#8217;nin bu ifadesini de a\u00e7\u0131k bir \u015fekilde k\u0131n\u0131yoruz. Yani kimse DEA\u015e&#8217;a nas\u0131l &#8216;Arap kuvvetleri&#8217; diyemiyorsa ya da &#8216;\u015fu mezhepten bu mezhepten kuvvetler&#8217; diye ter\u00f6r \u00f6rg\u00fctlerini ay\u0131ram\u0131yorsa YPG&#8217;nin de K\u00fcrt kuvvetler olarak adland\u0131r\u0131lmas\u0131 ayn\u0131 mant\u0131\u011fa hizmet eder.&#8221; de\u011ferlendirmesini yapt\u0131.<\/p>\n<p><strong>&#8220;AP&#8217;nin karar\u0131n\u0131n T\u00fcrkiye i\u00e7in hi\u00e7bir ba\u011flay\u0131c\u0131l\u0131\u011f\u0131 yok&#8221;<\/strong><\/p>\n<p>Kararda yer alan &#8220;T\u00fcrk h\u00fck\u00fcmetine askerlerini geri \u00e7ekmesi ve Suriye \u00e7at\u0131\u015fmas\u0131nda yap\u0131c\u0131 bir rol oynamas\u0131 \u00e7a\u011fr\u0131s\u0131nda bulunuyor.&#8221; ifadesine ili\u015fkin, \u00c7elik, bu \u00e7a\u011fr\u0131n\u0131n ahlaki, siyasi ve sahadaki ger\u00e7eklerle hi\u00e7bir ilgisinin olmad\u0131\u011f\u0131n\u0131 vurgulad\u0131.<\/p>\n<p>\u00c7elik, AP&#8217;nin olan biteni sadece uzaktan izledi\u011fini ve siyasi y\u00fck\u00fcml\u00fcl\u00fcklerini yerine getiremedi\u011fi i\u00e7in s\u00f6z konusu ifadeye ba\u015fvurdu\u011funu belirterek, T\u00fcrkiye&#8217;nin, uluslaras\u0131 hukuka uygun olarak kendi g\u00fcvenli\u011fini sa\u011flad\u0131\u011f\u0131n\u0131 ve Avrupa ile m\u00fcttefiklerinin g\u00fcvenli\u011fini sa\u011flayacak bir sonu\u00e7 \u00fcretecek \u015fekilde ter\u00f6rle m\u00fccadele etti\u011fini dile getirdi.<\/p>\n<p>&#8220;Ter\u00f6rle m\u00fccadele konusunda, bu ter\u00f6r \u00f6rg\u00fct bertaraf edilene ve T\u00fcrkiye i\u00e7in bu g\u00fcvenlik kayg\u0131s\u0131 ortadan kalkana kadar bu operasyon devam edecektir.&#8221; diyen \u00c7elik, AP&#8217;nin yapt\u0131\u011f\u0131 \u00e7a\u011fr\u0131n\u0131n bir ba\u011flay\u0131c\u0131l\u0131\u011f\u0131 olmad\u0131\u011f\u0131n\u0131 bildiklerini kaydetti.<\/p>\n<p>\u00c7elik, &#8220;(AP&#8217;nin) Yapt\u0131\u011f\u0131 \u00e7a\u011fr\u0131n\u0131n, T\u00fcrkiye gibi bir NATO \u00fcyesi ve AB&#8217;ye aday \u00fclke ter\u00f6rle m\u00fccadele ederken T\u00fcrkiye&#8217;ye oradan askerlerini \u00e7ek demenin ter\u00f6r \u00f6rg\u00fct\u00fcne do\u011frudan destek vermek anlam\u0131na geldi\u011fine i\u015faret ediyoruz. AP&#8217;nin bu c\u00fcmlesini, PYD, YPG ve PKK ter\u00f6r \u00f6rg\u00fct\u00fcne a\u00e7\u0131k bir destek vermek olarak alg\u0131l\u0131yoruz, yapt\u0131klar\u0131 budur.&#8221; ifadelerini kulland\u0131.<\/p>\n<p>Bakan \u00c7elik, &#8220;E\u011fer bu c\u00fcmleyi bir ter\u00f6r \u00f6rg\u00fct\u00fc yazmak isteseydi, PYD, YPG ter\u00f6r \u00f6rg\u00fct\u00fcne bu konuda bir c\u00fcmle yaz\u0131n deseydiniz ayn\u0131 bunun gibi bir c\u00fcmle yazarlard\u0131.&#8221; dedi.<\/p>\n<p><strong>&#8220;Ter\u00f6rle m\u00fccadele konusunda d\u00fcnyadaki en duyarl\u0131 \u00fclke T\u00fcrkiye&#8221;<\/strong><\/p>\n<p>AP&#8217;yi, sahadaki ger\u00e7ekleri do\u011fru anlamaya ve ilkeli davranmaya davet eden \u00c7elik, ter\u00f6rle m\u00fccadele konusunda d\u00fcnyadaki en duyarl\u0131 \u00fclkenin T\u00fcrkiye oldu\u011funu vurgulad\u0131.<\/p>\n<p>&#8220;\u00c7at\u0131\u015fmaya, \u00e7at\u0131\u015fma eklemiyoruz. Tam tersi b\u00fct\u00fcn bu \u00e7at\u0131\u015fmalardan istifade ederek, ter\u00f6r \u00f6rg\u00fctlerinin orada bir tak\u0131m ter\u00f6r devletleri kurmas\u0131na kar\u015f\u0131 bir tutum sergiliyoruz.&#8221; diyen \u00c7elik, AP&#8217;nin b\u00fcy\u00fck bir bilgisizlik ve cahillikle ter\u00f6r \u00f6rg\u00fct\u00fcne destek veren bir karara imza att\u0131\u011f\u0131n\u0131n alt\u0131n\u0131 \u00e7izdi.<\/p>\n<p>\u00c7elik, bu karar\u0131n T\u00fcrkiye i\u00e7in hi\u00e7bir ba\u011flay\u0131c\u0131l\u0131\u011f\u0131 olmad\u0131\u011f\u0131n\u0131 yineleyerek, bu karar\u0131 AP&#8217;nin kendi kredibilitesini tart\u0131\u015ft\u0131\u011f\u0131 bir karar olarak de\u011ferlendirdiklerini s\u00f6yledi.<\/p>\n<p>Kaynak: AA<\/p>\n","protected":false},"excerpt":{"rendered":"<p>AB Bakan\u0131 \u00d6mer \u00c7elik, AP&#8217;deki Zeytin Dal\u0131 Harekat\u0131 ile ilgili karara ili\u015fkin, &#8220;AP gibi bir kurumun Suriye&#8217;de olup bitenden ne kadar uzak oldu\u011funu g\u00f6steren bir karar oldu.&#8221; dedi.<\/p>\n","protected":false},"author":1000097,"featured_media":2960,"comment_status":"open","ping_status":"closed","sticky":false,"template":"","format":"standard","meta":[],"categories":[85],"tags":[],"_links":{"self":[{"href":"https:\/\/www.vizyon2023.com.tr\/index.php\/wp-json\/wp\/v2\/posts\/2959"}],"collection":[{"href":"https:\/\/www.vizyon2023.com.tr\/index.php\/wp-json\/wp\/v2\/posts"}],"about":[{"href":"https:\/\/www.vizyon2023.com.tr\/index.php\/wp-json\/wp\/v2\/types\/post"}],"author":[{"embeddable":true,"href":"https:\/\/www.vizyon2023.com.tr\/index.php\/wp-json\/wp\/v2\/users\/1000097"}],"replies":[{"embeddable":true,"href":"https:\/\/www.vizyon2023.com.tr\/index.php\/wp-json\/wp\/v2\/comments?post=2959"}],"version-history":[{"count":0,"href":"https:\/\/www.vizyon2023.com.tr\/index.php\/wp-json\/wp\/v2\/posts\/2959\/revisions"}],"wp:featuredmedia":[{"embeddable":true,"href":"https:\/\/www.vizyon2023.com.tr\/index.php\/wp-json\/wp\/v2\/media\/2960"}],"wp:attachment":[{"href":"https:\/\/www.vizyon2023.com.tr\/index.php\/wp-json\/wp\/v2\/media?parent=2959"}],"wp:term":[{"taxonomy":"category","embeddable":true,"href":"https:\/\/www.vizyon2023.com.tr\/index.php\/wp-json\/wp\/v2\/categories?post=2959"},{"taxonomy":"post_tag","embeddable":true,"href":"https:\/\/www.vizyon2023.com.tr\/index.php\/wp-json\/wp\/v2\/tags?post=2959"}],"curies":[{"name":"wp","href":"https:\/\/api.w.org\/{rel}","templated":true}]}}