{"id":2950,"date":"2018-03-15T11:43:58","date_gmt":"2018-03-15T09:43:58","guid":{"rendered":"http:\/\/www.vizyon2023.com.tr\/index.php\/2018\/03\/15\/cumhurbaskani-erdogan-oyuncu-selin-sekerci-hakkindaki-sikayetinden-vazgecti\/"},"modified":"2018-03-15T11:43:58","modified_gmt":"2018-03-15T09:43:58","slug":"cumhurbaskani-erdogan-oyuncu-selin-sekerci-hakkindaki-sikayetinden-vazgecti","status":"publish","type":"post","link":"https:\/\/www.vizyon2023.com.tr\/index.php\/2018\/03\/15\/cumhurbaskani-erdogan-oyuncu-selin-sekerci-hakkindaki-sikayetinden-vazgecti\/","title":{"rendered":"Cumhurba\u015fkan\u0131 Erdo\u011fan, oyuncu Selin \u015eekerci hakk\u0131ndaki \u015fikayetinden vazge\u00e7ti"},"content":{"rendered":"<p>Cumhurba\u015fkan\u0131 Recep Tayyip Erdo\u011fan&#8217;a, 2013 y\u0131l\u0131nda sosyal payla\u015f\u0131m hesab\u0131ndaki payla\u015f\u0131mlar\u0131nda hakaret ve tehditte bulundu\u011fu iddias\u0131yla 4 y\u0131l 4 aya kadar hapsi istenen oyuncu Selin \u015eekerci&#8217;nin yarg\u0131lanmas\u0131na devam edildi. Cumhurba\u015fkan\u0131 Erdo\u011fan, avukat\u0131 arac\u0131l\u0131\u011f\u0131yla Selin \u015eekerci hakk\u0131ndaki \u015fikayetinden vazge\u00e7ti.<\/p>\n<p>\u0130stanbul Asliye Ceza Mahkemesi&#8217;nde g\u00f6r\u00fclen duru\u015fmaya, san\u0131k Selin \u015eekerci gelmezken, avukat\u0131 haz\u0131r bulundu. Hakim, celse aras\u0131nda Cumhurba\u015fkan\u0131 Recep Tayyip Erdo\u011fan&#8217;\u0131n avukat\u0131n\u0131n \u015fikayetten vazge\u00e7tiklerine dair bir dilek\u00e7e sundu\u011funu ifade ederek, san\u0131\u011f\u0131n duru\u015fmaya neden gelmedi\u011fini sordu. Bunun \u00fczerine Selin \u015eekerci&#8217;nin avukat\u0131, m\u00fcvekkilinin \u015fehir d\u0131\u015f\u0131nda oldu\u011funu belirterek gelecek celse haz\u0131r edeceklerini s\u00f6yledi. Hakim, bir dahaki celseye kat\u0131lmad\u0131\u011f\u0131 takdirde hakk\u0131nda zorla getirme karar\u0131 \u00e7\u0131karaca\u011f\u0131 uyar\u0131s\u0131nda bulunarak, \u015eekerci&#8217;nin mazeretini kabul etti.<\/p>\n<p>Mahkeme, \u015eekerci&#8217;nin gelecek celse dinlenilmesine karar vererek duru\u015fmay\u0131 erteledi.<\/p>\n<p><b>&#8220;Kamu g\u00f6revlisine hakaret&#8221; ve &#8220;Tehdit&#8221;<\/b><\/p>\n<p>\u0130stanbul Cumhuriyet Savc\u0131l\u0131\u011f\u0131&#8217;n\u0131n haz\u0131rlad\u0131\u011f\u0131 iddianamede, Cumhurba\u015fkan\u0131 Recep Tayyip Erdo\u011fan &#8220;m\u00fc\u015fteki&#8221;, Selin \u015eekerci ise &#8220;\u015f\u00fcpheli&#8221; s\u0131fat\u0131yla yer ald\u0131. \u0130ddianamede, \u015fikayet dilek\u00e7esine g\u00f6re \u015f\u00fcpheli Selin \u015eekerci&#8217;nin sosyal payla\u015f\u0131m sitesi Twitter&#8217;daki 2013 y\u0131l\u0131ndaki payla\u015f\u0131mlar\u0131na yer verildi. \u015e\u00fcphelinin savunmas\u0131nda, su\u00e7 kast\u0131n\u0131n olmad\u0131\u011f\u0131n\u0131, mizah anlay\u0131\u015f\u0131 dahilinde ilgili payla\u015f\u0131mlar\u0131 yapt\u0131\u011f\u0131n\u0131 s\u00f6yledi\u011fi belirtildi. \u015e\u00fcpheliye ait payla\u015f\u0131mda kullan\u0131lan foto\u011fraflarda yer alan Isengard&#8217;\u0131n, &#8220;Y\u00fcz\u00fcklerin Efendisi&#8221; kitab\u0131nda k\u00f6t\u00fcl\u00fck timsali Saruman&#8217;\u0131n kalesi oldu\u011fu ifade edilen iddianamede, &#8220;Bu kalenin hikayede y\u0131k\u0131lmaz bir yap\u0131s\u0131 olmakla birlikte meydana gelen sava\u015fta y\u0131k\u0131ld\u0131\u011f\u0131 ve Saruman&#8217;\u0131n Orthanc isimli kulede esir kald\u0131\u011f\u0131ndan bahsedildi\u011fi, Saruman&#8217;\u0131n da sava\u015f\u0131 kaybetti\u011fi, payla\u015f\u0131lan resmin \u00fczerinde de bu resimlerin bulundu\u011fu, resimler ve yap\u0131lan yorumlarla birlikte hem hakaret, hem de tehdit eylemlerinin ayn\u0131 anda olu\u015ftu\u011fu&#8221; ifade edildi. \u0130ddianamede m\u00fc\u015ftekinin yap\u0131lan payla\u015f\u0131mlar d\u00f6neminde T\u00fcrkiye Cumhuriyeti Ba\u015fbakan&#8217;\u0131 olarak g\u00f6rev yapt\u0131\u011f\u0131, bu nedenle at\u0131l\u0131 eylemlerin &#8220;Kamu g\u00f6revlisine alenen hakaret&#8221; ve &#8220;Tehdit&#8221; su\u00e7lar\u0131n\u0131 olu\u015fturdu\u011fu kanaatine var\u0131ld\u0131\u011f\u0131 bilgisi yer ald\u0131.<\/p>\n<p>Kaynak: DHA<\/p>\n","protected":false},"excerpt":{"rendered":"<p>Cumhurba\u015fkan\u0131 Recep Tayyip Erdo\u011fan, sosyal medyada kendisi hakk\u0131nda payla\u015f\u0131mlarda bulunan oyuncu Selin \u015eekerci hakk\u0131ndaki \u015fikayetinden, avukat\u0131 arac\u0131l\u0131\u011f\u0131yla vazge\u00e7ti.<\/p>\n","protected":false},"author":1000097,"featured_media":2951,"comment_status":"open","ping_status":"closed","sticky":false,"template":"","format":"standard","meta":[],"categories":[85],"tags":[],"_links":{"self":[{"href":"https:\/\/www.vizyon2023.com.tr\/index.php\/wp-json\/wp\/v2\/posts\/2950"}],"collection":[{"href":"https:\/\/www.vizyon2023.com.tr\/index.php\/wp-json\/wp\/v2\/posts"}],"about":[{"href":"https:\/\/www.vizyon2023.com.tr\/index.php\/wp-json\/wp\/v2\/types\/post"}],"author":[{"embeddable":true,"href":"https:\/\/www.vizyon2023.com.tr\/index.php\/wp-json\/wp\/v2\/users\/1000097"}],"replies":[{"embeddable":true,"href":"https:\/\/www.vizyon2023.com.tr\/index.php\/wp-json\/wp\/v2\/comments?post=2950"}],"version-history":[{"count":0,"href":"https:\/\/www.vizyon2023.com.tr\/index.php\/wp-json\/wp\/v2\/posts\/2950\/revisions"}],"wp:featuredmedia":[{"embeddable":true,"href":"https:\/\/www.vizyon2023.com.tr\/index.php\/wp-json\/wp\/v2\/media\/2951"}],"wp:attachment":[{"href":"https:\/\/www.vizyon2023.com.tr\/index.php\/wp-json\/wp\/v2\/media?parent=2950"}],"wp:term":[{"taxonomy":"category","embeddable":true,"href":"https:\/\/www.vizyon2023.com.tr\/index.php\/wp-json\/wp\/v2\/categories?post=2950"},{"taxonomy":"post_tag","embeddable":true,"href":"https:\/\/www.vizyon2023.com.tr\/index.php\/wp-json\/wp\/v2\/tags?post=2950"}],"curies":[{"name":"wp","href":"https:\/\/api.w.org\/{rel}","templated":true}]}}