{"id":2944,"date":"2018-03-15T11:36:51","date_gmt":"2018-03-15T09:36:51","guid":{"rendered":"http:\/\/www.vizyon2023.com.tr\/index.php\/2018\/03\/15\/genelkurmay-baskani-akar-sehit-yakinlariyla-bulustu\/"},"modified":"2018-03-15T11:36:51","modified_gmt":"2018-03-15T09:36:51","slug":"genelkurmay-baskani-akar-sehit-yakinlariyla-bulustu","status":"publish","type":"post","link":"https:\/\/www.vizyon2023.com.tr\/index.php\/2018\/03\/15\/genelkurmay-baskani-akar-sehit-yakinlariyla-bulustu\/","title":{"rendered":"Genelkurmay Ba\u015fkan\u0131 Akar, \u015fehit yak\u0131nlar\u0131yla bulu\u015ftu"},"content":{"rendered":"<p>Genelkurmay Ba\u015fkan\u0131 Orgeneral Hulusi Akar, T\u00fcrkiye Harp Malul\u00fc Gaziler, \u015eehit Dul ve Yetimleri Derne\u011fi Genel Ba\u015fkan\u0131 Taner Uran ve beraberindeki dernek \u00fcyeleriyle bir araya geldi.<\/p>\n<p>Kabulde, Genelkurmay \u0130kinci Ba\u015fkan\u0131 Orgeneral \u00dcmit D\u00fcndar da yer ald\u0131.<\/p>\n<p>Kaynak: AA<\/p>\n","protected":false},"excerpt":{"rendered":"<p>Genelkurmay Ba\u015fkan\u0131 Orgeneral Akar, T\u00fcrkiye Harp Malul\u00fc Gaziler, \u015eehit Dul ve Yetimleri Derne\u011fi Genel Ba\u015fkan\u0131 Uran ve beraberindeki dernek \u00fcyelerini kabul etti.<\/p>\n","protected":false},"author":1000097,"featured_media":2945,"comment_status":"open","ping_status":"closed","sticky":false,"template":"","format":"standard","meta":[],"categories":[85],"tags":[],"_links":{"self":[{"href":"https:\/\/www.vizyon2023.com.tr\/index.php\/wp-json\/wp\/v2\/posts\/2944"}],"collection":[{"href":"https:\/\/www.vizyon2023.com.tr\/index.php\/wp-json\/wp\/v2\/posts"}],"about":[{"href":"https:\/\/www.vizyon2023.com.tr\/index.php\/wp-json\/wp\/v2\/types\/post"}],"author":[{"embeddable":true,"href":"https:\/\/www.vizyon2023.com.tr\/index.php\/wp-json\/wp\/v2\/users\/1000097"}],"replies":[{"embeddable":true,"href":"https:\/\/www.vizyon2023.com.tr\/index.php\/wp-json\/wp\/v2\/comments?post=2944"}],"version-history":[{"count":0,"href":"https:\/\/www.vizyon2023.com.tr\/index.php\/wp-json\/wp\/v2\/posts\/2944\/revisions"}],"wp:featuredmedia":[{"embeddable":true,"href":"https:\/\/www.vizyon2023.com.tr\/index.php\/wp-json\/wp\/v2\/media\/2945"}],"wp:attachment":[{"href":"https:\/\/www.vizyon2023.com.tr\/index.php\/wp-json\/wp\/v2\/media?parent=2944"}],"wp:term":[{"taxonomy":"category","embeddable":true,"href":"https:\/\/www.vizyon2023.com.tr\/index.php\/wp-json\/wp\/v2\/categories?post=2944"},{"taxonomy":"post_tag","embeddable":true,"href":"https:\/\/www.vizyon2023.com.tr\/index.php\/wp-json\/wp\/v2\/tags?post=2944"}],"curies":[{"name":"wp","href":"https:\/\/api.w.org\/{rel}","templated":true}]}}