{"id":2942,"date":"2018-03-15T11:36:15","date_gmt":"2018-03-15T09:36:15","guid":{"rendered":"http:\/\/www.vizyon2023.com.tr\/index.php\/2018\/03\/15\/turkiye-ve-rusya-arasinda-vize-kolaylasacak\/"},"modified":"2018-03-15T11:36:15","modified_gmt":"2018-03-15T09:36:15","slug":"turkiye-ve-rusya-arasinda-vize-kolaylasacak","status":"publish","type":"post","link":"https:\/\/www.vizyon2023.com.tr\/index.php\/2018\/03\/15\/turkiye-ve-rusya-arasinda-vize-kolaylasacak\/","title":{"rendered":"T\u00fcrkiye ve Rusya aras\u0131nda vize kolayla\u015facak"},"content":{"rendered":"<p>Moskova\u2019da T\u00fcrkiye D\u0131\u015fi\u015fleri Bakan\u0131 Mevl\u00fct \u00c7avu\u015fo\u011flu ile ortak bas\u0131n toplant\u0131s\u0131n\u0131 yapan Bakan Lavrov, &#8220;Vize rejiminin kolayla\u015ft\u0131r\u0131lmas\u0131 y\u00f6n\u00fcndeki at\u0131lacak ad\u0131mlar\u0131 g\u00f6r\u00fc\u015ft\u00fck. Sonu\u00e7 olarak bu a\u015famada vize kolayla\u015ft\u0131r\u0131lmas\u0131na ili\u015fkin at\u0131lacak ad\u0131mlar, ileride vizesiz rejiminin yeniden uygulanmas\u0131 i\u00e7in \u015fartlar\u0131n haz\u0131rlanmas\u0131 \u00fczerinde \u00e7al\u0131\u015fmalar\u0131n ilk a\u015famas\u0131 olabilecek&#8221; dedi.<\/p>\n<p>Ayr\u0131ca Lavrov, vize rejiminin kar\u015f\u0131l\u0131kl\u0131 kolayla\u015ft\u0131r\u0131lmas\u0131 konusunda Rusya\u2019n\u0131n \u00f6ncelli\u011finin Ruslar\u0131n g\u00fcvenli\u011fi sa\u011flanmas\u0131 olaca\u011f\u0131n\u0131 belirtti.<\/p>\n<p>Rusya D\u0131\u015fi\u015fleri Bakan\u0131 Sergey Lavrov, T\u00fcrkiye D\u0131\u015fi\u015fleri Bakan\u0131 Mevl\u00fct \u00c7avu\u015fo\u011flu ile g\u00f6r\u00fc\u015fmesinde, tar\u0131m \u00fcr\u00fcnlerinin sevkiyatlar\u0131na getirilen k\u0131s\u0131tlamalar\u0131n kald\u0131r\u0131lmas\u0131n\u0131 ele ald\u0131klar\u0131n\u0131 da duyurdu.<\/p>\n<p>&#8220;\u0130kili alanda as\u0131l dikkat ekonomi bakanl\u0131klar\u0131m\u0131z\u0131n faaliyetlerine verildi. \u0130ki \u00fclke aras\u0131ndaki ticaret hacminin y\u00fczde 37 art\u0131\u011f\u0131n\u0131 memnuniyetle dile getirdik. Tar\u0131m \u00fcr\u00fcnleri dahil olmak \u00fczere k\u0131s\u0131tlamalar\u0131n kald\u0131r\u0131lmas\u0131nda ad\u0131mlar atmaya devam etme konusunda anla\u015ft\u0131k. Bu birbirimize g\u00f6nderdi\u011fimiz di\u011fer \u00fcr\u00fcnleri de kaps\u0131yor. \u00c7o\u011funlukla bu sevkiyatlar\u0131 zorla\u015ft\u0131ran b\u00fcrokratik prosed\u00fcrlerin kald\u0131r\u0131lmas\u0131 gerekti\u011finden kaynaklan\u0131yor.&#8221;<\/p>\n<p>Sergey Lavrov, T\u00fcrkiye\u2019nin S-400 sevkiyatlar\u0131n\u0131n h\u0131zland\u0131r\u0131lmas\u0131na dair iste\u011fini de olumlu kar\u015f\u0131lad\u0131klar\u0131n\u0131 belirtti. Lavrov, &#8220;G\u00f6r\u00fc\u015fmede S-400 sevkiyatlar\u0131n\u0131 da ele ald\u0131k, bu konu uzmanlar taraf\u0131ndan g\u00f6r\u00fc\u015f\u00fcl\u00fcyor. T\u00fcrkiye taraf\u0131ndan gelen sevkiyatlar\u0131n h\u0131zland\u0131r\u0131lmas\u0131 ricas\u0131na olumlu bak\u0131yoruz&#8221; dedi.<\/p>\n<p>Rus D\u0131\u015fi\u015fleri Bakan\u0131 Lavrov, ABD\u2019nin Suriye\u2019de \u00fcs kurdu\u011fu y\u00f6n\u00fcndeki haberlerle ilgili ise, &#8220;Suriye\u2019de ABD\u2019nin askeri \u00fcs kurma te\u015febb\u00fcs\u00fcnde oldu\u011funu biliyorum. Eminim ki \u00fclkenin par\u00e7alanmas\u0131na yol a\u00e7mak istiyorlar ve bunun i\u00e7in \u00e7e\u015fitli y\u00f6ntemlere ba\u015fvuruyorlar. \u00c7e\u015fitli provokasyonlar haz\u0131rlan\u0131yor&#8221; dedi. Rus D\u0131\u015fi\u015fleri Bakan\u0131, &#8220;s\u00fcrekli Suriye\u2019nin toprak b\u00fct\u00fcnl\u00fc\u011f\u00fcne sayg\u0131 duydu\u011funu iddia eden Washington\u2019\u0131n, bunu s\u00f6zlerle de\u011fil, eylemlerle kan\u0131tlamas\u0131 gerekti\u011fini&#8221; de vurgulad\u0131.<\/p>\n<p>Kaynak: \u0130HA<\/p>\n","protected":false},"excerpt":{"rendered":"<p>Rusya D\u0131\u015fi\u015fleri Bakan\u0131 Sergey Lavrov, Rusya ile T\u00fcrkiye aras\u0131ndaki vize i\u015flemlerinin kolayla\u015ft\u0131r\u0131lmas\u0131n\u0131n, vizenin kald\u0131r\u0131lmas\u0131n\u0131n ilk a\u015famas\u0131 olabilece\u011fini s\u00f6yledi.<\/p>\n","protected":false},"author":1000097,"featured_media":2943,"comment_status":"open","ping_status":"closed","sticky":false,"template":"","format":"standard","meta":[],"categories":[85],"tags":[],"_links":{"self":[{"href":"https:\/\/www.vizyon2023.com.tr\/index.php\/wp-json\/wp\/v2\/posts\/2942"}],"collection":[{"href":"https:\/\/www.vizyon2023.com.tr\/index.php\/wp-json\/wp\/v2\/posts"}],"about":[{"href":"https:\/\/www.vizyon2023.com.tr\/index.php\/wp-json\/wp\/v2\/types\/post"}],"author":[{"embeddable":true,"href":"https:\/\/www.vizyon2023.com.tr\/index.php\/wp-json\/wp\/v2\/users\/1000097"}],"replies":[{"embeddable":true,"href":"https:\/\/www.vizyon2023.com.tr\/index.php\/wp-json\/wp\/v2\/comments?post=2942"}],"version-history":[{"count":0,"href":"https:\/\/www.vizyon2023.com.tr\/index.php\/wp-json\/wp\/v2\/posts\/2942\/revisions"}],"wp:featuredmedia":[{"embeddable":true,"href":"https:\/\/www.vizyon2023.com.tr\/index.php\/wp-json\/wp\/v2\/media\/2943"}],"wp:attachment":[{"href":"https:\/\/www.vizyon2023.com.tr\/index.php\/wp-json\/wp\/v2\/media?parent=2942"}],"wp:term":[{"taxonomy":"category","embeddable":true,"href":"https:\/\/www.vizyon2023.com.tr\/index.php\/wp-json\/wp\/v2\/categories?post=2942"},{"taxonomy":"post_tag","embeddable":true,"href":"https:\/\/www.vizyon2023.com.tr\/index.php\/wp-json\/wp\/v2\/tags?post=2942"}],"curies":[{"name":"wp","href":"https:\/\/api.w.org\/{rel}","templated":true}]}}