{"id":2940,"date":"2018-03-15T11:34:55","date_gmt":"2018-03-15T09:34:55","guid":{"rendered":"http:\/\/www.vizyon2023.com.tr\/index.php\/2018\/03\/15\/disisleri-bakani-cavusoglu-19-marttaki-toplanti-ertelenebilir\/"},"modified":"2018-03-15T11:34:55","modified_gmt":"2018-03-15T09:34:55","slug":"disisleri-bakani-cavusoglu-19-marttaki-toplanti-ertelenebilir","status":"publish","type":"post","link":"https:\/\/www.vizyon2023.com.tr\/index.php\/2018\/03\/15\/disisleri-bakani-cavusoglu-19-marttaki-toplanti-ertelenebilir\/","title":{"rendered":"D\u0131\u015fi\u015fleri Bakan\u0131 \u00c7avu\u015fo\u011flu: 19 Mart&#8217;taki toplant\u0131 ertelenebilir"},"content":{"rendered":"<p>D\u0131\u015fi\u015fleri Bakan\u0131 Mevl\u00fct \u00c7avu\u015fo\u011flu ve Rusya D\u0131\u015fi\u015fleri Bakan\u0131 Sergey Lavrov, T\u00fcrkiye-Rusya 6. Ortak Stratejik Planlama Grubu Toplant\u0131s\u0131 sonras\u0131 ortak bas\u0131n toplant\u0131s\u0131 d\u00fczenledi.<\/p>\n<p>D\u0131\u015fi\u015fleri Bakan\u0131 \u00c7avu\u015fo\u011flu konu\u015fmas\u0131nda, \u00c7avu\u015fo\u011flu, &#8220;19&#8217;unda Washington&#8217;da bir g\u00f6r\u00fc\u015fmemiz olacakt\u0131 ama \u015fimdi Rex Tillerson g\u00f6revden ayr\u0131ld\u0131\u011f\u0131 i\u00e7in bu ertelenebilir. Ne yapaca\u011f\u0131m\u0131z\u0131 g\u00f6r\u00fc\u015f\u00fcyoruz.&#8221; diye konu\u015ftu.<\/p>\n<p><strong>&#8220;YPG&#8217;nin ayr\u0131lmas\u0131yla ilgili g\u00f6r\u00fc\u015fmelerimiz devam ediyor&#8221;<\/strong><\/p>\n<p>ABD&#8217;nin, Kazakistan&#8217;\u0131n ba\u015fkenti Astana&#8217;da g\u00f6zlemci oldu\u011funu ve orada neler olup bitti\u011fini zaten g\u00f6rd\u00fc\u011f\u00fcn\u00fc belirten \u00c7avu\u015fo\u011flu, &#8220;Fakat Astana format\u0131nda ABD ile bir mekanizmam\u0131z yok. M\u00fcnbi\u00e7 ve YPG&#8217;nin kontrol etti\u011fi yerlerin istikrara kavu\u015fturulmas\u0131 ve YPG&#8217;nin buralardan ayr\u0131lmas\u0131yla ilgili bir anlay\u0131\u015f var bununla ilgili g\u00f6r\u00fc\u015fmelerimiz devam ediyor.&#8221; ifadelerini kulland\u0131.<\/p>\n<p><strong>&#8220;Verilen s\u00f6zler tutulmad\u0131&#8221;<\/strong><\/p>\n<p>Burada bir uygulama olabilirse F\u0131rat&#8217;\u0131n do\u011fusundaki b\u00f6lgelerin de istikrara kavu\u015fturulmas\u0131 i\u00e7in ad\u0131mlar at\u0131labilece\u011fini ifade eden \u00c7avu\u015fo\u011flu, &#8220;Ama \u00f6nce M\u00fcnbi\u00e7&#8217;te ABD&#8217;nin ne kadar samimi oldu\u011funu ve s\u00f6z\u00fcn\u00fc ne kadar tutaca\u011f\u0131n\u0131 g\u00f6rmemiz laz\u0131m. \u00c7\u00fcnk\u00fc daha \u00f6nce verilen \u00e7ok say\u0131da s\u00f6zler oldu. Bu s\u00f6zler tutulmad\u0131 tam tersine YPG\/PKK ter\u00f6r \u00f6rg\u00fct\u00fcne silahlar verildi.&#8221; de\u011ferlendirmesini yapt\u0131.<\/p>\n<p><strong>&#8220;Yeni D\u0131\u015fi\u015fleri Bakan\u0131 ile kar\u015f\u0131l\u0131kl\u0131 sayg\u0131 anlay\u0131\u015f\u0131 i\u00e7inde \u00e7al\u0131\u015fmak isteriz&#8221;<\/strong><\/p>\n<p>\u00c7avu\u015fo\u011flu, konu\u015fmas\u0131n\u0131 \u015f\u00f6yle s\u00fcrd\u00fcrd\u00fc:<\/p>\n<p>&#8220;Tabi g\u00f6rev de\u011fi\u015fikli\u011fi dolay\u0131s\u0131yla toplant\u0131 olacak m\u0131 olmayacak m\u0131 Washington&#8217;daki arkada\u015flar\u0131m\u0131z bu s\u00fcreci takip ediyor. Onlardan cevap bekliyoruz. Bug\u00fcn, yar\u0131n belli olur. Esasen Tillerson ile zor bir s\u00fcre\u00e7te, ili\u015fkilerin kritik bir s\u00fcre\u00e7ten ge\u00e7ti\u011fi ve kritik bir a\u015famaya geldi\u011fi s\u00fcre\u00e7te \u00e7al\u0131\u015ft\u0131k. Tabii ki bu ABD&#8217;nin kendi karar\u0131. Yeni D\u0131\u015fi\u015fleri Bakan\u0131 ile ayn\u0131 \u015fekilde kar\u015f\u0131l\u0131kl\u0131 sayg\u0131 anlay\u0131\u015f\u0131 ile \u00e7al\u0131\u015fmak isteriz.&#8221;<\/p>\n<p><strong>Lavrov: ABD&#8217;nin Suriye&#8217;de \u00fcs kurma te\u015febb\u00fcs\u00fcnde oldu\u011funu biliyorum<\/strong><\/p>\n<p>Rus D\u0131\u015fi\u015fleri Bakan\u0131 Lavrov da ABD&#8217;nin Suriye&#8217;de \u00fcs kurdu\u011fu y\u00f6n\u00fcndeki haberlere ili\u015fkin, &#8220;Suriye&#8217;de ABD&#8217;nin askeri \u00fcs kurma te\u015febb\u00fcs\u00fcnde oldu\u011funu biliyorum. Eminim ki \u00fclkenin par\u00e7alanmas\u0131na yol a\u00e7mak istiyorlar ve bunun i\u00e7in \u00e7e\u015fitli y\u00f6ntemlere ba\u015fvuruyorlar. \u00c7e\u015fitli provokasyonlar haz\u0131rlan\u0131yor.&#8221; dedi.<\/p>\n<p>Lavrov, s\u00fcrekli Suriye&#8217;nin toprak b\u00fct\u00fcnl\u00fc\u011f\u00fcne sayg\u0131 duydu\u011funu iddia eden Washington&#8217;\u0131n, bunu s\u00f6zlerle de\u011fil, eylemlerle kan\u0131tlamas\u0131 gerekti\u011finin alt\u0131n\u0131 \u00e7izdi.<\/p>\n<p><strong>\u201cNe kadar k\u0131sa s\u00fcrede teslim edilirse o kadar iyidir\u201d<\/strong><\/p>\n<p>S-400 f\u00fcze sistemine y\u00f6nelik i\u015f birli\u011fi ile ilgilisoruyu yan\u0131tlayan\u00c7avu\u015fo\u011flu, T\u00fcrkiye\u2019ye teslimat\u0131 a\u015famas\u0131na gelindi\u011fini kaydetti.\u00c7avu\u015fo\u011flu, \u201cNe kadar k\u0131sa s\u00fcrede teslim edilirse bu iyidir. Bunun i\u00e7in de \u00e7al\u0131\u015fmalar s\u00fcrd\u00fcr\u00fcl\u00fcyor.\u201d ifadesini kulland\u0131.<\/p>\n<p>Afrin\u2019deki operasyona y\u00f6nelik bir soruyu yan\u0131tlayan\u00c7avu\u015fo\u011flu, Suriye\u2019nin toprak b\u00fct\u00fcnl\u00fc\u011f\u00fcn\u00fc desteklediklerini s\u00f6yledi.<\/p>\n<p>Zeytin Dal\u0131 Harekat\u0131&#8217;n\u0131n amac\u0131n\u0131n, bu b\u00f6lgedeki ter\u00f6ristleri etkisiz hale getirmek oldu\u011funu vurgulayan\u00c7avu\u015fo\u011flu, \u00e7ok say\u0131da vatanda\u015f\u0131n b\u00f6lgeden gelen sald\u0131r\u0131lar nedeniyle \u015fehit oldu\u011funu hat\u0131rlatt\u0131. Operasyonun amac\u0131n\u0131n Suriye topraklar\u0131n\u0131 i\u015fgal etmek olmad\u0131\u011f\u0131n\u0131n alt\u0131n\u0131 \u00e7izen\u00c7avu\u015fo\u011flu, \u201cBuralar tabii ki Suriye\u2019nin topraklar\u0131d\u0131r ama kimsenin tehdit olu\u015fturmamas\u0131 gerekiyor.\u201d dedi.<\/p>\n<p><strong>&#8220;T\u00fcrk partnerimizin iste\u011fini olumlu de\u011ferlendiriyoruz&#8221;<\/strong><\/p>\n<p>Lavrov, Rusya ile T\u00fcrkiye aras\u0131nda y\u00fcr\u00fct\u00fclen S-400 f\u00fcze sistemine ili\u015fkin anla\u015fman\u0131n hangi a\u015famada oldu\u011funun sorulmas\u0131 \u00fczerine, konunun ilgili uzmanlar taraf\u0131ndan g\u00f6r\u00fc\u015f\u00fcld\u00fc\u011f\u00fcn\u00fc belirtti. Lavrov, &#8220;T\u00fcrk partnerimiz bizden teslimat s\u00fcresinin azalt\u0131lmas\u0131n\u0131 istedi. Biz de bu konuyu olumlu de\u011ferlendiriyoruz.&#8221; diye konu\u015ftu.<\/p>\n<p>Kaynak: TRTHaber,AA<\/p>\n","protected":false},"excerpt":{"rendered":"<p>D\u0131\u015fi\u015fleri Bakan\u0131 \u00c7avu\u015fo\u011flu, 19 Mart&#8217;ta T\u00fcrkiye ile ABD aras\u0131nda yap\u0131lmas\u0131 planlanan mekanizma toplant\u0131s\u0131n\u0131n ertelenebilece\u011fini s\u00f6yledi.<\/p>\n","protected":false},"author":1000097,"featured_media":2941,"comment_status":"open","ping_status":"closed","sticky":false,"template":"","format":"standard","meta":[],"categories":[85],"tags":[],"_links":{"self":[{"href":"https:\/\/www.vizyon2023.com.tr\/index.php\/wp-json\/wp\/v2\/posts\/2940"}],"collection":[{"href":"https:\/\/www.vizyon2023.com.tr\/index.php\/wp-json\/wp\/v2\/posts"}],"about":[{"href":"https:\/\/www.vizyon2023.com.tr\/index.php\/wp-json\/wp\/v2\/types\/post"}],"author":[{"embeddable":true,"href":"https:\/\/www.vizyon2023.com.tr\/index.php\/wp-json\/wp\/v2\/users\/1000097"}],"replies":[{"embeddable":true,"href":"https:\/\/www.vizyon2023.com.tr\/index.php\/wp-json\/wp\/v2\/comments?post=2940"}],"version-history":[{"count":0,"href":"https:\/\/www.vizyon2023.com.tr\/index.php\/wp-json\/wp\/v2\/posts\/2940\/revisions"}],"wp:featuredmedia":[{"embeddable":true,"href":"https:\/\/www.vizyon2023.com.tr\/index.php\/wp-json\/wp\/v2\/media\/2941"}],"wp:attachment":[{"href":"https:\/\/www.vizyon2023.com.tr\/index.php\/wp-json\/wp\/v2\/media?parent=2940"}],"wp:term":[{"taxonomy":"category","embeddable":true,"href":"https:\/\/www.vizyon2023.com.tr\/index.php\/wp-json\/wp\/v2\/categories?post=2940"},{"taxonomy":"post_tag","embeddable":true,"href":"https:\/\/www.vizyon2023.com.tr\/index.php\/wp-json\/wp\/v2\/tags?post=2940"}],"curies":[{"name":"wp","href":"https:\/\/api.w.org\/{rel}","templated":true}]}}