{"id":2936,"date":"2018-03-15T11:30:08","date_gmt":"2018-03-15T09:30:08","guid":{"rendered":"http:\/\/www.vizyon2023.com.tr\/index.php\/2018\/03\/15\/ittifak-duzenlemesi-her-partiye-meclise-girme-imkani-veriyor\/"},"modified":"2018-03-15T11:30:08","modified_gmt":"2018-03-15T09:30:08","slug":"ittifak-duzenlemesi-her-partiye-meclise-girme-imkani-veriyor","status":"publish","type":"post","link":"https:\/\/www.vizyon2023.com.tr\/index.php\/2018\/03\/15\/ittifak-duzenlemesi-her-partiye-meclise-girme-imkani-veriyor\/","title":{"rendered":"\u0130ttifak d\u00fczenlemesi her partiye Meclis&#8217;e girme imkan\u0131 veriyor"},"content":{"rendered":"<p>TRT Haber&#8217;de \u00f6zel r\u00f6portaj konu\u011fu olan Adalet Bakan\u0131 Abdulhamit G\u00fcl, TRT Haber ve Spor Yay\u0131nlar\u0131 Dairesi Ba\u015fkan\u0131 Ya\u015far Ta\u015fk\u0131n Ko\u00e7&#8217;un g\u00fcndeme dair sorular\u0131n\u0131 cevaplad\u0131. Adalet Bakan\u0131 G\u00fcl&#8217;\u00fcn a\u00e7\u0131klamalar\u0131ndan sat\u0131r ba\u015flar\u0131 \u015f\u00f6yle:<\/p>\n<p><strong>\u0130ran&#8217;da d\u00fc\u015fen T\u00fcrk jeti<\/strong><\/p>\n<p>Son derece elim bir kaza ve jet u\u00e7a\u011f\u0131n\u0131n d\u00fc\u015fmesi ile ilgili T\u00fcrkiye ba\u015f\u0131ndan bu yana her t\u00fcrl\u00fc temas\u0131 \u0130ran nezninde de y\u00fcr\u00fct\u00fcyor. Adli t\u0131p olarak da vefat edenlerin yak\u0131nlar\u0131ndan \u00f6rnekler al\u0131nd\u0131. DNA \u00f6rnekleri ile ilgili \u0130ran adli t\u0131p kurumuyla arkada\u015flar\u0131m\u0131z temasa ge\u00e7tiler ve bu tespitler tamamland\u0131. T\u00fcrkiye&#8217;ye geldi vefat edenlerin cenazesi. Bir ki\u015fi ile ilgili kimlik tespitinin son nihai a\u015famas\u0131na gelindi. Hukuken tam kesinlik kazanmas\u0131 ve i\u015flemler tamamland\u0131ktan sonra onun da cenazesinin gelmesi bekleniyor. Adli t\u0131p yetkililerimiz, devletimizin di\u011fer yetkilileri de konu ile ilgileniyor. Biz ba\u015f\u0131ndan bu yana ailelerin yan\u0131nda olduk \u00e7ok ac\u0131 bir kaza. Ailelere ba\u015fsa\u011fl\u0131\u011f\u0131 diliyorum.<\/p>\n<p><strong>\u00dc\u00e7 ana ba\u015fl\u0131kta d\u00fczenlemeler i\u00e7eren Se\u00e7im \u0130ttifak\u0131 kanunu Meclis&#8217;ten ge\u00e7ti<\/strong><\/p>\n<p>T\u00fcrkiye&#8217;de ittifaklar yap\u0131l\u0131yordu baz\u0131 partiler bir partinin b\u00fcnyesi, amblemi alt\u0131nda se\u00e7ime gidiyordu. Fakat bu ittifak yapmaya yasal imkan tan\u0131yan d\u00fczenleme yoktu yasakt\u0131. Bu yasa\u011f\u0131n ortadan kald\u0131r\u0131lmas\u0131na ili\u015fkin bir d\u00fczenleme getirildi. \u0130kinci bir d\u00fczenleme mahalli idareler se\u00e7imlerine ili\u015fkin, mahalli idare kanununa ili\u015fkin d\u00fczenleme yap\u0131ld\u0131. Burada da 18 ya\u015f\u0131ndan itibaren belediye ba\u015fkan\u0131, belediye meclis \u00fcyesi, muhtar olunmas\u0131n\u0131n \u00f6n\u00fcn\u00fc a\u00e7an bir d\u00fczenleme yapt\u0131k. Orada da se\u00e7ilme ya\u015f\u0131 gen\u00e7 bir hale getirdi. \u00dc\u00e7\u00fcnc\u00fc d\u00fczenleme ile se\u00e7imlerin daha demokratik, daha g\u00fcvenli, daha kat\u0131l\u0131ml\u0131 olmas\u0131 amac\u0131yla se\u00e7imlerin i\u015fleyi\u015fine ili\u015fkin bir tak\u0131m sand\u0131k \u00e7evresindeki al\u0131nmas\u0131 gereken tedbirlerle ilgili se\u00e7imlerin daha demokratik olmas\u0131 ad\u0131na Bir tak\u0131m d\u00fczenlemeler getirdik. \u00dc\u00e7 ana ba\u015fl\u0131kta d\u00fczenlemeler i\u00e7eren kanun Meclisimizden ge\u00e7ti.<\/p>\n<p><strong>Cumhurba\u015fkanl\u0131\u011f\u0131 ve genel se\u00e7im pusulas\u0131<\/strong><\/p>\n<p>Cumhurba\u015fkanl\u0131\u011f\u0131 se\u00e7imi ile milletvekili se\u00e7imi ayn\u0131 g\u00fcnde olacak. Anayasa de\u011fi\u015fikli\u011fi ile bu \u015fekilde netle\u015fti. Sand\u0131\u011fa giden se\u00e7men, Cumhurba\u015fkan\u0131 i\u00e7in bir tercihte bulunacak, bir pusula da milletvekili i\u00e7in se\u00e7ecek. Hem h\u00fckumeti se\u00e7ecek, hem Meclis&#8217;i se\u00e7ecek. H\u00fckumet i\u00e7in birine oy verecek \u015fahsa, Meclis i\u00e7in de partiye oy verecek. \u0130kisini de ayn\u0131 zarfa koyacak ve ayn\u0131 sand\u0131\u011fa atacak. B\u00f6ylece iki i\u015f ortadan kalkacak.<\/p>\n<p>Ele\u015ftirilerden biri de bu, niye ayn\u0131 sand\u0131\u011fa konuyor? Ge\u00e7ti\u011fimiz belediye se\u00e7imlerinde muhtarl\u0131k zarflar\u0131 ayn\u0131 zarfta oldu\u011fu i\u00e7in pusulalar\u0131 1,5 milyonun \u00fczerinde oy zayi oldu. Milletten hem oy istiyoruz hem ge\u00e7ersiz say\u0131l\u0131yor. Bu konuda d\u00fczenleme yap\u0131ld\u0131. Bu sistemin \u00f6z\u00fc, ittifak\u0131, uzla\u015f\u0131y\u0131, kucakla\u015fmay\u0131 gerektiriyor. \u00c7\u00fcnk\u00fc y\u00fczde 50+1 alacaks\u0131n. Bu nedenle toplumun partilerinden de \u00f6te, taban\u0131n, toplumun farkl\u0131 kesimlerinden Cumhurba\u015fkanl\u0131\u011f\u0131 se\u00e7imi i\u00e7in bir mutabakat olmas\u0131 gerekiyor. Dolay\u0131s\u0131yla orada bir resmi ittifak diye bir \u015fey s\u00f6z konusu de\u011fil. Aday \u00e7\u0131kacak toplumdan parti kesimlerinden bu aday oy talep edecektir. Bu konuda ittifak dedi\u011fimiz Meclis se\u00e7imlerinde milletvekili se\u00e7imleri de olacak. Orada da bizim kanunda iki parti ya da \u00fc\u00e7 parti \u00fcst s\u0131n\u0131r yok. Bir ittifak protokol\u00fc yapacaklar, genel ba\u015fkanlar\u0131n imzalar\u0131n\u0131 ta\u015f\u0131yan bir ittifak protokol\u00fc. Se\u00e7im tarihinden 7 g\u00fcn i\u00e7erisinde ba\u015flamak \u00fczere. Nas\u0131l bir protokol yapacaklarsa kendileri belirleyecekler, ittifak\u0131n \u00fcnvan\u0131, ne d\u00fc\u015f\u00fcn\u00fcyorlarsa kanun \u00e7er\u00e7evesinde buna imkan tan\u0131yan bir d\u00fczenleme getirdik.<\/p>\n<p><strong>Oy pusulalar\u0131 nas\u0131l olacak?<\/strong><\/p>\n<p>Se\u00e7im takvimi ba\u015flad\u0131ktan sonra 7 g\u00fcn i\u00e7erisinde ve aday listelerinin adayla\u015fmas\u0131ndan 3 g\u00fcn \u00f6ncesine kadar da bu protokolden vazge\u00e7me imkan\u0131 getiren bir d\u00fczenleme. Se\u00e7im tarihinden 7 g\u00fcn i\u00e7erisinde genel ba\u015fkanlar bir araya geliyor. Genel ba\u015fkanlar\u0131 imzal\u0131yor, yetkili kurullarda de\u011ferlendiriliyor. Deniyor ki bizim ittifak\u0131m\u0131z\u0131n ad\u0131 \u00fcnvan\u0131 \u015fudur, bu \u015fekilde kamuoyunun \u00f6n\u00fcne \u00e7\u0131k\u0131yorum. Protokol\u00fc a\u00e7\u0131kl\u0131yor sonras\u0131nda Y\u00fcksek Se\u00e7im Kurulu&#8217;nda bu partilerin ittifak dahil bir parti gibi say\u0131l\u0131yor. Kuras\u0131 se\u00e7iliyor yani oy pusulas\u0131nda ka\u00e7\u0131nc\u0131 s\u0131rada olaca\u011f\u0131 se\u00e7iliyor. \u00d6rne\u011fin kura \u00e7ekildi ve bu kurada birinci \u00e7\u0131kt\u0131 pusulada bu ittifak; ittifak\u0131n ad\u0131 yaz\u0131lacak alt\u0131na ka\u00e7 parti ise genel ba\u015fkanlar\u0131n ismi olacak ve di\u011fer partiler. Herkes kendi partisine oy vererek ittifakta tercihini ortaya koyacak.<\/p>\n<p><strong>&#8220;Se\u00e7imler daha g\u00fcvenli daha demokratik hale getiriliyor&#8221;<\/strong><\/p>\n<p>Bu \u00e7al\u0131\u015fmay\u0131 yaparken sistem ile hi\u00e7 oynamad\u0131k, yani al\u0131\u015f\u0131lm\u0131\u015f t\u00fcm usuller se\u00e7im hukukumuz, se\u00e7im mevzuat\u0131m\u0131z korunmu\u015ftur. Burada ittifak \u00f6n\u00fcndeki engeller kald\u0131r\u0131lm\u0131\u015ft\u0131r, yasak kald\u0131r\u0131lm\u0131\u015ft\u0131r. Yeni bir sistem T\u00fcrkiye&#8217;de 67-68 y\u0131ld\u0131r hangi se\u00e7im uygulan\u0131yorsa hangi us\u00fcl varsa daha demokratik daha g\u00fcvenli hale getiren d\u00fczenlemeler yap\u0131lm\u0131\u015ft\u0131r. \u0130ttifaka verilen oylar \u00f6nce say\u0131lacak toplam ka\u00e7 milletvekili \u00e7\u0131kart\u0131l\u0131yor. Sonra kendi aras\u0131nda kim ne kadar milletvekili, diyelim ki bir ilde 5 milletvekili ittifaka gidiyor ama ittifak\u0131n i\u00e7erisinde o milletvekilleri hangi partiye ka\u00e7 tane gidiyor sonradan da onlar de\u011ferlendirilip onlar hesaplan\u0131yor. Cumhurba\u015fkanl\u0131\u011f\u0131 se\u00e7im sonu\u00e7lar\u0131 say\u0131l\u0131yor sonradan milletvekili se\u00e7im sonu\u00e7lar\u0131 say\u0131l\u0131yor buna ili\u015fkin d\u00fczenlemeler yine s\u00f6zkonusu. Se\u00e7im g\u00fcvenli\u011fine ili\u015fkin d\u00fczenlemeler s\u00f6zkonusu.<\/p>\n<p><strong>&#8220;D\u00fczenleme her partiye Meclis&#8217;e girme imkan\u0131 veriyor&#8221;<\/strong><\/p>\n<p>\u0130ttifak, k\u00fc\u00e7\u00fck partileri de ya da Meclis&#8217;e girip kendini temsil edemeyecek partilere de imkan getiriyor. Yani kendisine yak\u0131n g\u00f6rd\u00fc\u011f\u00fc bir parti ile i\u015fbirli\u011fi yaparak Meclis d\u0131\u015f\u0131 kalmak yerine Meclis&#8217;te temsil edilme imkan\u0131na kavu\u015fuyor bu d\u00fczenleme ile. Elbette zaman i\u00e7erisinde burada se\u00e7im sistemi ile baraj da \u00e7ok ayr\u0131nt\u0131larla ya da o \u00e7al\u0131\u015fmalara girilmedi. \u0130ttifak\u0131n \u00f6n\u00fcndeki engeller kald\u0131r\u0131ld\u0131. T\u00fcm partilerle ilgili bu hususla ilgili bir \u00e7al\u0131\u015fma ama elbette demokratik k\u00fclt\u00fcr bunu oraya ta\u015f\u0131yabilir. En az\u0131ndan mevcut durumda daha farkl\u0131 olarak y\u00fczde 1&#8217;lik bir parti kendi g\u00f6r\u00fc\u015f\u00fcne yak\u0131n g\u00f6rd\u00fc\u011f\u00fc bir parti ile ittifak yap\u0131p Meclis&#8217;te temsil edilebilir. Bu demokratik temsili sokak nas\u0131lsa bunu Meclis&#8217;te temsil edilmesine imkan getirebilecek mevcut durumdan daha iyi bir demokratik durum. En m\u00fckemmele giden bir \u00e7al\u0131\u015fmad\u0131r, mevcut durumdan daha iyi. Bu \u015fekilde Meclis&#8217;te kalacak partiler de yine kendilerine yak\u0131n g\u00f6rd\u00fckleri ya da T\u00fcrkiye&#8217;nin gelece\u011fine dair bir protokolde \u00e7al\u0131\u015fabilecekleri alanlar\u0131 belirleyerek Meclis&#8217;te temsil edilebilecektir. Bu ittifak ile ilgili bu hususta d\u00fcnya \u00f6rneklerine de bak\u0131ld\u0131 d\u00fcnyada heryerde farkl\u0131 farkl\u0131 uygulamalar var biz daha \u00e7ok T\u00fcrkiye&#8217;de, kendi amblemimle girmek istiyorum \u015feklinde bir d\u00fc\u015f\u00fcnce vard\u0131 bu d\u00fc\u015f\u00fcnceye y\u00f6nelik bir fiili uygulamaya y\u00f6nelik bir ihtiyac\u0131 kanunla\u015ft\u0131rm\u0131\u015f olduk.<\/p>\n<p><strong>\u0130ttifak d\u00fczenlemesi koalisyona kap\u0131 aralar m\u0131?<\/strong><\/p>\n<p>Biz bunu tabi AK Parti &#8211; MHP ittifak yapacak ve onun kanununu \u00e7\u0131kart\u0131yoruz diye bir\u015fey de\u011fil. T\u00fcrkiye&#8217;de her se\u00e7imde ittifak olmu\u015ftur. Partiler ittifak yapm\u0131\u015ft\u0131r. Bu ihtiyac\u0131 kar\u015f\u0131lamak ad\u0131na bir d\u00fczenleme yap\u0131lm\u0131\u015ft\u0131r. AK Parti, MHP yapar di\u011fer partiler yapar. Di\u011fer t\u00fcm partilere, ihtiya\u00e7 duyan herkese a\u00e7\u0131k bir d\u00fczenleme. \u0130lla ittifak yap\u0131lacak ittifak yap\u0131lmadan se\u00e7ime girilemez diye bir\u015fey yok. Genel se\u00e7imle ilgili milletvekili se\u00e7imine y\u00f6nelik bir ittifak kanunu \u00e7al\u0131\u015fmas\u0131 oldu.<\/p>\n<p><strong>&#8220;Kimse se\u00e7meni tehdit edemeyecek&#8221;<\/strong><\/p>\n<p>Anayasada ki se\u00e7me hakk\u0131, se\u00e7ilme hakk\u0131 se\u00e7imlerin demokratik, \u00f6zg\u00fcr, kat\u0131l\u0131mc\u0131 bir \u015fekilde d\u00fcr\u00fcstl\u00fck ilkelerine y\u00f6nelik yap\u0131lmas\u0131na y\u00f6nelik \u00e7ok \u00f6nemli d\u00fczenlemeler yap\u0131lm\u0131\u015ft\u0131r. \u00d6zellikle se\u00e7im g\u00fcvenli\u011finde baz\u0131 yerlerde bu k\u00f6yden, bu mahalleden \u015fu partiye oy \u00e7\u0131karsa pazartesi g\u00fcn\u00fc buraday\u0131z. Bunun hesab\u0131n\u0131 sorar\u0131z gibi ya da farkl\u0131 bir tak\u0131m sebeplerle ba\u011f\u0131ms\u0131z adaya bile olabilir. A\u015fa\u011f\u0131 yukar\u0131 ayn\u0131 binada oturanlar\u0131n bir sand\u0131kta olmas\u0131 halinde i\u015fte burada bir tane eksik \u00e7\u0131karsa ola\u011fan \u015f\u00fcpheliler gibi bu be\u015f y\u0131l boyunca o mahallede o yerde daima bir g\u00fcvenlik meselesi olarak kar\u015f\u0131m\u0131za \u00e7\u0131kan sorunlar oluyordu. Ne kadar yayg\u0131nd\u0131 ne kadar vard\u0131 bunlar\u0131n her hikayesi her ya\u015fanm\u0131\u015fl\u0131\u011f\u0131 bir \u015fekilde yarg\u0131ya da intikal eden boyutlar\u0131 vard\u0131. Ama burada bir sorun oldu\u011fu a\u00e7\u0131k.<\/p>\n<p><strong>&#8220;Ayn\u0131 binadaki se\u00e7men fark\u0131l sand\u0131klarda oy kullanacak&#8221;<\/strong><\/p>\n<p>Benim oyumu gizli olarak kullanmam gerekiyor, benim oyumun bilinmesini istemiyorum. Ben giderim sand\u0131kta oyumu kullan\u0131r\u0131m. Kabine girdikten sonra art\u0131k bu \u00e7\u0131k\u0131p ta benim kom\u015fum, benim mahalledeki ba\u015fka bir partilinin bilmesine gerek yoktur. Oy gizlidir fakat bunu i\u015faret koydurarak ya da bu sand\u0131ktaki herkesi tan\u0131yoruz burada i\u015fte daha \u00f6nce \u015fu parti \u00e7\u0131kt\u0131 \u015fimdi de bir tane fire olursa \u015funu yapar\u0131z \u015feklinde \u00f6rnekler \u00e7ok ya\u015fand\u0131. Burada yap\u0131lan \u015fey, bir ki\u015finin \u015fu okulda kullan\u0131yor, onu al\u0131p Ankara&#8217;n\u0131n ba\u015fka il\u00e7esine \u00fccra bir yere g\u00f6t\u00fcrmek de\u011fil, burada kullan\u0131yorsa bu sand\u0131kta yan s\u0131n\u0131fta kullanmaya y\u00f6nelik ihtiya\u00e7 duyarsa b\u00f6yle bir imkan getiriliyor. Diyelim ki 1001 nolu sand\u0131kta oy kullan\u0131yorsa 1002 nolu sand\u0131kta kullanacak. Yan s\u0131n\u0131fta kullanacak, alt katta kullanacak genel itibar\u0131yla pratik tecr\u00fcbelere dayanarak s\u00f6yl\u00fcyorum. YSK bunu belirleyecek. Herkes i\u00e7in her yer i\u00e7in olmayacak \u00f6yle bir zorunululuk da yok e\u011fer ihtiya\u00e7 duyulursa se\u00e7im kurulu hakim karar vermi\u015f olacak. Biz bu konuda siyasi partilerin de birtak\u0131m ter\u00f6r \u00f6rg\u00fctlerine, bir tak\u0131m bask\u0131lara maruz kalmaktan kurtarmak ad\u0131na vesayet alt\u0131na girmemeleri ad\u0131na \u00e7ok \u00f6nemli bir d\u00fczenleme. D\u00fczenlemelerden birisi bu.<\/p>\n<p>Vali hi\u00e7bir \u015fekilde sand\u0131klar\u0131n birle\u015ftirilmesine, ta\u015f\u0131nmas\u0131na karar veremiyor. Diyor ki, bir ilin valisi T\u00fcrkiye&#8217;de ter\u00f6r \u00f6rg\u00fctlerinin \u00e7ukur meselesinde, \u015fehirleri nas\u0131l tarumar etti\u011fini insanlar\u0131m\u0131z\u0131 nas\u0131l ter\u00f6r bask\u0131s\u0131 alt\u0131nda sald\u0131r\u0131lara u\u011frad\u0131\u011f\u0131n\u0131 ter\u00f6r hain giri\u015fimlerinde bulundu\u011funu g\u00f6rd\u00fck. \u015eimdi orada se\u00e7im var diyelim o esnada, \u015fimdi Vali b\u00f6yle bir konuyu belgelendirecek, gerek\u00e7eleri ile haz\u0131rlayacak buna ihtiya\u00e7 olmayabilir kalk\u0131p b\u00fct\u00fcn mahalleler \u015fehir merkezinde sand\u0131klar\u0131 toplayacaklar, ikili oy kullanamayacak b\u00f6yle bir\u015fey yok. Yang\u0131nda yang\u0131n cihaz\u0131 olur ihtiya\u00e7 olursa kullan\u0131l\u0131r. Bizim h\u00fckumetimizin temel g\u00f6revi zaten hi\u00e7bir \u015fekilde g\u00fcvenlik meselesi olmaks\u0131z\u0131n herkesin sand\u0131klar\u0131nda oy kulland\u0131\u011f\u0131 bir se\u00e7im d\u00f6nemi. Ola ki ihtiya\u00e7 olursa ki baz\u0131 talepler oldu ama bunun yasal mevzuat\u0131 olmad\u0131\u011f\u0131 i\u00e7in karar verilemiyor. Bu istisna e\u011fer zaruri bir durum olursa kullanmak \u00fczere valilerin bildirime ama karar\u0131yla de\u011fil YSK&#8217;n\u0131n karar\u0131yla olabilecek bir d\u00fczenleme getiriyoruz.<\/p>\n<p><strong>&#8220;Sand\u0131k kurullar\u0131 tarafs\u0131z kamu \u00e7al\u0131\u015fanlar\u0131ndan olu\u015facak&#8221;<\/strong><\/p>\n<p>Kamu g\u00f6revlilerinin sand\u0131k kurulu ba\u015fkan\u0131 olmas\u0131 meselesi, uygulamada son bir iki se\u00e7im hari\u00e7 T\u00fcrkiye&#8217;de b\u00fct\u00fcn se\u00e7imlerde se\u00e7im kurulu genelde memurlar\u0131 sand\u0131k ba\u015fkan\u0131 yaparlar. Vatanda\u015flar\u0131m\u0131za da s\u00f6yl\u00fcyorum, kendi mahallelerinden de oy kulland\u0131klar\u0131 yerden de baks\u0131nlar sand\u0131k ba\u015fkanlar\u0131 zaten memur de\u011fil miydi? Uygulama b\u00f6yleydi. Kanunda b\u00f6yle olmas\u0131na ra\u011fmen siyasi partiler isimler getirir, kuralar \u00e7ekilir denmesine ra\u011fmen uygulama se\u00e7im kurulu reesen memurlar\u0131n listesini al\u0131r kendisi sand\u0131\u011fa atar uygulam b\u00f6yleydi. Bir iki se\u00e7imde baz\u0131 yerlerde, kanunda yazmas\u0131na ra\u011fmen uygulanm\u0131yordu. Kanun uygulanmaya sand\u0131k ba\u015fkanlar\u0131 da ya da partilerin getirdi\u011fi isimler \u00fczerine kuralar \u00e7ekildi baz\u0131 yerlerde oldu baz\u0131 yerlerde olmad\u0131. Kanun diyor ki, okur yazar olan iyi tan\u0131nan ki\u015filer aras\u0131ndan siyasi partiler listeyi verir ve onlar se\u00e7ilir. \u015eimdi bizim getirdi\u011fimiz d\u00fczenlemede diyoruz ki, o il\u00e7ede oturan kamu g\u00f6revlileri listesini se\u00e7im kurulu al\u0131r se\u00e7im kurulu oradan kura \u00e7eker. Kimleri at\u0131yor, memurlar\u0131 at\u0131yor, hangi memurlar\u0131, b\u00fct\u00fcn memurlar\u0131 al\u0131yor listesine. Kura ile belirliyor. O il\u00e7enin en k\u0131demli kimse o belirliyor.<\/p>\n<p><strong>&#8220;Her partinin sand\u0131k kurulunda \u00fcyesi olmaya devam edecek&#8221;<\/strong><\/p>\n<p>Her partinin sand\u0131k kurulunda bir \u00fcyesi var. \u0130ki tane de kamu g\u00f6revlisi, hakimin reesen kura ile t\u00fcm memurlar aras\u0131ndan kura \u00e7ekti\u011fi birisi mi sand\u0131k ba\u015fkan\u0131 olsun objektif \u015fekilde soruyorum. Yoksa AK Parti dahil herhangi bir partinin bu benim sand\u0131k ba\u015fkan\u0131md\u0131r bunu se\u00e7in diye MHP&#8217;nin, CHP&#8217;nin bir partinin getirdi\u011fi bir isim mi kuraya koyup yapal\u0131m, yoksa hakim b\u00fct\u00fcn memurlar aras\u0131ndan objektif \u015fekilde mi se\u00e7sin. Burada hi\u00e7bir \u015fekilde itiraz edecek bir durum yoktur itirazlar\u0131n art niyetli oldu\u011fu daha \u015fimdiden se\u00e7im yenilgisine adeta sand\u0131ktan \u00e7\u0131kamayaca\u011f\u0131n\u0131 anlayan ki\u015filerin beyhude \u00e7abalar\u0131 olarak yorumluyorum. Sand\u0131k kurulu ba\u015fkan\u0131 meselesi budur.<\/p>\n<p>[M\u00fch\u00fcrs\u00fcz Oy Pusulalar\u0131]Adalet Bakan\u0131 Abdulhamit G\u00fcl: Sand\u0131k kurulunun ihmali nedeniyle m\u00fch\u00fcrs\u00fcz olan ancak \u00fczerinde YSK filigran\u0131 olan ve hi\u00e7bir \u015fekilde ge\u00e7erlili\u011finden \u015f\u00fcphe olmayan oylar ge\u00e7erli say\u0131lacak. pic.twitter.com\/HPAp1aA6OT<\/p>\n<p>\u2014 TRT Haber Canl\u0131 (@trthabercanli) 14 Mart 2018<\/p>\n<p><strong>&#8220;M\u00fch\u00fcrs\u00fcz zarf sahte oldu\u011fu anlam\u0131na gelmez&#8221;<\/strong><\/p>\n<p>M\u00fch\u00fcr, burada YSK&#8217;n\u0131n oy pusulas\u0131nda YSK&#8217;n\u0131n m\u00fchr\u00fc var il\u00e7e se\u00e7im kurulunun m\u00fch\u00fcr\u00fc var. Sand\u0131\u011fa diyor ki kanunda, sand\u0131k kurulu be\u015f siyasi temsilicisi ba\u015fkan ve yard\u0131mc\u0131s\u0131 o da memur, bunlar\u0131n pusulay\u0131 ald\u0131ktan sonra YSK&#8217;dan koli ile geliyor \u00fcst\u00fc m\u00fch\u00fcrl\u00fc, a\u00e7\u0131yorlar b\u00fct\u00fcn partilerin huzurunda ayr\u0131ca partilerin kar\u015f\u0131s\u0131nda bir de m\u00fc\u015fahitler var s\u0131n\u0131f i\u00e7erisinde onlar da g\u00f6r\u00fcyorlar bir yanl\u0131\u015fl\u0131k varsa. Pusulalar\u0131 da ald\u0131lar, pusulalarda T\u00fcrkiye Cumhuriyeti Y\u00fcksek Se\u00e7im kurulu diye ayn\u0131 paralarda bak\u0131p filigram var b\u00fct\u00fcn pusulalarda bu filigram g\u00f6r\u00fcn\u00fcr. Dolay\u0131s\u0131yla sahte pusula de\u011fildir. Bu pusula sand\u0131k kurulunun huzurunda a\u00e7\u0131lan pusula. Bu pusulan\u0131n arkas\u0131na sand\u0131k kurulu m\u00fchr\u00fc vurulmas\u0131 laz\u0131m uygulama bu oradaki yedi ki\u015fi ya unutuyor ya ihmal ediyor. Sand\u0131k kurulunun m\u00fch\u00fcr\u00fcn\u00fcn bulunmamas\u0131 pusulay\u0131 ge\u00e7erli k\u0131lm\u0131yor, yine ge\u00e7ersiz o maddeyi tutuyoruz. Sand\u0131k kurulunun m\u00fch\u00fcr\u00fc olmayanlar oy pusulalar\u0131 ge\u00e7ersizdir bizim d\u00fczenlememizde de \u00f6yle. Ayncak sand\u0131k kurulunun ihmali nedeniyle YSK filigram\u0131 olan ve hi\u00e7bir \u015fekilde ge\u00e7erlili\u011fine \u015f\u00fcphe olmayan pusulalar ge\u00e7erlidir diye d\u00fczenleme yap\u0131yoruz.<\/p>\n<p>Sand\u0131k kurulu \u00fcyeleri buradan da ikaz ediyorum. Bu m\u00fch\u00fcr\u00fc basmazlarsa su\u00e7 i\u015flemi\u015f olurlar. Biz bu m\u00fch\u00fcr\u00fc basmayanlar hakk\u0131nda su\u00e7 duyurusunda bulunuruz.<\/p>\n<p><strong>&#8220;Yeni d\u00fczenlemeyle se\u00e7men usuls\u00fczl\u00fc\u011f\u00fc polise bildirecek&#8221;<\/strong><\/p>\n<p>\u00d6zellikle baz\u0131 yerlerde bunu isimlendirmek istemiyorum baz\u0131 vatanda\u015flar\u0131m\u0131z bunu ya\u015fad\u0131lar. Baz\u0131 k\u00f6y belli yerlerde siyasi parti temsilcileri bile icab\u0131nda o oy a\u015famalar\u0131n\u0131 takip edemiyor. Farkl\u0131 se\u00e7im hukukuna ayk\u0131r\u0131 i\u015flemler olabiliyor. Fakat orada diyelim ki, baz\u0131 partilerden temsilciler de gelmeyince di\u011fer partilerden birileri oturabiliyor. Diyelim ki hepsi ayn\u0131 partiden oldular, hi\u00e7bir \u015fekilde denetim yok. Nas\u0131l denetim olur, o sand\u0131\u011f\u0131n polis \u00e7a\u011f\u0131rmas\u0131 ile olur. Sand\u0131ktaki herkes zaten ayn\u0131 g\u00f6r\u00fc\u015ften, biz burada diyoruz ki oy kullanmaya gitti o k\u00f6yde \u00f6\u011fretmen bir arkada\u015f\u0131m\u0131z oy kulland\u0131, bakt\u0131 ki herkes a\u00e7\u0131k sand\u0131k kurullar\u0131 ay\u015fe&#8217;nin veli&#8217;nin yerine oy kullan\u0131yor. Onu tespit edecek her s\u0131n\u0131fa polis veremiyorsunuz. Zaten polis denetiminde de\u011fil. Polis gidip te sand\u0131\u011f\u0131n se\u00e7imin bizzat denetimcisi de\u011fildir. Bunu kim haber verecek? O \u00f6\u011fretmen haber veremiyor mevcut duruma g\u00f6re. Oyunu kulland\u0131 o k\u00f6ydeki \u00f6\u011fretmen ya da o ildeki bir polis ya da bir vatanda\u015f\u0131m\u0131z bizim getirdi\u011fimiz d\u00fczenlemede vatanda\u015f se\u00e7men kolluk kuvvetine \u015furada bir yolsuzluk yap\u0131l\u0131yor diye ihbar edebiliyor. \u0130hbar\u0131 bizzat gidecek \u015fahsen m\u00fcracaat edecek kanunda. Bizzat gidecek diyecek ki filan sand\u0131kta usuls\u00fczl\u00fck var. Polis gidecek varsa bir usuls\u00fczl\u00fck tespitini yapacak.<\/p>\n<p><strong>&#8220;Se\u00e7im baraj\u0131n\u0131n d\u00fc\u015f\u00fcr\u00fclmesi de tart\u0131\u015f\u0131labilir&#8221;<\/strong><\/p>\n<p>Mecut y\u00fczde 10 baraj\u0131n\u0131 biz getirmedik. Baraj\u0131n bir \u00fcst\u00fcnde biraz daha s\u0131f\u0131r baraj\u0131 da d\u00fc\u015f\u00fck baraj da elbette tart\u0131\u015f\u0131labilir. Bu sistem 2019 uygulamas\u0131ndan sonra buraya do\u011fru da biz prensip olarak da bunun do\u011fru oldu\u011funu d\u00fc\u015f\u00fcn\u00fcr\u00fcz ancak burada biz baraj ya da se\u00e7im sistemine y\u00f6nelik \u00e7al\u0131\u015fma yap\u0131ld\u0131. \u0130ttifak \u00f6n\u00fcndeki engeller kald\u0131r\u0131ld\u0131. Elbette se\u00e7im sistemine y\u00f6nelik mevcut durumdan daha iyi toplumun her kesiminin Meclis&#8217;te temsil edilebilece\u011fi bir sistem getiriyoruz. Dolay\u0131s\u0131yla bunda te\u015fekk\u00fcr edilmesi gerekir demokrasi ad\u0131na bir kazan\u0131md\u0131r diye d\u00fc\u015f\u00fcn\u00fcyorum.<\/p>\n<p>Adalet Bakan\u0131 Abdulhamit G\u00fcl: Hasta ve engellilerin oy kullanabilmesi i\u00e7in yeni d\u00fczenleme yap\u0131ld\u0131. pic.twitter.com\/g9kQEv74KD<\/p>\n<p>\u2014 TRT Haber Canl\u0131 (@trthabercanli) 14 Mart 2018<\/p>\n<p><strong>&#8220;Hasta ve engellilerin oy kullanabilmesi i\u00e7in d\u00fczenleme yap\u0131ld\u0131&#8221;<\/strong><\/p>\n<p>\u00dclkemizdeki sa\u011fl\u0131k hizmetlerinin de hamdolsun h\u00fck\u00fcmetimizle gelmi\u015f oldu\u011fu nokta. \u0130nsan \u00f6mr\u00fc de bu vesileyle uzuyor. Oy kullanmak T\u00fcrkiye&#8217;nin gelece\u011fine, torunlar\u0131na iyi bir gelecek i\u00e7in tercihte bulunmak istiyorlar, fakat yata\u011fa ba\u011fl\u0131lar. D\u00fcnyan\u0131n bir\u00e7ok yerinde de olan bir uygulama, g\u00f6zlemcilerin T\u00fcrkiye&#8217;de niye b\u00f6yle bir demokratik kat\u0131l\u0131mda eksiklik var denildi\u011finde hep boynumuz b\u00fck\u00fck kal\u0131yordu. Bu hususta elbette her yata\u011fa, grip oldum, nezle oldum, yataktay\u0131m bir haftadan \u00f6nce iyile\u015femem bana da sand\u0131k gelsin diyenler i\u00e7in de\u011fil. Yata\u011fa ba\u011fl\u0131 engelliler i\u00e7in devlet taraf\u0131ndan bunlar belli. Bunlar ask\u0131ya \u00e7\u0131kacak elbette her parti bunu g\u00f6recek. Sand\u0131\u011f\u0131 kim g\u00f6t\u00fcrecek? Sand\u0131\u011f\u0131 yine t\u00fcm partiler beraber g\u00f6t\u00fcrecekler orada yine bir denetim olacak. T\u00fcrkiye&#8217;nin sosyal devlet olma ad\u0131na ve demokratik kat\u0131l\u0131m ad\u0131na \u00e7ok \u00f6nemli bir d\u00fczenlemedir. Engelli ve ya\u015fl\u0131 vatanda\u015flar\u0131m\u0131z i\u00e7in \u00e7ok \u00f6nemli bir demokratik imkan.<\/p>\n<p>Adalet Bakan\u0131 Abdulhamit G\u00fcl: &#8216;\u00c7ocuk \u0130stismar\u0131 D\u00fczenlemesi&#8217;nde nihai karar a\u015famas\u0131na gelindi. pic.twitter.com\/WuKS1yfbQM<\/p>\n<p>\u2014 TRT Haber Canl\u0131 (@trthabercanli) 14 Mart 2018<\/p>\n<p><strong>\u00c7ocuk istismar\u0131 d\u00fczenlemesi<\/strong><\/p>\n<p>\u0130stismar konusunda ger\u00e7ekten son bir vaka \u00fczerine say\u0131n Cumhurba\u015fkan\u0131m\u0131z\u0131n da talimat\u0131yla Bakanlar Kurulunda bir \u00e7al\u0131\u015fma ba\u015flat\u0131ld\u0131. \u00c7ok \u00f6nemli uzmanlarla da g\u00f6r\u00fc\u015f\u00fclerek olgunla\u015ft\u0131r\u0131ld\u0131 \u00e7al\u0131\u015fma. Nihai karar a\u015famas\u0131na getirildi. Burada elbette bu gibi istenmeyen menfur olaylar sadece ceza verilerek nihayete erdirelece\u011fi de a\u015fikar. O istismara muhatap olabilecek \u00e7ocuklar\u0131n \u00e7ok iyi bir \u015fekilde ailelerle, okulda kendisinin \u00e7ok iyi e\u011fitilmesi laz\u0131m.<\/p>\n<p>Bu konuda toplumsal bir bilin\u00e7, \u00f6nleyici tedbirler al\u0131nmas\u0131, bu t\u00fcr ki\u015filerin \u00e7ocuklardan ma\u011fdurlardan uzakla\u015ft\u0131r\u0131lmas\u0131 i\u00e7in tedbirler yani hem cezai boyutuyla acaba infaz sistemimizde daha g\u00f6zden ge\u00e7irilmesi gereken ne gibi durumlar var \u00e7ocuklara y\u00f6nelik bunlarla ilgili \u00e7al\u0131\u015f\u0131yoruz.<\/p>\n<p>Adalet Bakan\u0131 Abdulhamit G\u00fcl: FET\u00d6 san\u0131klar\u0131n\u0131n yarg\u0131land\u0131\u011f\u0131 178 darbe davas\u0131n\u0131n 105&#8217;i karara ba\u011fland\u0131. pic.twitter.com\/IZk6gn51lE<\/p>\n<p>\u2014 TRT Haber Canl\u0131 (@trthabercanli) 14 Mart 2018<\/p>\n<p><strong>&#8220;178 darbe davas\u0131n\u0131n 105&#8217;i karara ba\u011fland\u0131&#8221;<\/strong><\/p>\n<p>FET\u00d6 ile ilgili darbe davalar\u0131nda \u00e7ok \u00f6nemli geli\u015fmeler oldu. Bu hususta mahkemelerimiz \u00e7ok yo\u011fun bir \u015fekilde \u00e7al\u0131\u015f\u0131yorlar. Bir fiili darbe davalar\u0131 bir de ter\u00f6r \u00f6rg\u00fct\u00fc \u00fcyelikleri var. Yani kamuoyunda 15 Temmuz gecesi Meclisimizi bombalayan darbeye fiilen kat\u0131lanlarla ilgili yarg\u0131lamalar devam ediyor bir de FET\u00d6 \u00f6rg\u00fct \u00fcyeli\u011fi ile alakal\u0131 yarg\u0131lamalar devam ediyor. Yakla\u015f\u0131k 178 dosyada darbe dosyalar\u0131n\u0131n 105&#8217;inde karar \u00e7\u0131km\u0131\u015ft\u0131r. Yani yar\u0131dan fazlas\u0131 sonu\u00e7lanm\u0131\u015ft\u0131r. Bu \u00e7ok \u00f6nemli bir geli\u015fme ter\u00f6r yarg\u0131lamalar\u0131 ile ilgili. Di\u011fer \u00f6rg\u00fct \u00fcyelikleri elbette say\u0131sal olarak da daha fazla bunlarla ilgili de yarg\u0131lamalar devam ediyor.<\/p>\n<p><strong>FET\u00d6 eleba\u015f\u0131 G\u00fclen&#8217;in iadesi<\/strong><\/p>\n<p>\u0130ddianameler, haz\u0131rlanan t\u00fcm deliller, belgeler ne varsa bunlar ABD&#8217;ye verildi. Bu benzer meseleler FET\u00d6 yurt d\u0131\u015f\u0131na ka\u00e7m\u0131\u015f, \u00e7ok \u00f6nc\u00fc lider ekipleri Avrupa&#8217;da da var. Bak\u0131ld\u0131\u011f\u0131nda bir iade edilme iradesi konulmuyor. Bu bir siyasi tutum esasen. Ama biz hukuki tutum bekliyoruz muhataplar\u0131m\u0131zdan. Uluslararas\u0131 s\u00f6zle\u015fmelerimize ikili s\u00f6zle\u015fmelerimize riayet bekliyoruz. \u00c7ok tarafl\u0131 uluslararas\u0131 s\u00f6zle\u015fmelere riayet bekliyoruz. Ter\u00f6rle m\u00fccadele k\u00fcresel bir m\u00fccadeledir. Bu konuda muhataplar\u0131m\u0131zdan muhatap devletlerden daha hukuka uygun bir tav\u0131r bekliyoruz.<\/p>\n<p>Kaynak: TRT Haber<\/p>\n","protected":false},"excerpt":{"rendered":"<p>Adalet Bakan\u0131 Abdulhamit G\u00fcl, &#8220;\u0130ttifak, k\u00fc\u00e7\u00fck partilere ya da Meclis&#8217;e girip kendini temsil edemeyecek partilere de imkan getiriyor&#8221; dedi.<\/p>\n","protected":false},"author":1000097,"featured_media":2937,"comment_status":"open","ping_status":"closed","sticky":false,"template":"","format":"standard","meta":[],"categories":[85],"tags":[],"_links":{"self":[{"href":"https:\/\/www.vizyon2023.com.tr\/index.php\/wp-json\/wp\/v2\/posts\/2936"}],"collection":[{"href":"https:\/\/www.vizyon2023.com.tr\/index.php\/wp-json\/wp\/v2\/posts"}],"about":[{"href":"https:\/\/www.vizyon2023.com.tr\/index.php\/wp-json\/wp\/v2\/types\/post"}],"author":[{"embeddable":true,"href":"https:\/\/www.vizyon2023.com.tr\/index.php\/wp-json\/wp\/v2\/users\/1000097"}],"replies":[{"embeddable":true,"href":"https:\/\/www.vizyon2023.com.tr\/index.php\/wp-json\/wp\/v2\/comments?post=2936"}],"version-history":[{"count":0,"href":"https:\/\/www.vizyon2023.com.tr\/index.php\/wp-json\/wp\/v2\/posts\/2936\/revisions"}],"wp:featuredmedia":[{"embeddable":true,"href":"https:\/\/www.vizyon2023.com.tr\/index.php\/wp-json\/wp\/v2\/media\/2937"}],"wp:attachment":[{"href":"https:\/\/www.vizyon2023.com.tr\/index.php\/wp-json\/wp\/v2\/media?parent=2936"}],"wp:term":[{"taxonomy":"category","embeddable":true,"href":"https:\/\/www.vizyon2023.com.tr\/index.php\/wp-json\/wp\/v2\/categories?post=2936"},{"taxonomy":"post_tag","embeddable":true,"href":"https:\/\/www.vizyon2023.com.tr\/index.php\/wp-json\/wp\/v2\/tags?post=2936"}],"curies":[{"name":"wp","href":"https:\/\/api.w.org\/{rel}","templated":true}]}}