{"id":2928,"date":"2018-03-14T12:37:22","date_gmt":"2018-03-14T10:37:22","guid":{"rendered":"http:\/\/www.vizyon2023.com.tr\/index.php\/2018\/03\/14\/basbakan-yildirim-dunya-saglik-sisteminde-turkiye-listenin-basinda\/"},"modified":"2018-03-14T12:37:22","modified_gmt":"2018-03-14T10:37:22","slug":"basbakan-yildirim-dunya-saglik-sisteminde-turkiye-listenin-basinda","status":"publish","type":"post","link":"https:\/\/www.vizyon2023.com.tr\/index.php\/2018\/03\/14\/basbakan-yildirim-dunya-saglik-sisteminde-turkiye-listenin-basinda\/","title":{"rendered":"Ba\u015fbakan Y\u0131ld\u0131r\u0131m: D\u00fcnya sa\u011fl\u0131k sisteminde T\u00fcrkiye listenin ba\u015f\u0131nda"},"content":{"rendered":"<p>Hekimlerin bayram\u0131n\u0131 tebrik ederek konu\u015fmas\u0131na ba\u015flayan Y\u0131ld\u0131r\u0131m, T\u00fckiye&#8217;de sa\u011fl\u0131kta 15 y\u0131lda \u00e7ok b\u00fcy\u00fck de\u011fi\u015fim ve d\u00f6n\u00fc\u015f\u00fcm ya\u015fand\u0131\u011f\u0131n\u0131 s\u00f6yledi.<\/p>\n<p>Y\u0131ld\u0131r\u0131m, &#8220;De\u011fi\u015fim ve d\u00f6n\u00fc\u015f\u00fcm sonucu d\u00fcnya sa\u011fl\u0131k sisteminde T\u00fcrkiye listenin ba\u015f\u0131na oturdu. B\u00fct\u00fcn d\u00fcnyada \u00e7e\u015fitli \u00fclkelerde, geli\u015fmi\u015f \u00fclkeler de dahil sa\u011fl\u0131kla ilgili gelecek beklentileri soruldu\u011funda bir\u00e7ok \u00fclkede karamsar bir beklenti varken. T\u00fcrkiye\u2019de vatanda\u015flar\u0131m\u0131z\u0131n y\u00fczde 97\u2019si T\u00fcrkiye\u2019nin sa\u011fl\u0131k sistemine \u00e7ok g\u00fcvendiklerini, hi\u00e7bir endi\u015feleri olmad\u0131\u011f\u0131n\u0131 beyan etmektedir. Bu da sa\u011fl\u0131kta T\u00fcrkiye\u2019nin ne kadar b\u00fcy\u00fck bir de\u011fi\u015fimi, geli\u015fimi ortaya koydu\u011funu a\u00e7\u0131k\u00e7a g\u00f6stermektedir&#8221; dedi.<\/p>\n<p>Hekimli\u011fin kutsal bir g\u00f6rev oldu\u011funu dile getiren Y\u0131ld\u0131r\u0131m, &#8220;Hekimlik kutsal bir g\u00f6revdir. Hekimlerimizin bir\u00e7ok zor \u015fartlarda g\u00f6rev yaparken sald\u0131r\u0131ya u\u011framas\u0131 asla ve asla tasvip edebilece\u011fimiz bir \u015fey de\u011fildir. Dolay\u0131s\u0131yla insanlara sa\u011fl\u0131k hizmeti verirken onlar\u0131 iyile\u015ftirmeye \u00e7al\u0131\u015f\u0131rken kendilerinin problem ya\u015famas\u0131 b\u00fcy\u00fck \u00e7eli\u015fkidir&#8221; ifadelerini kulland\u0131.<\/p>\n<p>Ba\u015fbakan Binali Y\u0131ld\u0131r\u0131m&#8217;\u0131n a\u00e7\u0131klamalar\u0131ndan \u00f6ne \u00e7\u0131kan ba\u015fl\u0131klar:<\/p>\n<p>Karde\u015f \u00fclke Azerbaycan\u2019da Nizami Gencevi Uluslarars\u0131 Merkezi\u2019nce d\u00fczenlenen \u201cBak\u00fc K\u00fcresel Forumu\u201dna kat\u0131lmak \u00fczere biraz sonra yurttan ayr\u0131laca\u011f\u0131z. Nizami Genceri 13. Y\u00fczy\u0131lda ya\u015fam\u0131\u015f Azeri T\u00fcrk bilim adam\u0131, d\u00fc\u015f\u00fcn\u00fcr, b\u00fcy\u00fck ir \u015fairdir. Nizami Genceivi hamsesi olan \u00f6nemli \u015fairlerden biridir. Mevlana Celaleddin-i Rumi, Ali \u015eir Nevai gibi bir\u00e7ok b\u00fcy\u00fck d\u00fc\u015f\u00fcn\u00fcre ilham kayna\u011f\u0131 olmu\u015f bir \u015fahsiyettir.<\/p>\n<p><strong>\u201cDevlet ba\u015fkanlar\u0131yla ikili g\u00f6r\u00fc\u015fme imkanlar\u0131m\u0131z olacak\u201d<\/strong><\/p>\n<p>Bu k\u00fcresel forum \u00e7er\u00e7evesinde Bak\u00fc\u2019de gerek devlet ba\u015fkan\u0131 Say\u0131n Aliyev, gerek Ba\u015fbakan, Meclis Ba\u015fkan\u0131 ile de ikili g\u00f6r\u00fc\u015fme imkanlar\u0131m\u0131z olacak. Ayr\u0131ca bu foruma kat\u0131lan \u00e7e\u015fitli \u00fclkelerden gelen devlet ba\u015fkanlar\u0131yla da ikili g\u00f6r\u00fc\u015fl\u00fcme f\u0131rsat\u0131m\u0131z olacak.<\/p>\n<p><strong>\u201cB\u00f6lgesel farkl\u0131l\u0131klar, adaletsizlikler ele al\u0131nacak\u201d<\/strong><\/p>\n<p>Forumun a\u00e7\u0131l\u0131\u015f\u0131nda ve panelde bir konu\u015fma ger\u00e7ekle\u015ftirece\u011fiz. Bu senekli tema, \u201cB\u00fcy\u00fck G\u00fc\u00e7ler ve Di\u011ferleri.\u201d B\u00f6lgesel farkl\u0131l\u0131klar\u0131n, adaletsizliklerin ele al\u0131naca\u011f\u0131 bir toplant\u0131. Bug\u00fcn b\u00f6lgemizde ve d\u00fcnyan\u0131n bir\u00e7ok yerinde ya\u015fanan kar\u0131\u015f\u0131kl\u0131klar\u0131n bir anlamda sebepleri. Bunlara y\u00f6nelik k\u00fcresel toplumun yapmas\u0131 gerekli i\u015fleri, at\u0131lmas\u0131 gereken ad\u0131mlar\u0131 ele alaca\u011f\u0131z.<\/p>\n<p><strong>\u201cT\u00fcrkiye-Azerbaycan bir millet, iki devlettir\u201d<\/strong><\/p>\n<p>B\u00f6lgemizdeki geli\u015fmeleri de \u015f\u00fcphesiz de\u011ferlendirme \u015fans\u0131m\u0131z olacak. T\u00fcrkiye-Azerbaycan bir millet iki devlettir. \u00d6zellikle son y\u0131llarda b\u00f6lgede ger\u00e7ekle\u015ftirdi\u011fimiz i\u015f birlikleri, Kafkaslar\u0131n ve Osta Asya\u2019n\u0131n g\u00fcvenli\u011fi ve gelece\u011fi a\u00e7\u0131s\u0131ndan hayati \u00f6neme sahip. Bu toplant\u0131 vesilesiyle ilk defa ihdas edilen T\u00fcrkiye, Azerbaycan, G\u00fcrcistan, \u0130ran D\u0131\u015fi\u015fleri Bakanlar\u0131 D\u0131\u015fi\u015fleri Bakan\u0131m\u0131z\u0131n da kat\u0131l\u0131m\u0131yla Bak\u00fc\u2019de bir araya gelecekler. B\u00f6lgesel konular\u0131 de\u011ferlendirme f\u0131rsat\u0131 bulacaklar.<\/p>\n<p><strong>\u201cB\u00f6lgesel i\u015fbirli\u011fini Orta Asya\u2019ya da yaymak istiyoruz\u201d<\/strong><\/p>\n<p>\u00d6zellikle Orta Asya\u2019ya y\u00f6nelik Kafkaslarda ger\u00e7ekle\u015ftirdi\u011fimiz b\u00f6lgesel i\u015fbirli\u011fini Orta Asya\u2019ya da yaymak istiyoruz. Bu anlamda 3\u2019l\u00fc, 4\u2019l\u00fc d\u0131\u015fi\u015fleri d\u00fczeyinde mekanizmalar olu\u015fturarak bu \u00e7al\u0131\u015fmalar\u0131 ba\u015flatm\u0131\u015f bulunuyoruz.<\/p>\n<p><strong>\u201cOrta Asya\u2019n\u0131n g\u00fcvenli\u011fine y\u00f6nelik konular\u0131 da ele alaca\u011f\u0131z\u201d<\/strong><\/p>\n<p>G\u00fcn\u00fcm\u00fcz\u00fcn \u00f6nemli konular\u0131ndan biri tabii ter\u00f6r ve g\u00fcvenlik konular\u0131. Bunlar\u0131 da gerek T\u00fcrkiye\u2019nin g\u00fcneyinde, Suriye\u2019de Irak\u2019ta ya\u015fanan g\u00fcvenlik sorunlar\u0131, ter\u00f6rle m\u00fccadele olmak \u00fczere ayn\u0131 \u015fekilde Kafkaslar\u0131n, Orta Asya\u2019n\u0131n g\u00fcvenli\u011fine y\u00f6nelik konular\u0131 da kapsaml\u0131 olarak ele alma imkan\u0131m\u0131z olacak. Ayr\u0131ca, \u201cBir Yol Bir Ku\u015fak Projesi\u201d kapsam\u0131nda Uzak Do\u011fu\u2019dan Avrupa\u2019ya uzanan orta koridor ba\u015fta olmak \u00fczere tarihi \u0130pek Yolu\u2019nun yeniden hayata ge\u00e7irilmesi konusunda da de\u011ferlendirmelerde bulunma f\u0131rsat\u0131 olacakt\u0131r. Ziyaretimizin \u00fclkemiz a\u00e7\u0131s\u0131ndan hay\u0131rl\u0131 olmas\u0131n\u0131 diliyorum.<\/p>\n<p><strong>&#8220;CHP&#8217;nin Bo\u015f i\u015fleri b\u0131rak\u0131p faydal\u0131 s\u00f6ylemlere ge\u00e7mesinde fayda var&#8221;<\/strong><\/p>\n<p>Se\u00e7im g\u00fcvenli\u011fi \u00fclkenin vatanda\u015flar\u0131n iradesinin sand\u0131\u011fa yans\u0131mas\u0131 i\u00e7in olmazsa olmaz bir d\u00fczenlemedir. Hat\u0131rlay\u0131n 7 Haziran se\u00e7imlerinde maalesef Do\u011fu ve G\u00fcneydo\u011fu&#8217;da ter\u00f6r \u00f6rg\u00fct\u00fc vatanda\u015flar\u0131m\u0131z\u0131n iradesinin \u00f6zg\u00fcrce sand\u0131\u011fa yans\u0131mas\u0131na engel oldular. Bu bak\u0131mdan CHP&#8217;nin boykot, grev bu tip s\u00f6ylemleri zaman zaman oluyor. Herhalde gen\u00e7liklerden kalma al\u0131\u015fkanl\u0131klar\u0131n\u0131 siyasette de tekrar ediyorlar. Ana muhalefet partisi iktidar alternatifi ise bo\u015f i\u015fleri b\u0131rak\u0131p faydal\u0131 s\u00f6ylemlere ge\u00e7mesinde fayda var.<\/p>\n<p><strong>&#8220;Pazartesi \u00e7al\u0131\u015fma g\u00fcn\u00fc de\u011fil mi?&#8221;<\/strong><\/p>\n<p>Gruplar gkendi aralar\u0131nda anla\u015ft\u0131lar. Hangi takvimde \u00e7al\u0131\u015facaklar\u0131na karar verdiler. Pazartesi \u00e7al\u0131\u015f\u0131ld\u0131.Ge\u00e7en hafta CHP&#8217;nin t\u00fcz\u00fck kurultay\u0131 nedeniyle onlara bir imkan tan\u0131nd\u0131. Pazartesi \u00e7al\u0131\u015fma g\u00fcn\u00fc de\u011fil mi? \u0130cap ederse 7 g\u00fcn \u00e7al\u0131\u015f\u0131labilir.<\/p>\n<p><strong>&#8220;T\u00fcrkiye-ABD ili\u015fkileri ki\u015filere ba\u011fl\u0131 de\u011fildir&#8221;<\/strong><\/p>\n<p>ABD Ba\u015fkan\u0131&#8217;n\u0131n karar\u0131n\u0131 de\u011ferlendirmemiz gereksiz. T\u00fcrkiye-ABD ili\u015fkileri ki\u015filere ba\u011fl\u0131 de\u011fildir. Kim gelirse gelsin T\u00fcrkiye&#8217;nin duru\u015fu nettir. Gelen vatanda\u015f\u0131n T\u00fcrkiye hakk\u0131nda ne d\u00fc\u015f\u00fcnd\u00fc\u011f\u00fcn\u00fcn de bizim a\u00e7\u0131m\u0131zdan bir \u00f6nemi yoktur. T\u00fcrkiye&#8217;nin kim gelirse gelsin duru\u015fu bellidir, nettir. Gelen bakan\u0131n T\u00fcrkiye hakk\u0131nda ne d\u00fc\u015f\u00fcnd\u00fc\u011f\u00fcn\u00fcn de bizim i\u00e7in \u00e7ok fazla \u00f6nemi yoktur. \u00dcmit ederim daha sa\u011fl\u0131kl\u0131 bir ili\u015fki bundan sonra geli\u015ftirilebilir.<\/p>\n<p><strong>G\u0131da Tar\u0131m ve Hayvanc\u0131l\u0131k Bakan\u0131 Fak\u0131baba&#8217;n\u0131n \u015feker fabrikalar\u0131 ile ilgili s\u00f6zleri<\/strong><\/p>\n<p>(G\u0131da Tar\u0131m ve Hayvanc\u0131l\u0131k Bakan\u0131 Fak\u0131baba) S\u00f6zlerinin yanl\u0131\u015f anla\u015f\u0131ld\u0131\u011f\u0131n\u0131 ifade etti. Bizim bir yandan sekt\u00f6r\u00fc serbestle\u015ftirirken tekrar ba\u015fka bir kurumun ona talip olmas\u0131 de\u011fil. Onun kastetti\u011fi kooperatifler olarak da bu \u00f6zelle\u015ftirmede alabiliriz \u015feklinde. Yani Pancar Ekicileri Kooperatifleri pekala bu fabrikalar\u0131 almak i\u00e7in teklif verebilirler. Kastedilen bu. Yoksa kamu niteli\u011fi ta\u015f\u0131yan Tar\u0131m Kredi Kooperatiflerinin b\u00f6yle bir faaliyet i\u00e7erisinde olmas\u0131 s\u00f6z konusu de\u011fil.<\/p>\n<p><strong>Tar\u0131m Bakan\u0131 Fak\u0131baba: Baz\u0131 \u015feker fabrikalar\u0131na biz de talip olaca\u011f\u0131z<\/strong><\/p>\n<p>Kaynak: TRT Haber<\/p>\n","protected":false},"excerpt":{"rendered":"<p>Ba\u015fbakan Binali Y\u0131ld\u0131r\u0131m, Azerbaycan&#8217;a hareketi \u00f6ncesi Ankara Esenbo\u011fa Havaliman\u0131&#8217;nda bas\u0131n toplant\u0131s\u0131 d\u00fczenledi.<\/p>\n","protected":false},"author":1000097,"featured_media":2929,"comment_status":"open","ping_status":"closed","sticky":false,"template":"","format":"standard","meta":[],"categories":[85],"tags":[],"_links":{"self":[{"href":"https:\/\/www.vizyon2023.com.tr\/index.php\/wp-json\/wp\/v2\/posts\/2928"}],"collection":[{"href":"https:\/\/www.vizyon2023.com.tr\/index.php\/wp-json\/wp\/v2\/posts"}],"about":[{"href":"https:\/\/www.vizyon2023.com.tr\/index.php\/wp-json\/wp\/v2\/types\/post"}],"author":[{"embeddable":true,"href":"https:\/\/www.vizyon2023.com.tr\/index.php\/wp-json\/wp\/v2\/users\/1000097"}],"replies":[{"embeddable":true,"href":"https:\/\/www.vizyon2023.com.tr\/index.php\/wp-json\/wp\/v2\/comments?post=2928"}],"version-history":[{"count":0,"href":"https:\/\/www.vizyon2023.com.tr\/index.php\/wp-json\/wp\/v2\/posts\/2928\/revisions"}],"wp:featuredmedia":[{"embeddable":true,"href":"https:\/\/www.vizyon2023.com.tr\/index.php\/wp-json\/wp\/v2\/media\/2929"}],"wp:attachment":[{"href":"https:\/\/www.vizyon2023.com.tr\/index.php\/wp-json\/wp\/v2\/media?parent=2928"}],"wp:term":[{"taxonomy":"category","embeddable":true,"href":"https:\/\/www.vizyon2023.com.tr\/index.php\/wp-json\/wp\/v2\/categories?post=2928"},{"taxonomy":"post_tag","embeddable":true,"href":"https:\/\/www.vizyon2023.com.tr\/index.php\/wp-json\/wp\/v2\/tags?post=2928"}],"curies":[{"name":"wp","href":"https:\/\/api.w.org\/{rel}","templated":true}]}}