{"id":2926,"date":"2018-03-14T12:35:39","date_gmt":"2018-03-14T10:35:39","guid":{"rendered":"http:\/\/www.vizyon2023.com.tr\/index.php\/2018\/03\/14\/basbakan-yildirim-azerbaycana-gidecek\/"},"modified":"2018-03-14T12:35:39","modified_gmt":"2018-03-14T10:35:39","slug":"basbakan-yildirim-azerbaycana-gidecek","status":"publish","type":"post","link":"https:\/\/www.vizyon2023.com.tr\/index.php\/2018\/03\/14\/basbakan-yildirim-azerbaycana-gidecek\/","title":{"rendered":"Ba\u015fbakan Y\u0131ld\u0131r\u0131m, Azerbaycan&#8217;a gidecek"},"content":{"rendered":"<p>Ba\u015fbakan Binali Y\u0131ld\u0131r\u0131m, Nizami Gencevi Uluslararas\u0131 Merkezi taraf\u0131ndan d\u00fczenlenecek 6. K\u00fcresel Bak\u00fc Forumu&#8217;na kat\u0131lmak \u00fczere, 14-15 Mart&#8217;ta Bak\u00fc&#8217;y\u00fc ziyaret edecek.<\/p>\n<p>Ziyaret kapsam\u0131nda ikili temaslarda bulunacak Y\u0131ld\u0131r\u0131m, Azerbaycan Cumhurba\u015fkan\u0131 \u0130lham Aliyev taraf\u0131ndan kabul edilecek, Azerbaycan Milli Meclisi Ba\u015fkan\u0131 Oktay Asadov ve Azerbaycan Ba\u015fbakan\u0131 Artur Rasizade ile bir araya gelecek.<\/p>\n<p>Y\u0131ld\u0131r\u0131m, bu y\u0131l &#8220;Kat\u0131l\u0131mc\u0131 Toplumlar Olu\u015fturmak \u0130\u00e7in Farklar\u0131 Azaltmak&#8221; temas\u0131yla d\u00fczenlenecek 6. K\u00fcresel Bak\u00fc Forumu&#8217;nun a\u00e7\u0131l\u0131\u015f\u0131yla &#8220;G\u00fc\u00e7: B\u00fcy\u00fck G\u00fc\u00e7ler ve Di\u011ferleri&#8221; temal\u0131 panelde birer konu\u015fma yapacak.<\/p>\n<p>Foruma kat\u0131lacak devlet ve h\u00fck\u00fcmet ba\u015fkanlar\u0131yla ikili g\u00f6r\u00fc\u015fmeler ger\u00e7ekle\u015ftirecek olan Y\u0131ld\u0131r\u0131m, bas\u0131n ve i\u015f d\u00fcnyas\u0131n\u0131n temsilcileriyle de temaslarda bulunacak.<\/p>\n<p>Kaynak: AA<\/p>\n","protected":false},"excerpt":{"rendered":"<p>Ba\u015fbakan Binali Y\u0131ld\u0131r\u0131m, Nizami Gencevi Uluslararas\u0131 Merkezi taraf\u0131ndan d\u00fczenlenecek 6. K\u00fcresel Bak\u00fc Forumu&#8217;na kat\u0131lacak.<\/p>\n","protected":false},"author":1000097,"featured_media":2927,"comment_status":"open","ping_status":"closed","sticky":false,"template":"","format":"standard","meta":[],"categories":[85],"tags":[],"_links":{"self":[{"href":"https:\/\/www.vizyon2023.com.tr\/index.php\/wp-json\/wp\/v2\/posts\/2926"}],"collection":[{"href":"https:\/\/www.vizyon2023.com.tr\/index.php\/wp-json\/wp\/v2\/posts"}],"about":[{"href":"https:\/\/www.vizyon2023.com.tr\/index.php\/wp-json\/wp\/v2\/types\/post"}],"author":[{"embeddable":true,"href":"https:\/\/www.vizyon2023.com.tr\/index.php\/wp-json\/wp\/v2\/users\/1000097"}],"replies":[{"embeddable":true,"href":"https:\/\/www.vizyon2023.com.tr\/index.php\/wp-json\/wp\/v2\/comments?post=2926"}],"version-history":[{"count":0,"href":"https:\/\/www.vizyon2023.com.tr\/index.php\/wp-json\/wp\/v2\/posts\/2926\/revisions"}],"wp:featuredmedia":[{"embeddable":true,"href":"https:\/\/www.vizyon2023.com.tr\/index.php\/wp-json\/wp\/v2\/media\/2927"}],"wp:attachment":[{"href":"https:\/\/www.vizyon2023.com.tr\/index.php\/wp-json\/wp\/v2\/media?parent=2926"}],"wp:term":[{"taxonomy":"category","embeddable":true,"href":"https:\/\/www.vizyon2023.com.tr\/index.php\/wp-json\/wp\/v2\/categories?post=2926"},{"taxonomy":"post_tag","embeddable":true,"href":"https:\/\/www.vizyon2023.com.tr\/index.php\/wp-json\/wp\/v2\/tags?post=2926"}],"curies":[{"name":"wp","href":"https:\/\/api.w.org\/{rel}","templated":true}]}}