{"id":2924,"date":"2018-03-14T12:35:07","date_gmt":"2018-03-14T10:35:07","guid":{"rendered":"http:\/\/www.vizyon2023.com.tr\/index.php\/2018\/03\/14\/cumhurbaskani-erdogan-temenni-ederim-afrin-aksama-duser\/"},"modified":"2018-03-14T12:35:07","modified_gmt":"2018-03-14T10:35:07","slug":"cumhurbaskani-erdogan-temenni-ederim-afrin-aksama-duser","status":"publish","type":"post","link":"https:\/\/www.vizyon2023.com.tr\/index.php\/2018\/03\/14\/cumhurbaskani-erdogan-temenni-ederim-afrin-aksama-duser\/","title":{"rendered":"Cumhurba\u015fkan\u0131 Erdo\u011fan: Temenni ederim Afrin ak\u015fama d\u00fc\u015fer"},"content":{"rendered":"<p>Cumhurba\u015fkan\u0131 Recep Tayyip Erdo\u011fan, Cumhurba\u015fkanl\u0131\u011f\u0131 K\u00fclliyesi&#8217;nde 46. Muhtarlar Toplant\u0131s\u0131&#8217;nda \u00f6nemli a\u00e7\u0131klamalarda bulundu. Erdo\u011fan, ter\u00f6ristlerin kendileri ka\u00e7arken \u015fehirden \u00e7\u0131kmak isteyen sivilleri canl\u0131 kalkan olarak kullanmak i\u00e7in engelledi\u011fini belirterek, &#8220;Afrin&#8217;i de ter\u00f6ristlerden temizleyece\u011fiz, M\u00fcnbi\u00e7&#8217;i de temizleyece\u011fiz, F\u0131rat&#8217;\u0131n do\u011fusunu da Kuzey Irak s\u0131n\u0131r\u0131m\u0131za kadar ayn\u0131 \u015fekilde ter\u00f6ristlerden temizleyece\u011fiz&#8221; dedi.<\/p>\n<p>Cumhurba\u015fkan\u0131 Erdo\u011fan: Afrin&#8217;i de, M\u00fcnbi\u00e7&#8217;i de, F\u0131rat&#8217;\u0131n do\u011fusunu da Kuzey Irak s\u0131n\u0131r\u0131m\u0131za kadar ter\u00f6ristlerden temizleyece\u011fiz.https:\/\/t.co\/mFhKaeUITO pic.twitter.com\/plMwrqZVBP<\/p>\n<p>\u2014 TRT Haber Canl\u0131 (@trthabercanli) 14 Mart 2018<\/p>\n<p>Kuzey Irak&#8217;taki ter\u00f6r yuvalar\u0131n\u0131n her f\u0131rsatta yokland\u0131\u011f\u0131n\u0131 vurgulayan Erdo\u011fan, &#8220;Yak\u0131nda \u00e7ok daha g\u00fc\u00e7l\u00fc \u015fekilde oralar\u0131 da ter\u00f6ristlerin ba\u015flar\u0131na y\u0131kaca\u011f\u0131z&#8221; ifadelerini kulland\u0131.<\/p>\n<p>Cumhurba\u015fkan\u0131 Recep Tayyip Erdo\u011fan&#8217;\u0131n a\u00e7\u0131klamalar\u0131ndan \u00f6ne \u00e7\u0131kan ba\u015fl\u0131klar:<\/p>\n<p>2002&#8217;den beri T\u00fcrkiye&#8217;yi bir ba\u015ftan bir ba\u015fa okullarla, hastanelerle, yollarla, t\u00fcnellerle, parklarla, toplu konutlarla donat\u0131yoruz. Fabrikalarda \u00e7arklar durmas\u0131n diye var g\u00fcc\u00fcm\u00fczle gayret g\u00f6steriyoruz. Hamd olsun 16 y\u0131lda \u00fclkemizi 4 kat kadar b\u00fcy\u00fcterek \u00e7abalar\u0131m\u0131z\u0131n kar\u015f\u0131l\u0131\u011f\u0131n\u0131 ald\u0131k.<\/p>\n<p><strong>&#8220;\u015eeytan\u0131 da ta\u015flad\u0131k, tavaf\u0131m\u0131z\u0131 da yapt\u0131k&#8221;<\/strong><\/p>\n<p>Karde\u015flerim, yapt\u0131\u011f\u0131m\u0131z yat\u0131r\u0131mlar ve getirdi\u011fimiz hizmetlerle \u00fclkemizi b\u00fcy\u00fct\u00fcrken bu \u00e7al\u0131\u015fmalar\u0131 elbette dikensiz g\u00fcl bah\u00e7esinde dola\u015f\u0131yor gibi yapmad\u0131k. Hani &#8216;\u015feytan ta\u015flamaktan tavaf etmeye f\u0131rsat bulam\u0131yor&#8217; derler ya, bizi i\u015fte bu duruma d\u00fc\u015f\u00fcrmek istediler. Hamdolsun, biz \u015feytan\u0131 da ta\u015flad\u0131k tavaf\u0131m\u0131z\u0131 da yapt\u0131k.<\/p>\n<p><strong>&#8220;Emniyetten ve kalk\u0131nmadan asla taviz vermedik&#8221;<\/strong><\/p>\n<p>Demokrasimize sahip \u00e7\u0131karken emniyetten, kalk\u0131nmadan asla taviz vermedik.584 bin yeni \u00f6\u011fretmen atad\u0131k, 110 yeni \u00fcniversite kurduk.<\/p>\n<p>Sa\u011fl\u0131kta hastane ve di\u011fer tedavi kurumlar\u0131 olarak 3 bin yeni tesisi \u00fclkemize kazand\u0131rd\u0131k. \u015eimdi de \u015fehir hastanelerimizi devreye al\u0131yoruz. Bu y\u0131l 5 \u015fehir hastanemizi, \u00f6n\u00fcm\u00fczdeki y\u0131l 7 \u015fehir hastanemizi a\u00e7\u0131yoruz.<\/p>\n<p><strong>&#8220;16 senede 20 bin kilometre b\u00f6l\u00fcnm\u00fc\u015f yol ekledik&#8221;<\/strong><\/p>\n<p>79 senede T\u00fcrkiye&#8217;de 6100 kilometre b\u00f6l\u00fcnm\u00fc\u015f yol yapt\u0131lar. Biz 16 senede buna 20 bin kilometre b\u00f6l\u00fcnm\u00fc\u015f yol ekledik. Karayollar\u0131m\u0131z\u0131n \u00fczerine 258 yeni t\u00fcnel in\u015fa ettik. Da\u011flar\u0131 deldik, a\u015f\u0131lmaz da\u011flar\u0131n hepsini delip ge\u00e7tik.<\/p>\n<p>\u00dclkemizde daha \u00f6nce olmayan y\u00fcksek h\u0131zl\u0131 trenleri in\u015fa ettik. \u015eu anda Ankara, Konya, Eski\u015fehir ve \u0130stanbul y\u00fcksek h\u0131zl\u0131 trenden istifade ediyor. Eskiden sadece belirli bir kesimin faydalanabildi\u011fi havayolunu halk\u0131n yolu haline getirdik.<\/p>\n<p>Mevcut 26 tane havaliman\u0131m\u0131z vard\u0131m buna 29 tane yeni havaliman\u0131 ilave ettik. Bug\u00fcn T\u00fcrk Hava Yollar\u0131, d\u00fcnyada en fazla noktaya u\u00e7an havayollar\u0131d\u0131r.<\/p>\n<p>T\u00fcrkiye g\u00fc\u00e7lenirken, b\u00fcy\u00fcrken hi\u00e7bir vatanda\u015f\u0131m\u0131z\u0131n yoksullu\u011fun pen\u00e7esinden k\u0131vranmas\u0131na r\u0131za g\u00f6steremezdik. \u015eu anda t\u00fcm valiliklerimiz, kaymakaml\u0131klar\u0131m\u0131z hepsi sosyal yard\u0131m konusunda ilk m\u00fcracaat kap\u0131s\u0131d\u0131r.<\/p>\n<p><strong>&#8220;Askerlerimizi yeni mar\u015flarla y\u00fcr\u00fctelim&#8221;<\/strong><\/p>\n<p>34 y\u0131ll\u0131k ter\u00f6rle m\u00fccadelemizi \u015f\u00f6yle hakk\u0131yla ifade edebilecek bir \u015fiirimiz, bir mar\u015f\u0131m\u0131z da yok. Ge\u00e7en arkada\u015flar\u0131ma onu s\u00f6yledim, \u015fu anda F\u0131rat Kalkan\u0131, Afrin biz bununla ilgili adeta bir \u0130stiklal Mar\u015f\u0131 gibi demeyeyim ama oraya belki t\u0131rmanamazlar, yeti\u015femezler, hi\u00e7 olmazsa bir mehter mar\u015f\u0131 gibi bir mar\u015f\u0131 da yazamazlar m\u0131? Bunu haz\u0131rlas\u0131nlar.<\/p>\n<p><strong>&#8220;Temenni ederim Afrin ak\u015fama kadar d\u00fc\u015fm\u00fc\u015f olur&#8221;<\/strong><\/p>\n<p>Afrin&#8217;deki ne kadar ter\u00f6rist etkisiz hale getirildi diye son rakamlar\u0131 alay\u0131m istedim, 3444 ter\u00f6rist etkisiz hale getirildi. Afrin&#8217;e biraz daha yakla\u015ft\u0131k temenni ederim ak\u015fama kadar Afrin tamamen d\u00fc\u015fm\u00fc\u015f olur.<\/p>\n<p>Cumhurba\u015fkan\u0131 Erdo\u011fan: Temenni ederim ki Afrin ak\u015fama kadar d\u00fc\u015fm\u00fc\u015f olur.https:\/\/t.co\/mFhKaeUITO pic.twitter.com\/WWi1iH8t9D<\/p>\n<p>\u2014 TRT Haber Canl\u0131 (@trthabercanli) 14 Mart 2018<\/p>\n<p><strong>&#8220;Mehmedim Kur&#8217;an-\u0131 Kerim&#8217;i yerden kald\u0131r\u0131rken EYP ile \u015fehit ediliyor&#8221;<\/strong><\/p>\n<p>-Her t\u00fcrl\u00fc hassasiyet g\u00f6zetiliyor. Bak\u0131n \u015fu anda \u00f6nce siviller arabalara bindirilerek \u00f6zel bir koridordan Afrin&#8217;den \u00e7\u0131kar\u0131l\u0131yor. Bunlar \u00f6yle al\u00e7ak, \u00f6yle katil ki benim Mehmedim, o yavrum, yere at\u0131lan Kur&#8217;an-\u0131 Kerim&#8217;i yerden kald\u0131r\u0131rken el yap\u0131m\u0131 bomba ile \u015fehit ediliyor. Bunlar imans\u0131z, bunlar kafir.<\/p>\n<p><strong>&#8220;T\u00fcrkiye&#8217;ye hesap sormaya yeltenmesinler&#8221;<\/strong><\/p>\n<p>Sadece Cezayir&#8217;de 5 milyon insan\u0131 katledenler kalk\u0131p da T\u00fcrkiye&#8217;ye hesap sormas\u0131n. \u00d6nce onlar bunun hesab\u0131n\u0131 versinler. Irak&#8217;ta on binleri, y\u00fcz binleri \u00f6ld\u00fcrenler \u00f6nce bunlar\u0131n hesab\u0131n\u0131 versin. Bunlar\u0131n hesab\u0131n\u0131 veremeyenler kalk\u0131p da T\u00fcrkiye&#8217;ye hesap sormaya yeltenmesinler.<\/p>\n<p>Cumhurba\u015fkan\u0131 Erdo\u011fan: Cezayir&#8217;de 5 milyon insan\u0131 katledenler kalk\u0131p da T\u00fcrkiye&#8217;ye hesap sormas\u0131n. T\u00fcrkiye e\u011fer sivilleri \u00f6ld\u00fcrmeyi hedef alsayd\u0131, Afrin \u00e7oktan bitmi\u015fti.https:\/\/t.co\/mFhKaeUITO pic.twitter.com\/14GFai4cgh<\/p>\n<p>\u2014 TRT Haber Canl\u0131 (@trthabercanli) 14 Mart 2018<\/p>\n<p><strong>&#8220;\u015eehitlerimizle biz \u00fclkemizi kapt\u0131rmad\u0131k&#8221;<\/strong><\/p>\n<p>15 Temmuz gecesi biz milletimize bir \u00e7a\u011fr\u0131 yapt\u0131k. &#8220;Haydi meydanlara&#8221; dedik. &#8220;Haydi caddelere&#8221; dedik ve milyonlar meydanlara d\u00f6k\u00fcld\u00fc. F-16&#8217;lar, helikopterler, tanklar bombalar\u0131 ya\u011fd\u0131r\u0131rken benim milletim meydanlara, caddelere d\u00f6k\u00fcld\u00fc. 251 \u015fehidimiz oldu ama bu \u015fehitlerimizle biz \u00fclkemizi kapt\u0131rmad\u0131k.<\/p>\n<p>Bize ak\u0131l verenler bunlarla \u00fclkemizi par\u00e7alamak istediler ba\u015faramad\u0131lar. \u015eu anda y\u00fczlerce binlerce FET\u00d6 ile ilgili asker elbisesi giymi\u015f hainler i\u00e7eride.<\/p>\n<p><strong>&#8220;Afrin&#8217;i de, M\u00fcnbi\u00e7&#8217;i de temizleyece\u011fiz&#8221;<\/strong><\/p>\n<p>Kendileri ka\u00e7arken \u015fehirden \u00e7\u0131kmak isteyen sivilleri canl\u0131 kalkan olarak kullanmak i\u00e7in engellediler.Afrin&#8217;i de ter\u00f6ristlerden temizleyece\u011fiz, M\u00fcnbi\u00e7&#8217;i de temizleyece\u011fiz, F\u0131rat&#8217;\u0131n do\u011fusunu da Kuzey Irak s\u0131n\u0131r\u0131m\u0131za kadar ayn\u0131 \u015fekilde ter\u00f6ristlerden temizleyece\u011fiz.<\/p>\n<p><strong>&#8220;Sadece ter\u00f6ristler de\u011fil, bunlar\u0131n ortaklar\u0131 da var&#8221;<\/strong><\/p>\n<p>G\u00f6r\u00fcyorsunuz o da\u011flarda ne t\u00fcneller a\u00e7m\u0131\u015flar de\u011fil mi? Bunlar\u0131 kim yapt\u0131? O ter\u00f6ristler mi? Sadece onlar de\u011fil, bunlar\u0131n ortaklar\u0131 da var. Koalisyon g\u00fc\u00e7leri olarak hep beraber bu i\u015fleri yapt\u0131lar. O ter\u00f6ristlerde bu kadar ak\u0131l yok, siz bakmay\u0131n. Bug\u00fcn 54&#8217;\u00fcnc\u00fc g\u00fcn\u00fcne giren harekatta 3 bin 500&#8217;e yak\u0131n ter\u00f6rist etkisiz hale getirilirken bin 300 kilometrekareye yak\u0131n toprak da ter\u00f6ristlerden temizlendi.<\/p>\n<p><strong>&#8220;Yak\u0131nda Kuzey Irak&#8217;\u0131 ba\u015flar\u0131na y\u0131kaca\u011f\u0131z&#8221;<\/strong><\/p>\n<p>Kuzey Irak&#8217;taki ter\u00f6r yuvalar\u0131n\u0131 zaten her f\u0131rsatta yokluyoruz. Yak\u0131nda \u00e7ok daha g\u00fc\u00e7l\u00fc \u015fekilde oralar\u0131 da ter\u00f6ristlerin ba\u015f\u0131na y\u0131kaca\u011f\u0131z.<\/p>\n<p>Kaynak: TRT Haber<\/p>\n","protected":false},"excerpt":{"rendered":"<p>Cumhurba\u015fkan\u0131 Recep Tayyip Erdo\u011fan, Zeytin Dal\u0131 Harekat\u0131&#8217;nda 3444 ter\u00f6ristin etksiz hale getirildi\u011fini belirterek, &#8220;Temenni ederim Afrin ak\u015fama kadar d\u00fc\u015fm\u00fc\u015f olur&#8221; dedi.<\/p>\n","protected":false},"author":1000097,"featured_media":2925,"comment_status":"open","ping_status":"closed","sticky":false,"template":"","format":"standard","meta":[],"categories":[85],"tags":[],"_links":{"self":[{"href":"https:\/\/www.vizyon2023.com.tr\/index.php\/wp-json\/wp\/v2\/posts\/2924"}],"collection":[{"href":"https:\/\/www.vizyon2023.com.tr\/index.php\/wp-json\/wp\/v2\/posts"}],"about":[{"href":"https:\/\/www.vizyon2023.com.tr\/index.php\/wp-json\/wp\/v2\/types\/post"}],"author":[{"embeddable":true,"href":"https:\/\/www.vizyon2023.com.tr\/index.php\/wp-json\/wp\/v2\/users\/1000097"}],"replies":[{"embeddable":true,"href":"https:\/\/www.vizyon2023.com.tr\/index.php\/wp-json\/wp\/v2\/comments?post=2924"}],"version-history":[{"count":0,"href":"https:\/\/www.vizyon2023.com.tr\/index.php\/wp-json\/wp\/v2\/posts\/2924\/revisions"}],"wp:featuredmedia":[{"embeddable":true,"href":"https:\/\/www.vizyon2023.com.tr\/index.php\/wp-json\/wp\/v2\/media\/2925"}],"wp:attachment":[{"href":"https:\/\/www.vizyon2023.com.tr\/index.php\/wp-json\/wp\/v2\/media?parent=2924"}],"wp:term":[{"taxonomy":"category","embeddable":true,"href":"https:\/\/www.vizyon2023.com.tr\/index.php\/wp-json\/wp\/v2\/categories?post=2924"},{"taxonomy":"post_tag","embeddable":true,"href":"https:\/\/www.vizyon2023.com.tr\/index.php\/wp-json\/wp\/v2\/tags?post=2924"}],"curies":[{"name":"wp","href":"https:\/\/api.w.org\/{rel}","templated":true}]}}