{"id":2920,"date":"2018-03-14T12:18:32","date_gmt":"2018-03-14T10:18:32","guid":{"rendered":"http:\/\/www.vizyon2023.com.tr\/index.php\/2018\/03\/14\/cumhurbaskani-erdogan-birileri-bizi-sapik-din-ihtiyaclarina-mahkum-etmeye-calisiyor\/"},"modified":"2018-03-14T12:18:32","modified_gmt":"2018-03-14T10:18:32","slug":"cumhurbaskani-erdogan-birileri-bizi-sapik-din-ihtiyaclarina-mahkum-etmeye-calisiyor","status":"publish","type":"post","link":"https:\/\/www.vizyon2023.com.tr\/index.php\/2018\/03\/14\/cumhurbaskani-erdogan-birileri-bizi-sapik-din-ihtiyaclarina-mahkum-etmeye-calisiyor\/","title":{"rendered":"Cumhurba\u015fkan\u0131 Erdo\u011fan: Birileri bizi sap\u0131k din ihtiya\u00e7lar\u0131na mahkum etmeye \u00e7al\u0131\u015f\u0131yor"},"content":{"rendered":"<p>T\u00fcrkiye Diyanet Vakf\u0131 taraf\u0131ndan Be\u015ftepe Millet Kongre ve K\u00fclt\u00fcr Merkezi&#8217;nde d\u00fczenlenen \u0130yilik \u00d6d\u00fclleri Program\u0131&#8217;nda konu\u015ftu.<\/p>\n<p>Cumhurba\u015fkan\u0131 Recep Tayyip Erdo\u011fan&#8217;\u0131n a\u00e7\u0131klamalar\u0131ndan \u00f6ne \u00e7\u0131kan ba\u015fl\u0131klar:<\/p>\n<p>Allah&#8217;\u0131n selam\u0131, rahmet ve bereketi hepimizin \u00fczerine olsun. 4. Uluslararas\u0131 \u0130yilik \u00d6d\u00fclleri vesilesi ile d\u00fcnyan\u0131n farkl\u0131 k\u0131talar\u0131ndan T\u00fcrkiye&#8217;ye te\u015frif eden b\u00fct\u00fcn misafirlerimize ho\u015fgeldiniz diyorum. Bu y\u0131l d\u00f6rd\u00fcnc\u00fcs\u00fcn\u00fc tevdi edece\u011fimiz \u0130yilik \u00d6d\u00fclleri&#8217;nin ve \u0130yilik Haftas\u0131&#8217;n\u0131n \u00fclkemiz milletimiz ve t\u00fcm insanl\u0131k i\u00e7in hay\u0131rlara vesile olmas\u0131n\u0131 rabbimden niyaz ediyorum.<\/p>\n<p>Bundan 4 sene \u00f6nce d\u00fcnyay\u0131 iyilik de\u011fi\u015ftirecek slogan\u0131yla bu \u00e7al\u0131\u015fmaya \u00f6nc\u00fcl\u00fck eden Diyanet \u0130\u015fleri eski Ba\u015fkan\u0131m\u0131z Mehmet G\u00f6rmez hocam\u0131za da gayreti i\u00e7in \u015f\u00fckranlar\u0131m\u0131 sunuyorum.<\/p>\n<p><strong>&#8220;\u0130nsanl\u0131\u011f\u0131 utand\u0131ran haberlere ra\u011fmen sevindik&#8221;<\/strong><\/p>\n<p>\u00d6d\u00fcl\u00fcm\u00fcz, Diyanet \u0130\u015fleri Ba\u015fkanl\u0131\u011f\u0131m\u0131z\u0131n ve T\u00fcrkiye Diyanet Vakf\u0131&#8217;n\u0131n da en prestijli projelerinden biri haline geldi. Bu \u00f6d\u00fcller vesilesiyle bizler de birbirinden de\u011ferli hay\u0131r faaliyetlerinden haberdar olduk. Etraf\u0131m\u0131zda ya\u015fanan onca sava\u015fa, \u015fiddete, insan\u0131 insanl\u0131\u011f\u0131ndan utand\u0131ran vah\u015fet haberlerine ra\u011fmen sevindik, umutland\u0131k. Katk\u0131 sa\u011flayan herkese te\u015fekk\u00fcr ediyorum.<\/p>\n<p><strong>&#8220;Vefa \u00f6d\u00fcl\u00fcn\u00fcn Mehmet\u00e7iklerimize takdim edilmesinden memnuniyet duydum&#8221;<\/strong><\/p>\n<p>Vefa \u00f6d\u00fcl\u00fcn\u00fcn milletimizin g\u00f6zbebe\u011fi, istikbalimizin ve istiklalimizin teminat\u0131 kahraman Mehmet\u00e7iklerimize takdim edilmesinden de b\u00fcy\u00fck bir memnuniyet duydum. TSK ger\u00e7ekle\u015ftirdi\u011fi ba\u015far\u0131l\u0131 operasyonlarla vatan\u0131m\u0131z\u0131n g\u00fcvenli\u011fini temin ediyor.<\/p>\n<p><strong>&#8220;3400 ter\u00f6risti etkisiz hale getirdik&#8221;<\/strong><\/p>\n<p>Son birka\u00e7 g\u00fcnd\u00fcr Afrin&#8217;den yans\u0131yan insanl\u0131k d\u0131\u015f\u0131 manzaralar\u0131 sizler de g\u00f6r\u00fcyorsunuz. Sivilleri canl\u0131 kalkan olarak kullanan, kurdu\u011fu tuzaklarla \u00e7ocuklar\u0131 katleden ter\u00f6r \u00f6rg\u00fct\u00fcn\u00fcn makyaj\u0131 tel tel d\u00f6k\u00fcl\u00fcyor.\u015eu ana kadar 3400 ter\u00f6risti etkisiz hale getirdik. frin&#8217;e girdik giriyoruz, \u00e7ok fazla bir \u015fey kalmad\u0131 ama biz i\u015fgal i\u00e7in girmiyoruz. Biz, Afrin&#8217;i oralar\u0131n ger\u00e7ek sahiplerine teslim etmek i\u00e7in giriyoruz.<\/p>\n<p>[Zeytin Dal\u0131 Harekat\u0131] Cumhurba\u015fkan\u0131 Erdo\u011fan: 3400 ter\u00f6rist etkisiz hale getirildi.https:\/\/t.co\/daBFADFEwt pic.twitter.com\/ih5NHl24MI<\/p>\n<p>\u2014 TRT Haber Canl\u0131 (@trthabercanli) 13 Mart 2018<\/p>\n<p><strong>&#8220;Afrin&#8217;i, M\u00fcnbi\u00e7&#8217;i Suriye&#8217;nin kuzeyini temizleyece\u011fiz&#8221;<\/strong><\/p>\n<p>\u0130nsanl\u0131ktan, adalet ve merhametten taviz vermeden, hakk\u0131m\u0131zda y\u00fcr\u00fct\u00fclen kara propagandaya ald\u0131rmadan Afrin&#8217;i, M\u00fcnbi\u00e7&#8217;i ve Suriye&#8217;nin kuzeyini bu katil s\u00fcr\u00fclerinden tamamen temizleyece\u011fiz.<\/p>\n<p>Cumhurba\u015fkan\u0131 Erdo\u011fan: Afrin\u2019i, M\u00fcnbi\u00e7\u2019i ve Suriye\u2019nin kuzeyini katil s\u00fcr\u00fclerinden tamamen temizleyece\u011fiz.https:\/\/t.co\/daBFADFEwt pic.twitter.com\/H35URLiUpR<\/p>\n<p>\u2014 TRT Haber Canl\u0131 (@trthabercanli) 13 Mart 2018<\/p>\n<p><strong>&#8220;Mehmet\u00e7iklerimiz ve \u00d6SO b\u00f6lge halk\u0131n\u0131n gelece\u011fini de kurtar\u0131yor&#8221;<\/strong><\/p>\n<p>Bat\u0131 medyas\u0131nda moda ikonu edas\u0131yla pazarlanan ter\u00f6ristlerin vah\u015fi, gaddar ve katil y\u00fczleri if\u015fa oluyor. Mehmet\u00e7iklerimiz, \u00d6zg\u00fcr Suriye Ordusu ile beraber ter\u00f6ristlerden temizledi\u011fi her toprak par\u00e7as\u0131yla b\u00f6lge halk\u0131n\u0131n gelece\u011fini de kurtar\u0131yor. DEA\u015e bahanesiyle co\u011frafyam\u0131za bi\u00e7ilmeye \u00e7al\u0131\u015f\u0131lan kefeni, Allah&#8217;\u0131n izni, milletimizin duas\u0131, kahraman askerlerimizin m\u00fccadelesi ile in\u015fallah parampar\u00e7a ettik, ediyoruz.<\/p>\n<p><strong>&#8220;Yard\u0131m kurulu\u015flar\u0131m\u0131z t\u00fcm insanl\u0131\u011f\u0131n y\u00fcz\u00fcn\u00fc a\u011fartt\u0131&#8221;<\/strong><\/p>\n<p>Birileri, mazlumlar\u0131n kan\u0131 ve g\u00f6zya\u015f\u0131 \u00fczerinden semirmeye \u00e7al\u0131\u015f\u0131rken, bizim kurulu\u015flar\u0131m\u0131z Suriye&#8217;den Irak&#8217;a kadar t\u00fcm insanl\u0131\u011f\u0131n y\u00fcz\u00fcn\u00fc a\u011fartt\u0131. Birileri Suriye&#8217;ye binlerce kamyon dolusu silah g\u00f6nderirken, T\u00fcrkiye Diyanet Vakf\u0131m\u0131z oraya binlerce kamyon dolusu insani yard\u0131m g\u00f6nderiyor. D\u00fcnyaya sesleniyorum: Siz ne yap\u0131yordunuz?<\/p>\n<p><strong>&#8220;Sivilleri hedef alsayd\u0131k Afrin \u00e7oktan d\u00fc\u015fm\u00fc\u015ft\u00fc&#8221;<\/strong><\/p>\n<p>Bize ak\u0131l vermeye kalk\u0131yorlar, sivil insanlar \u00f6l\u00fcyor diyorlar. Biz sivilleri hi\u00e7bir zaman hedef almad\u0131k. E\u011fer sivilleri hedef alsayd\u0131k Afrin \u00e7oktan d\u00fc\u015fm\u00fc\u015ft\u00fc. Birileri Suriye&#8217;de ter\u00f6r \u00f6rg\u00fctlerine yard\u0131ma giderken T\u00fcrkiye Diyanet Vakf\u0131 ve askerlerimiz orada yaralar\u0131 sar\u0131yor.<\/p>\n<p><strong>&#8220;\u0130slam&#8217;\u0131 anlat\u0131rken \u00e7ok daha dikkatli olmalar\u0131 gerekiyor&#8221;<\/strong><\/p>\n<p>Hem dinimize y\u00f6nelik sald\u0131r\u0131lar\u0131n hem de \u0130slam&#8217;a ve M\u00fcsl\u00fcmanlara olan ilgilinin artt\u0131\u011f\u0131 bir d\u00f6nemde, hocalar\u0131m\u0131z\u0131n ir\u015fat vazifelerini ifa ederken ve \u0130slam&#8217;\u0131 anlat\u0131rken \u00e7ok daha dikkatli olmalar\u0131 gerekiyor.<\/p>\n<p><strong>&#8220;Birileri bizi sap\u0131k din ihtiya\u00e7lar\u0131na mahkum etmeye \u00e7al\u0131\u015f\u0131yor&#8221;<\/strong><\/p>\n<p>Birileri bizi \u0131srarla FET\u00d6 ve DEA\u015e&#8217;\u0131n, Boko Haram&#8217;\u0131n temsil etti\u011fi sap\u0131k din anlay\u0131\u015flar\u0131na mahkum etmeye \u00e7al\u0131\u015f\u0131yor. \u0130slam d\u00fcnyas\u0131 b\u00fcy\u00fck bir s\u0131nav veriyor.<\/p>\n<p>Cumhurba\u015fkan\u0131 Erdo\u011fan: DEA\u015e ve FET\u00d6, M\u00fcsl\u00fcmanlar\u0131n aras\u0131na sokulmu\u015f, i\u00e7ine de fitne gizlenmi\u015f Truva at\u0131d\u0131r.https:\/\/t.co\/daBFADXfo1 pic.twitter.com\/hJdxSKDZ5Y<\/p>\n<p>\u2014 TRT Haber Canl\u0131 (@trthabercanli) 13 Mart 2018<\/p>\n<p>Modern Hasan Sabbah&#8217;lar\u0131n sap\u0131k ve sapk\u0131n din anlay\u0131\u015flar\u0131yla evlatlar\u0131m\u0131z\u0131 efsunlamas\u0131na, neo Ha\u015fha\u015filere \u00e7evirmesine izin vermemeliyiz.<\/p>\n<p>Birileri bizi kendi dinimizin kavramlar\u0131yla, kendi dinimize mensup g\u00f6z\u00fcken kadrolarla vurmaya \u00e7al\u0131\u015f\u0131yor. &#8216;Yanl\u0131\u015f\u0131n en tehlikelisi do\u011fruya en yak\u0131n oland\u0131r&#8217; derler. Fark edilmesi en zor d\u00fc\u015fman bizim gibi giyinen, konu\u015fan, g\u00f6r\u00fcnendir. Mesele, beyaz pirincin i\u00e7indeki beyaz ta\u015f\u0131 bulup \u00e7\u0131karmakt\u0131r.<\/p>\n<p>D\u00fcn bir u\u00e7ak kazas\u0131nda \u00f6len 11 vatanda\u015f\u0131m\u0131za Allah&#8217;tan rahmet diliyorum. Bu sabah \u00c7orum&#8217;da bir trafik kazas\u0131nda 11 \u00f6l\u00fcm\u00fcz var. Onlara da Allah&#8217;tan rahmet, yak\u0131nlar\u0131na sab\u0131rlar diliyorum.<\/p>\n<p>Kaynak: TRT Haber<\/p>\n","protected":false},"excerpt":{"rendered":"<p>Cumhurba\u015fkan\u0131 Erdo\u011fan, Modern Hasan Sabbah&#8217;lar\u0131n sap\u0131k ve sapk\u0131n din anlay\u0131\u015flar\u0131yla evlatlar\u0131m\u0131z\u0131 efsunlamas\u0131na, neo Ha\u015fha\u015filere \u00e7evirmesine izin vermemeliyiz&#8221; dedi.<\/p>\n","protected":false},"author":1000097,"featured_media":2921,"comment_status":"open","ping_status":"closed","sticky":false,"template":"","format":"standard","meta":[],"categories":[85],"tags":[],"_links":{"self":[{"href":"https:\/\/www.vizyon2023.com.tr\/index.php\/wp-json\/wp\/v2\/posts\/2920"}],"collection":[{"href":"https:\/\/www.vizyon2023.com.tr\/index.php\/wp-json\/wp\/v2\/posts"}],"about":[{"href":"https:\/\/www.vizyon2023.com.tr\/index.php\/wp-json\/wp\/v2\/types\/post"}],"author":[{"embeddable":true,"href":"https:\/\/www.vizyon2023.com.tr\/index.php\/wp-json\/wp\/v2\/users\/1000097"}],"replies":[{"embeddable":true,"href":"https:\/\/www.vizyon2023.com.tr\/index.php\/wp-json\/wp\/v2\/comments?post=2920"}],"version-history":[{"count":0,"href":"https:\/\/www.vizyon2023.com.tr\/index.php\/wp-json\/wp\/v2\/posts\/2920\/revisions"}],"wp:featuredmedia":[{"embeddable":true,"href":"https:\/\/www.vizyon2023.com.tr\/index.php\/wp-json\/wp\/v2\/media\/2921"}],"wp:attachment":[{"href":"https:\/\/www.vizyon2023.com.tr\/index.php\/wp-json\/wp\/v2\/media?parent=2920"}],"wp:term":[{"taxonomy":"category","embeddable":true,"href":"https:\/\/www.vizyon2023.com.tr\/index.php\/wp-json\/wp\/v2\/categories?post=2920"},{"taxonomy":"post_tag","embeddable":true,"href":"https:\/\/www.vizyon2023.com.tr\/index.php\/wp-json\/wp\/v2\/tags?post=2920"}],"curies":[{"name":"wp","href":"https:\/\/api.w.org\/{rel}","templated":true}]}}