{"id":2918,"date":"2018-03-14T12:18:10","date_gmt":"2018-03-14T10:18:10","guid":{"rendered":"http:\/\/www.vizyon2023.com.tr\/index.php\/2018\/03\/14\/basbakan-yildirim-islamin-dogru-anlatilmasinda-diyanetin-buyuk-sorumlulugu-var\/"},"modified":"2018-03-14T12:18:10","modified_gmt":"2018-03-14T10:18:10","slug":"basbakan-yildirim-islamin-dogru-anlatilmasinda-diyanetin-buyuk-sorumlulugu-var","status":"publish","type":"post","link":"https:\/\/www.vizyon2023.com.tr\/index.php\/2018\/03\/14\/basbakan-yildirim-islamin-dogru-anlatilmasinda-diyanetin-buyuk-sorumlulugu-var\/","title":{"rendered":"Ba\u015fbakan Y\u0131ld\u0131r\u0131m: \u0130slam&#8217;\u0131n do\u011fru anlat\u0131lmas\u0131nda Diyanet&#8217;in b\u00fcy\u00fck sorumlulu\u011fu var"},"content":{"rendered":"<p>Ba\u015fbakan Binali Y\u0131ld\u0131r\u0131m, Be\u015ftepe Millet Kongre ve K\u00fclt\u00fcr Merkezi&#8217;nde \u0130yilik \u00d6d\u00fclleri Program\u0131&#8217;nda konu\u015ftu.<\/p>\n<p>Ba\u015fbakan Binali Y\u0131ld\u0131r\u0131m&#8217;\u0131n a\u00e7\u0131klamalar\u0131ndan \u00f6ne \u00e7\u0131kan ba\u015fl\u0131klar:<\/p>\n<p>D\u00fcnyadaki b\u00fct\u00fcn m\u00fccadele iyilik ve k\u00f6t\u00fcl\u00fck aras\u0131ndad\u0131r. Allah bizi istikametini kaybedenlerden ve insanl\u0131\u011fa yabanc\u0131la\u015fanlardan etmesin. Bug\u00fcn iyilerin sesini bast\u0131ra, onlar\u0131 \u00f6nemsizle\u015ftirmek isteyen bir anlay\u0131\u015f gittik\u00e7e d\u00fcnyada hakim oluyor.<\/p>\n<p><strong>&#8220;Ba\u015fsa\u011fl\u0131\u011f\u0131 dilemeyi bilmeyenler susmal\u0131&#8221;<\/strong><\/p>\n<p>Y\u00fcre\u011fi burkulan ailelere sab\u0131r ve ba\u015fsa\u011fl\u0131\u011f\u0131 dilemeyi beceremeyenler, hi\u00e7 de\u011filse susmal\u0131d\u0131r. Bu vesileyle, d\u00fcn u\u00e7ak, bug\u00fcn otob\u00fcs kazas\u0131nda hayatlar\u0131n\u0131 kaybeden b\u00fct\u00fcn vatanda\u015flar\u0131ma Allah&#8217;tan rahmet, yak\u0131nlar\u0131na ba\u015fsa\u011fl\u0131\u011f\u0131 diliyorum.<\/p>\n<p><strong>\u0130slam&#8217;\u0131n do\u011fru anlat\u0131lmas\u0131nda Diyanet&#8217;in b\u00fcy\u00fck sorumlulu\u011fu var<\/strong><\/p>\n<p>Dinimizle ilgili yalan yanl\u0131\u015f konu\u015fan, milleti inanc\u0131m\u0131zdan so\u011futmaya \u00e7al\u0131\u015fanlara ge\u00e7it vermemek nas\u0131l Diyanet \u0130\u015fleri Ba\u015fkanl\u0131\u011f\u0131m\u0131z\u0131n asli g\u00f6revi ise g\u00f6n\u00fcl g\u00f6z\u00fcn\u00fc kapatmayan, ruhunu karartmayan nesillerin yeti\u015fmesinde, mukaddes dinimiz \u0130slam&#8217;\u0131n do\u011fru anla\u015f\u0131lmas\u0131nda, do\u011fru anlat\u0131lmas\u0131nda da Diyanet \u0130\u015fleri Ba\u015fkanl\u0131\u011f\u0131m\u0131z\u0131n b\u00fcy\u00fck g\u00f6rev ve sorumluluklar\u0131 vard\u0131r.<\/p>\n<p><strong>&#8220;T\u00fcrkiye yard\u0131mlarda en c\u00f6mert \u00fclke&#8221;<\/strong><\/p>\n<p>\u0130yilik ve hay\u0131rseverlikte d\u00fcnyaya nam salan bir neslin evlatlar\u0131y\u0131z. Yery\u00fcz\u00fcnde ihtiyac\u0131 olan herkese elimizi uzat\u0131yoruz. Bug\u00fcn T\u00fcrkiye insani yard\u0131mlarda en c\u00f6mert \u00fclke unvan\u0131na sahiptir. B\u0130zim k\u00fclt\u00fcr\u00fcm\u00fczde, de\u011ferlerimizde bencillik yok.<\/p>\n<p>14 \u00fclkede 23 e\u011fitim kurummuyla 8 binin \u00fczerinde \u00f6\u011frenciye e\u011fitim imkan\u0131 sa\u011flan\u0131yor. S\u0131n\u0131rlar\u0131 a\u015fan destekler sayessinde mazlum co\u011frafyalar\u0131n yaralare\u0131 sar\u0131l\u0131yor. Bug\u00fcne kadar 47 \u00fclkeye 1 milyonun \u00fczerinde Kur&#8217;an-\u0131 Kerim da\u011f\u0131t\u0131ld\u0131, dinimizin \u00f6\u011frenmesi i\u00e7in gayret g\u00f6sterildi.<\/p>\n","protected":false},"excerpt":{"rendered":"<p>Ba\u015fbakan Binali Y\u0131ld\u0131r\u0131m, &#8220;Mukaddes dinimiz \u0130slam&#8217;\u0131n do\u011fru anla\u015f\u0131lmas\u0131nda da do\u011fru anlat\u0131lmas\u0131nda da Diyanet \u0130\u015fleri Ba\u015fkanl\u0131\u011f\u0131&#8217;m\u0131z\u0131n b\u00fcy\u00fck g\u00f6rev ve sorumluluklar\u0131 vard\u0131r&#8221; dedi.<\/p>\n","protected":false},"author":1000097,"featured_media":2919,"comment_status":"open","ping_status":"closed","sticky":false,"template":"","format":"standard","meta":[],"categories":[85],"tags":[],"_links":{"self":[{"href":"https:\/\/www.vizyon2023.com.tr\/index.php\/wp-json\/wp\/v2\/posts\/2918"}],"collection":[{"href":"https:\/\/www.vizyon2023.com.tr\/index.php\/wp-json\/wp\/v2\/posts"}],"about":[{"href":"https:\/\/www.vizyon2023.com.tr\/index.php\/wp-json\/wp\/v2\/types\/post"}],"author":[{"embeddable":true,"href":"https:\/\/www.vizyon2023.com.tr\/index.php\/wp-json\/wp\/v2\/users\/1000097"}],"replies":[{"embeddable":true,"href":"https:\/\/www.vizyon2023.com.tr\/index.php\/wp-json\/wp\/v2\/comments?post=2918"}],"version-history":[{"count":0,"href":"https:\/\/www.vizyon2023.com.tr\/index.php\/wp-json\/wp\/v2\/posts\/2918\/revisions"}],"wp:featuredmedia":[{"embeddable":true,"href":"https:\/\/www.vizyon2023.com.tr\/index.php\/wp-json\/wp\/v2\/media\/2919"}],"wp:attachment":[{"href":"https:\/\/www.vizyon2023.com.tr\/index.php\/wp-json\/wp\/v2\/media?parent=2918"}],"wp:term":[{"taxonomy":"category","embeddable":true,"href":"https:\/\/www.vizyon2023.com.tr\/index.php\/wp-json\/wp\/v2\/categories?post=2918"},{"taxonomy":"post_tag","embeddable":true,"href":"https:\/\/www.vizyon2023.com.tr\/index.php\/wp-json\/wp\/v2\/tags?post=2918"}],"curies":[{"name":"wp","href":"https:\/\/api.w.org\/{rel}","templated":true}]}}