{"id":2916,"date":"2018-03-14T12:17:49","date_gmt":"2018-03-14T10:17:49","guid":{"rendered":"http:\/\/www.vizyon2023.com.tr\/index.php\/2018\/03\/14\/basbakan-yildirimin-konusmalari-gorme-engelliler-icin-kitap-haline-getirildi\/"},"modified":"2018-03-14T12:17:49","modified_gmt":"2018-03-14T10:17:49","slug":"basbakan-yildirimin-konusmalari-gorme-engelliler-icin-kitap-haline-getirildi","status":"publish","type":"post","link":"https:\/\/www.vizyon2023.com.tr\/index.php\/2018\/03\/14\/basbakan-yildirimin-konusmalari-gorme-engelliler-icin-kitap-haline-getirildi\/","title":{"rendered":"Ba\u015fbakan Y\u0131ld\u0131r\u0131m&#8217;\u0131n konu\u015fmalar\u0131 g\u00f6rme engelliler i\u00e7in kitap haline getirildi"},"content":{"rendered":"<p>Ba\u015fbakanl\u0131k Bas\u0131n M\u00fc\u015favirli\u011fi&#8217;nin Braille alfabesiyle ilk kez bast\u0131\u011f\u0131 &#8220;G\u00f6reneller i\u00e7in Ba\u015fbakan diyor ki&#8221; adl\u0131 kitap bakanl\u0131klara, \u00fcniversitelere, vak\u0131flara, Milli K\u00fct\u00fcphane ile di\u011fer k\u00fct\u00fcphanelere, g\u00f6rme engelliler konfederasyonu ve sivil toplum kurulu\u015flar\u0131na, \u00f6zel e\u011fitim kurumlar\u0131na, g\u00f6rme engelli \u00f6\u011fretmen ve din g\u00f6revlileri ile belediyelerin ilgili birimlerine g\u00f6nderildi.<\/p>\n<p>Kitab\u0131n i\u00e7eri\u011fine ait metin dosyas\u0131n\u0131n yer ald\u0131\u011f\u0131 CD de dijital k\u00fct\u00fcphanelere ula\u015ft\u0131r\u0131ld\u0131.<\/p>\n<p>Kitab\u0131n kapa\u011f\u0131ndaki karekod ile www.basbakanlik.gov.tr adresinden kitab\u0131n PDF ve Word formatlar\u0131na da eri\u015fim sa\u011flanabiliyor.<\/p>\n<p>Ba\u015fbakan Binali Y\u0131ld\u0131r\u0131m&#8217;\u0131n mesaj\u0131n\u0131n yer ald\u0131\u011f\u0131 kitab\u0131n giri\u015f b\u00f6l\u00fcm\u00fcnde, Ocak ay\u0131n\u0131n en \u00f6nemli geli\u015fmesinin, T\u00fcrkiye&#8217;nin g\u00fcney s\u0131n\u0131r\u0131nda olu\u015fturulmak istenen ter\u00f6r koridorunu \u00f6nlemek amac\u0131yla Afrin b\u00f6lgesinde ter\u00f6ristlere kar\u015f\u0131 ba\u015flat\u0131lan Zeytin Dal\u0131 Harekat\u0131 oldu\u011fu belirtildi.<\/p>\n<p>Dergide, &#8220;Kahraman ordumuz, harekat\u0131n planlama ve icras\u0131nda sivillerin zarar g\u00f6rmemesi i\u00e7in her t\u00fcrl\u00fc hassasiyeti g\u00f6stermi\u015f, ele ge\u00e7irdi\u011fi b\u00f6lgelerde dost ve karde\u015f b\u00f6lge halk\u0131n\u0131 bask\u0131 ve zul\u00fcmden kurtarm\u0131\u015ft\u0131r&#8221; denildi.<\/p>\n<p>Kaynak: AA<\/p>\n","protected":false},"excerpt":{"rendered":"<p>Ba\u015fbakan Binali Y\u0131ld\u0131r\u0131m&#8217;\u0131n g\u00f6reve geldi\u011fi tarihten itibaren her ay bas\u0131na a\u00e7\u0131k programlar\u0131nda yapt\u0131\u011f\u0131 konu\u015fmalar, g\u00f6rme engelliler i\u00e7in haz\u0131rlanan kitapta topland\u0131.<\/p>\n","protected":false},"author":1000097,"featured_media":2917,"comment_status":"open","ping_status":"closed","sticky":false,"template":"","format":"standard","meta":[],"categories":[85],"tags":[],"_links":{"self":[{"href":"https:\/\/www.vizyon2023.com.tr\/index.php\/wp-json\/wp\/v2\/posts\/2916"}],"collection":[{"href":"https:\/\/www.vizyon2023.com.tr\/index.php\/wp-json\/wp\/v2\/posts"}],"about":[{"href":"https:\/\/www.vizyon2023.com.tr\/index.php\/wp-json\/wp\/v2\/types\/post"}],"author":[{"embeddable":true,"href":"https:\/\/www.vizyon2023.com.tr\/index.php\/wp-json\/wp\/v2\/users\/1000097"}],"replies":[{"embeddable":true,"href":"https:\/\/www.vizyon2023.com.tr\/index.php\/wp-json\/wp\/v2\/comments?post=2916"}],"version-history":[{"count":0,"href":"https:\/\/www.vizyon2023.com.tr\/index.php\/wp-json\/wp\/v2\/posts\/2916\/revisions"}],"wp:featuredmedia":[{"embeddable":true,"href":"https:\/\/www.vizyon2023.com.tr\/index.php\/wp-json\/wp\/v2\/media\/2917"}],"wp:attachment":[{"href":"https:\/\/www.vizyon2023.com.tr\/index.php\/wp-json\/wp\/v2\/media?parent=2916"}],"wp:term":[{"taxonomy":"category","embeddable":true,"href":"https:\/\/www.vizyon2023.com.tr\/index.php\/wp-json\/wp\/v2\/categories?post=2916"},{"taxonomy":"post_tag","embeddable":true,"href":"https:\/\/www.vizyon2023.com.tr\/index.php\/wp-json\/wp\/v2\/tags?post=2916"}],"curies":[{"name":"wp","href":"https:\/\/api.w.org\/{rel}","templated":true}]}}