{"id":2902,"date":"2018-03-09T11:00:35","date_gmt":"2018-03-09T09:00:35","guid":{"rendered":"http:\/\/www.vizyon2023.com.tr\/index.php\/2018\/03\/09\/bakan-yilmaz-afgan-turk-okullarinin-sayisi-28e-cikarilacak\/"},"modified":"2018-03-09T11:00:35","modified_gmt":"2018-03-09T09:00:35","slug":"bakan-yilmaz-afgan-turk-okullarinin-sayisi-28e-cikarilacak","status":"publish","type":"post","link":"https:\/\/www.vizyon2023.com.tr\/index.php\/2018\/03\/09\/bakan-yilmaz-afgan-turk-okullarinin-sayisi-28e-cikarilacak\/","title":{"rendered":"Bakan Y\u0131lmaz: Afgan-T\u00fcrk okullar\u0131n\u0131n say\u0131s\u0131 28&#8217;e \u00e7\u0131kar\u0131lacak"},"content":{"rendered":"<p>Milli E\u011fitim Bakan\u0131 \u0130smet Y\u0131lmaz, temaslarda bulunmak \u00fczere geldi\u011fi Kabil\u2019de bas\u0131n mensuplar\u0131na a\u00e7\u0131klama yapt\u0131. Bakan Y\u0131lmaz, B\u00fcy\u00fckel\u00e7ilikte ger\u00e7ekle\u015ftirdi\u011fi toplant\u0131da Afganistan\u2019\u0131n bayra\u011f\u0131n\u0131n Mustafa Kemal Atat\u00fcrk taraf\u0131ndan dire\u011fe \u00e7ekildi\u011fine dikkat \u00e7ekerek bu bayra\u011f\u0131n yabanc\u0131 bir bayrak olmad\u0131\u011f\u0131n\u0131 ifade etti.<\/p>\n<p>1921 tarihinde T\u00fcrkiye ile Afganistan aras\u0131nda ittifak aras\u0131nda anla\u015fma imzaland\u0131\u011f\u0131n\u0131 vurgulayan Bakan Y\u0131lmaz, 2014 y\u0131l\u0131nda da Afganistan ile T\u00fcrkiye aras\u0131nda Stratejik ortakl\u0131k ve Dostluk Anla\u015fmas\u0131 imzaland\u0131\u011f\u0131n\u0131 aktard\u0131.<\/p>\n<p>Bakan Y\u0131lmaz Afganistan ile ili\u015fkilerin geli\u015ftirilmesini istediklerini bildirerek, \u201cBu alanlar\u0131n ba\u015f\u0131nda e\u011fitim gelmektedir. Afganistan G\u00fcvenlik G\u00fc\u00e7lerinin, T\u00fcrk Silahl\u0131 Kuvvetlerinin e\u011fitimine devam edilmektedir. T\u00fcrkiye\u2019de do\u011fdu\u011fum kent olan Sivas\u2019ta Afgan polislerin e\u011fitimi de devam etmektedir. Bundan sonra da e\u011fitim alan\u0131ndaki i\u015f birli\u011fimizi geli\u015ftirmek istiyoruz\u201d dedi.<\/p>\n<p>15 Temmuz darbe giri\u015fimine de\u011finen Bakan Y\u0131lmaz, \u201cT\u00fcrkiye 15 Temmuz\u2019da bir ter\u00f6r sald\u0131r\u0131s\u0131na, kendi i\u00e7inden do\u011fdu\u011fu topluma ailesine ihanet eden bir yap\u0131n\u0131n sald\u0131r\u0131s\u0131na u\u011frad\u0131. T\u00fcrkiye\u2019de darbe giri\u015fimini, ihanet eylemini ger\u00e7ekle\u015ftirenlerin yarg\u0131lamalar\u0131na devam ediliyor ve bir\u00e7o\u011fu da mahkemelerde karara ba\u011fland\u0131. \u0130slam \u0130\u015fbirli\u011fi Te\u015fkilat\u0131, FET\u00d6\u2019y\u00fc 19 Ekim 2016 tarihinde ter\u00f6r \u00f6rg\u00fct\u00fc olarak ilan etti. \u0130slam \u0130\u015fbirli\u011fi Te\u015fkilat\u0131, bu \u00f6rg\u00fct\u00fcn \u0130slam \u00fclkelerinin kamu d\u00fczenine, g\u00fcvenlik ve istikrar\u0131na y\u00f6nelik tehdit olu\u015fturdu\u011funu ve \u00fcye devletleri de FET\u00d6\u2019ye kar\u015f\u0131 gerekli her tedbiri almaya ve bu y\u00f6nde T\u00fcrkiye ile i\u015fbirli\u011fi yapmaya devam etmi\u015ftir. K\u00f6rfez \u0130\u015fbirli\u011fi Te\u015fkilat\u0131, Riyad\u2019da d\u00fczenlenen Bakanlar Toplant\u0131s\u0131\u2019nda FET\u00d6\u2019y\u00fc ter\u00f6r \u00f6rg\u00fct\u00fc olarak teyit etmi\u015ftir. Asya Parlamenterler Asamblesi 28 Kas\u0131m-1 Aral\u0131k 2016 tarihlerinde Kambo\u00e7ya\u2019n\u0131n Siem Reap \u015fehrinde d\u00fczenlenen toplant\u0131s\u0131nda FET\u00d6\u2019n\u00fcn bir ter\u00f6r \u00f6rg\u00fct\u00fc oldu\u011funu ve APA \u00fcyesi \u00fclkelerin s\u00f6z konusu \u00f6rg\u00fcte kar\u015f\u0131 gerekli \u00f6nlemleri almas\u0131 \u00e7a\u011fr\u0131s\u0131n\u0131 yapt\u0131\u201d ifadelerini kulland\u0131.<\/p>\n<p><strong>\u201cAfganl\u0131 \u00f6\u011frenciler evlad\u0131m\u0131z gibidir\u201d<\/strong><\/p>\n<p>\u00c7e\u015fitli \u00fclkelerde bulunan okullar\u0131n kapat\u0131ld\u0131\u011f\u0131n\u0131 belirten Bakan Y\u0131lmaz, Gine, Somali, Sudan, Kongo Cumhuriyeti, Mali, Moritanya, Nijer, Senegal, \u00c7ad\u2019\u0131n da okullar\u0131 kapatarak Maarif Vakf\u0131\u2019na devretti\u011fini bildirdi. Dost karde\u015f \u00fclkelerin FET\u00d6 okullar\u0131n\u0131 tehdit olarak g\u00f6r\u00fcp okullar\u0131 kapatt\u0131\u011f\u0131n\u0131 dile getiren Bakan Y\u0131lmaz, \u201cBiz Afganistan\u2019daki karde\u015flerimize de diyoruz ki, Afganl\u0131 \u00f6\u011frenciler evlad\u0131m\u0131z gibidir. Hi\u00e7birinin en ufak bir zarar g\u00f6rmesini istemeyiz. Evlatlar\u0131m\u0131za daha kaliteli e\u011fitim verilmesi i\u00e7in, okul say\u0131lar\u0131n\u0131n artt\u0131r\u0131lmas\u0131 i\u00e7in, e\u011fitim verilen \u00f6\u011frenci say\u0131s\u0131n\u0131n artt\u0131r\u0131lmas\u0131 i\u00e7in mevcut okullar\u0131n Maarif vakf\u0131na devredilmesi ve Maarif Vakf\u0131\u2019n\u0131n da mevcut okullar yan\u0131na yeni okullar a\u00e7\u0131lmas\u0131 konusunda protokol\u00fc Afganistan E\u011fitim Bakan\u0131 ile imzalad\u0131k\u201d dedi.<\/p>\n<p><strong>\u201cAfganistan e\u011fitimine katk\u0131 amac\u0131yla 100\u2019e yak\u0131n okul in\u015fa ettik\u201d<\/strong><\/p>\n<p>Ba\u015far\u0131l\u0131 \u00f6\u011frencilere burs sa\u011flanaca\u011f\u0131n\u0131 kaydeden Milli E\u011fitim Bakan\u0131 \u0130smet Y\u0131lmaz, \u201cAfganistan ile T\u00fcrkiye aras\u0131nda Afganistan\u2019da Mevlana \u00dcniversitesinin a\u00e7\u0131lmas\u0131na ili\u015fkin bir \u00e7al\u0131\u015fmam\u0131z da var. Bunu da nihayete erdirece\u011fiz. Herkes \u015fundan emin olsun T\u00fcrkiye ile e\u011fitim daha kaliteli olacakt\u0131r. T\u00fcrkiye ile e\u011fitim Afgan ailelere ve velilere daha g\u00fcven verecektir. \u0130mza atmadan \u00f6nce e\u011fitim alan\u0131nda Afganistan\u2019da 335 projeyi T\u0130KA vas\u0131tas\u0131yla ger\u00e7ekle\u015ftirdik. Afganistan e\u011fitimine katk\u0131 amac\u0131yla 100\u2019e yak\u0131n okul in\u015fa ettik, 120 bin \u00f6\u011frenciye e\u011fitim olana\u011f\u0131 sa\u011flad\u0131k, in\u015fa edilen okullar\u0131n m\u00fc\u015ftemilatlar\u0131 ve donan\u0131mlar\u0131 yap\u0131ld\u0131. T\u0130KA\u2019n\u0131n 2017\u2019ye kadar yapt\u0131\u011f\u0131 harcama 309 milyon dolar\u0131n \u00fczerindedir. \u015eimdiki s\u00f6ylediklerimiz taahh\u00fct etmeden yapt\u0131klar\u0131m\u0131zd\u0131r. Cumhurba\u015fkan\u0131m\u0131z Erdo\u011fan, Afrika\u2019ya gidiyor. Biraz \u00f6nce s\u00f6yledi\u011fim gibi Somali, Sudan, Kongo Halk Cumhuriyeti, Mali, Moritanya, \u00c7ad ve Somali Land\u2019da, Somali\u2019nin ayr\u0131 bir b\u00f6l\u00fcm\u00fc, buralarda Maarif Vakf\u0131m\u0131z\u0131n okullar\u0131 var, FET\u00d6 okullar\u0131 yok a\u00e7\u0131klamas\u0131n\u0131 yapt\u0131. Bakan Y\u0131lmaz, a\u00e7\u0131klamas\u0131n\u0131 \u015fu \u015fekilde s\u00fcrd\u00fcrd\u00fc:<br \/>\n\u201c26 \u00fclke ile de yeni okullar\u0131n a\u00e7\u0131lmas\u0131n i\u00e7in protokoller imzalanm\u0131\u015f olup devir teslim s\u00fcre\u00e7leri devam etmektedir. Cumhurba\u015fkan\u0131m\u0131z\u0131n ziyaretinde ise var ise okullar\u0131n Maarif Vakf\u0131\u2019na devredilmesi konusunda gere\u011fi yap\u0131lacakt\u0131r. Buradaki okullarla ilgili olarak da gelecek 10 y\u0131l i\u00e7erisinde Afgan-T\u00fcrk okullar\u0131n\u0131n say\u0131s\u0131 28\u2019e \u00e7\u0131kar\u0131lacak. 10 tanesi ya da daha fazlas\u0131 Afgan Milli E\u011fitim Bakanl\u0131\u011f\u0131n\u0131n talebi de dikkate al\u0131narak teknik ve mezhep okulu olacak. \u00d6\u011frenci ay\u0131s\u0131 18 bine kadar artt\u0131r\u0131lacak. K\u0131z ve erkek yurtlar\u0131n\u0131n kapasitesi artt\u0131r\u0131lacak\u201d<\/p>\n","protected":false},"excerpt":{"rendered":"<p>Milli E\u011fitim Bakan\u0131 \u0130smet Y\u0131lmaz, gelecek 10 y\u0131l i\u00e7erisinde Afgan-T\u00fcrk okullar\u0131n\u0131n say\u0131s\u0131n\u0131n 28&#8217;e \u00e7\u0131kar\u0131laca\u011f\u0131n\u0131 a\u00e7\u0131klad\u0131.<\/p>\n","protected":false},"author":1000097,"featured_media":2903,"comment_status":"open","ping_status":"closed","sticky":false,"template":"","format":"standard","meta":[],"categories":[63],"tags":[],"_links":{"self":[{"href":"https:\/\/www.vizyon2023.com.tr\/index.php\/wp-json\/wp\/v2\/posts\/2902"}],"collection":[{"href":"https:\/\/www.vizyon2023.com.tr\/index.php\/wp-json\/wp\/v2\/posts"}],"about":[{"href":"https:\/\/www.vizyon2023.com.tr\/index.php\/wp-json\/wp\/v2\/types\/post"}],"author":[{"embeddable":true,"href":"https:\/\/www.vizyon2023.com.tr\/index.php\/wp-json\/wp\/v2\/users\/1000097"}],"replies":[{"embeddable":true,"href":"https:\/\/www.vizyon2023.com.tr\/index.php\/wp-json\/wp\/v2\/comments?post=2902"}],"version-history":[{"count":0,"href":"https:\/\/www.vizyon2023.com.tr\/index.php\/wp-json\/wp\/v2\/posts\/2902\/revisions"}],"wp:featuredmedia":[{"embeddable":true,"href":"https:\/\/www.vizyon2023.com.tr\/index.php\/wp-json\/wp\/v2\/media\/2903"}],"wp:attachment":[{"href":"https:\/\/www.vizyon2023.com.tr\/index.php\/wp-json\/wp\/v2\/media?parent=2902"}],"wp:term":[{"taxonomy":"category","embeddable":true,"href":"https:\/\/www.vizyon2023.com.tr\/index.php\/wp-json\/wp\/v2\/categories?post=2902"},{"taxonomy":"post_tag","embeddable":true,"href":"https:\/\/www.vizyon2023.com.tr\/index.php\/wp-json\/wp\/v2\/tags?post=2902"}],"curies":[{"name":"wp","href":"https:\/\/api.w.org\/{rel}","templated":true}]}}