{"id":2886,"date":"2018-03-09T10:56:32","date_gmt":"2018-03-09T08:56:32","guid":{"rendered":"http:\/\/www.vizyon2023.com.tr\/index.php\/2018\/03\/09\/ab-abdnin-vergi-kararindan-muaf-tutulmak-istiyor\/"},"modified":"2018-03-09T10:56:32","modified_gmt":"2018-03-09T08:56:32","slug":"ab-abdnin-vergi-kararindan-muaf-tutulmak-istiyor","status":"publish","type":"post","link":"https:\/\/www.vizyon2023.com.tr\/index.php\/2018\/03\/09\/ab-abdnin-vergi-kararindan-muaf-tutulmak-istiyor\/","title":{"rendered":"AB, ABD&#8217;nin vergi karar\u0131ndan muaf tutulmak istiyor"},"content":{"rendered":"<p>Avrupa Birli\u011fi (AB) Komisyonu Ticaretten Sorumlu \u00dcyesi Cecilia Malmstr\u00f6m, ABD Ba\u015fkan\u0131 Donald Trump&#8217;\u0131n ithal \u00e7elik ve al\u00fcminyuma s\u0131ras\u0131yla y\u00fczde 25 ve y\u00fczde 10 ilave g\u00fcmr\u00fck vergisi uygulanmas\u0131 karar\u0131n\u0131 imzalamas\u0131n\u0131n ard\u0131ndan sosyal medya hesab\u0131ndan a\u00e7\u0131klamalarda bulundu.<\/p>\n<p><strong>Trump, ithal \u00e7elik ve al\u00fcminyuma ek vergi karar\u0131n\u0131 imzalad\u0131<\/strong><\/p>\n<p><strong>AB ve ABD, g\u00fcmr\u00fck vergilerinde kar\u015f\u0131 kar\u015f\u0131ya geldi<\/strong><\/p>\n<p><strong>\u00c7in ABD&#8217;yi uyard\u0131: Gereken cevab\u0131 veririz<\/strong><\/p>\n<p>AB&#8217;nin, ABD&#8217;nin yak\u0131n m\u00fcttefiki oldu\u011funu belirten Malmstr\u00f6m, &#8220;AB&#8217;nin bu tedbirlerin d\u0131\u015f\u0131nda tutulmas\u0131 gerekti\u011fi g\u00f6r\u00fc\u015f\u00fcn\u00fc s\u00fcrd\u00fcr\u00fcyoruz.&#8221; dedi.<\/p>\n<p>Trump taraf\u0131ndan g\u00fcmr\u00fck vergileriyle ilgili m\u00fczakereleri y\u00fcr\u00fctmek i\u00e7in g\u00f6revlendirilen ABD Ticaret Temsilcisi Robert Lighthizer&#8217;la yar\u0131n Br\u00fcksel&#8217;de g\u00f6r\u00fc\u015fece\u011fini aktaran Malmstr\u00f6m, durumu ilerleyen g\u00fcnlerde netle\u015ftirmeye \u00e7al\u0131\u015faca\u011f\u0131 bilgisini verdi.<\/p>\n<p>ABD&#8217;ye ticaret ve askeri alanlarda adil davranan &#8220;ger\u00e7ek dostlara&#8221; b\u00fcy\u00fck esneklik g\u00f6sterilece\u011fini a\u00e7\u0131klayan ABD Ba\u015fkan\u0131 Trump, Kanada ve Meksika&#8217;n\u0131n devam eden Kuzey Amerika Serbest Ticaret Anla\u015fmas\u0131 (NAFTA) m\u00fczakereleri nedeniyle \u015fu an i\u00e7in s\u00f6z konusu vergilerden muaf tutulaca\u011f\u0131n\u0131 bildirmi\u015fti.<\/p>\n<p>ABD&#8217;nin ithal \u00e7elik ve al\u00fcminyuma ek g\u00fcmr\u00fck vergileri getirilece\u011fini duyurmas\u0131 \u00fczerine AB, ABD&#8217;nin b\u00f6lgeye yapt\u0131\u011f\u0131 ihracata kar\u015f\u0131 \u00f6nlemler al\u0131naca\u011f\u0131n\u0131 duyurmu\u015ftu.<\/p>\n<p>Kaynak: AA<\/p>\n","protected":false},"excerpt":{"rendered":"<p>AB Komisyonu Ticaretten Sorumlu \u00dcyesi Malmstr\u00f6m, ABD&#8217;nin ilave g\u00fcmr\u00fck vergileri uygulama karar\u0131na ili\u015fkin, AB&#8217;nin bu tedbirlerin d\u0131\u015f\u0131nda tutulmas\u0131 gerekti\u011fini s\u00f6yledi.<\/p>\n","protected":false},"author":1000097,"featured_media":2887,"comment_status":"open","ping_status":"closed","sticky":false,"template":"","format":"standard","meta":[],"categories":[61],"tags":[],"_links":{"self":[{"href":"https:\/\/www.vizyon2023.com.tr\/index.php\/wp-json\/wp\/v2\/posts\/2886"}],"collection":[{"href":"https:\/\/www.vizyon2023.com.tr\/index.php\/wp-json\/wp\/v2\/posts"}],"about":[{"href":"https:\/\/www.vizyon2023.com.tr\/index.php\/wp-json\/wp\/v2\/types\/post"}],"author":[{"embeddable":true,"href":"https:\/\/www.vizyon2023.com.tr\/index.php\/wp-json\/wp\/v2\/users\/1000097"}],"replies":[{"embeddable":true,"href":"https:\/\/www.vizyon2023.com.tr\/index.php\/wp-json\/wp\/v2\/comments?post=2886"}],"version-history":[{"count":0,"href":"https:\/\/www.vizyon2023.com.tr\/index.php\/wp-json\/wp\/v2\/posts\/2886\/revisions"}],"wp:featuredmedia":[{"embeddable":true,"href":"https:\/\/www.vizyon2023.com.tr\/index.php\/wp-json\/wp\/v2\/media\/2887"}],"wp:attachment":[{"href":"https:\/\/www.vizyon2023.com.tr\/index.php\/wp-json\/wp\/v2\/media?parent=2886"}],"wp:term":[{"taxonomy":"category","embeddable":true,"href":"https:\/\/www.vizyon2023.com.tr\/index.php\/wp-json\/wp\/v2\/categories?post=2886"},{"taxonomy":"post_tag","embeddable":true,"href":"https:\/\/www.vizyon2023.com.tr\/index.php\/wp-json\/wp\/v2\/tags?post=2886"}],"curies":[{"name":"wp","href":"https:\/\/api.w.org\/{rel}","templated":true}]}}