{"id":2882,"date":"2018-03-09T10:54:11","date_gmt":"2018-03-09T08:54:11","guid":{"rendered":"http:\/\/www.vizyon2023.com.tr\/index.php\/2018\/03\/09\/eski-bakan-ve-milletvekillerine-diplomatik-pasaport\/"},"modified":"2018-03-09T10:54:11","modified_gmt":"2018-03-09T08:54:11","slug":"eski-bakan-ve-milletvekillerine-diplomatik-pasaport","status":"publish","type":"post","link":"https:\/\/www.vizyon2023.com.tr\/index.php\/2018\/03\/09\/eski-bakan-ve-milletvekillerine-diplomatik-pasaport\/","title":{"rendered":"Eski bakan ve milletvekillerine diplomatik pasaport"},"content":{"rendered":"<p>TBMM Genel Kurulunda, kamuoyunda &#8220;torba tasar\u0131&#8221; olarak bilinen Vergi Kanunlar\u0131 ile Baz\u0131 Kanun ve Kanun H\u00fckm\u00fcnde Kararnamelerde De\u011fi\u015fiklik Yap\u0131lmas\u0131 Hakk\u0131nda Kanun Tasar\u0131s\u0131&#8217;n\u0131n 9 maddesi kabul edildi.<\/p>\n<p><strong>Eski bakan ve milletvekillerine de diplomatik pasaport<\/strong><\/p>\n<p>Tasar\u0131n\u0131n birinci maddesinde, kabul edilen \u00f6nergeyle de\u011fi\u015fikli\u011fe gidildi. Bu kapsamda, \u00f6\u011frenim g\u00f6ren \u00e7ocuklar\u0131n, anne veya babas\u0131ndan dolay\u0131 kazand\u0131klar\u0131 pasaport hakk\u0131n\u0131n, \u00e7al\u0131\u015fmas\u0131 halinde de devam ettirilmesine ili\u015fkin d\u00fczenleme tasar\u0131 metninden \u00e7\u0131kar\u0131ld\u0131. Pasaport Kanunu&#8217;nun diplomatik pasaportlara ili\u015fkin 13. maddesinde ise de\u011fi\u015fiklik yap\u0131larak, eski bakanlara ve milletvekillerine g\u00f6revde bulunduklar\u0131 d\u00f6nemde verilen pasaportlar\u0131n ge\u00e7erlilik s\u00fcresi d\u00fczenlendi.<\/p>\n<p>Tasar\u0131n\u0131n kabul edilen maddelerine g\u00f6re, eski bakanlara ve TBMM&#8217;nin eski \u00fcyelerine g\u00f6revde bulunduklar\u0131 s\u0131rada verilen diplomatik pasaportlar\u0131n, g\u00f6revlerinin sona ermesi halinde de ge\u00e7erlili\u011fi devam ettirilecek.<\/p>\n<p>Amme bor\u00e7lusunun hacizli mal\u0131 \u00fczerinde tasarrufuna imkan verilmek suretiyle kamu alacaklar\u0131n\u0131n tahsilat\u0131nda etkinli\u011fin art\u0131r\u0131lmas\u0131 ama\u00e7lan\u0131yor. Haczedilen mallar\u0131n ilgili kanuna g\u00f6re tespit edilen de\u011feri esas al\u0131narak tahsilat yap\u0131lmas\u0131 ve buna ba\u011fl\u0131 olarak haczin kald\u0131r\u0131labilmesine imkan veriliyor.<\/p>\n<p><strong>Hacizli mallar \u015fu \u015fartlarla kald\u0131r\u0131lacak<\/strong><\/p>\n<p>Maliye Bakanl\u0131\u011f\u0131na ba\u011fl\u0131 tahsil dairelerince haczedilen mal \u00fczerindeki hacizler \u015fu \u015fartlar\u0131n sa\u011flanmas\u0131 halinde kald\u0131r\u0131lacak:<\/p>\n<p>&#8220;Hacizli mal\u0131n ilgili kanunda say\u0131lan mallardan olmas\u0131. Hacizli mala bi\u00e7ilen de\u011fer ile y\u00fczde 10 fazlas\u0131n\u0131n, ilk s\u0131rada haciz tatbik eden tahsil dairesine \u00f6denmesi. Hacizli mala ili\u015fkin takip masraflar\u0131n\u0131n ayr\u0131ca \u00f6denmesi. Hacze kar\u015f\u0131 dava a\u00e7\u0131lmamas\u0131 veya a\u00e7\u0131lm\u0131\u015f davalardan vazge\u00e7ilmesi.&#8221;<\/p>\n<p>Haczin kald\u0131r\u0131lmas\u0131 halinde ayn\u0131 mala, haczin kald\u0131r\u0131ld\u0131\u011f\u0131 tarihten itibaren \u00fc\u00e7 ay m\u00fcddetle haciz tatbik edilemeyecek.<\/p>\n<p>Bu d\u00fczenlemeden yararlanmak \u00fczere ba\u015fvuruda bulunarak hacze kar\u015f\u0131 a\u00e7t\u0131\u011f\u0131 davalardan vazge\u00e7en bor\u00e7lunun, haczi kald\u0131r\u0131lan mal ile ilgili a\u00e7t\u0131\u011f\u0131 davalar mahkemelerce incelenmeyecek.<\/p>\n<p><strong>Yenilenebilir enerji kaynaklar\u0131 te\u015fvik ediliyor<\/strong><\/p>\n<p>Apartmanlarda yer alanlar dahil olmak \u00fczere, konutlar\u0131n \u00e7at\u0131 veya cephelerinin yenilenebilir enerji kaynaklar\u0131na dayal\u0131 elektrik enerjisi \u00fcretimi ama\u00e7l\u0131 kullan\u0131lmas\u0131 te\u015fvik ediliyor. Bu suretle \u00fcretilen elektrik enerjisinin ihtiya\u00e7 fazlas\u0131n\u0131 son kaynak tedarik \u015firketine satanlar vergiden muaf esnaf kapsam\u0131na al\u0131nacak.<\/p>\n<p>Bu \u015fekilde kurulacak \u00fcretim tesisinin kurulum g\u00fcc\u00fc 10 kilovat\u0131 ge\u00e7meyecek, \u00fcretim ve t\u00fcketim tesisi ayn\u0131 noktada yer alacak.<\/p>\n<p>Kat M\u00fclkiyeti Kanunu kapsam\u0131nda ana gayrimenkul\u00fcn ortak elektrik ihtiya\u00e7lar\u0131n\u0131n kar\u015f\u0131lanmas\u0131 amac\u0131yla \u00e7at\u0131 veya cephelerde kurulacak elektrik enerjisi \u00fcretim tesisinden kat maliklerince elde edilecek gelirler de muafiyet kapsam\u0131nda olacak.<\/p>\n<p>Bu tesisten \u00fcretilen enerjiyi satanlar\u0131n belge d\u00fczenleme, defter tutma, beyanname verme y\u00fck\u00fcml\u00fcl\u00fc\u011f\u00fc olmayacak.<\/p>\n<p><strong>Kre\u015f ve g\u00fcnd\u00fcz bak\u0131mevi hizmeti vergi d\u0131\u015f\u0131 b\u0131rak\u0131l\u0131yor<\/strong><\/p>\n<p>Kad\u0131nlar\u0131n \u00e7al\u0131\u015fma hayat\u0131na kat\u0131lmas\u0131n\u0131n te\u015fviki amac\u0131yla i\u015fverenlerce okul \u00f6ncesi \u00e7a\u011f\u0131ndaki \u00e7ocuklar i\u00e7in verilen ve \u00fccretin bir par\u00e7as\u0131 olan kre\u015f ve g\u00fcnd\u00fcz bak\u0131mevi hizmeti vergi d\u0131\u015f\u0131 b\u0131rak\u0131l\u0131yor.<\/p>\n<p>Buna g\u00f6re, i\u015fverenlerce i\u015f yerinde kre\u015f ve g\u00fcnd\u00fcz bak\u0131mevi hizmetlerinin verilmedi\u011fi durumlarda, \u00f6demenin do\u011frudan bu hizmetleri sa\u011flayan gelir veya kurumlar vergisi m\u00fckelleflerine yap\u0131lmas\u0131 \u015fart\u0131yla her bir \u00e7ocuk i\u00e7in ayl\u0131k, asgari \u00fccretin ayl\u0131k br\u00fct tutar\u0131n\u0131n y\u00fczde 15&#8217;ini a\u015fmamak \u00fczere bu istisnadan yararlan\u0131lacak. Bu y\u00fczde 15 oran\u0131n\u0131, asgari \u00fccretin ayl\u0131k br\u00fct tutar\u0131n\u0131n y\u00fczde 50&#8217;sine kadar art\u0131rmaya ve kanuni seviyesine getirmeye Bakanlar Kurulu yetkili olacak.<\/p>\n<p>Hizmet s\u00f6zle\u015fmesi sona erdikten sonra hizmet erbab\u0131na, kar\u015f\u0131l\u0131kl\u0131 sonland\u0131rma s\u00f6zle\u015fmesi veya ikale s\u00f6zle\u015fmesi kapsam\u0131nda \u00f6denen tazminatlar, i\u015f kayb\u0131 tazminatlar\u0131, i\u015f sonu tazminatlar\u0131, i\u015f g\u00fcvencesi tazminatlar\u0131 gibi adlar alt\u0131nda yap\u0131lan \u00f6demeler ve yard\u0131mlar, \u00e7al\u0131\u015fan\u0131n tabi oldu\u011fu mevzuata g\u00f6re k\u0131dem tazminat\u0131na ili\u015fkin s\u00f6z konusu istisna tutar\u0131n hesab\u0131nda dikkate al\u0131nacak.<\/p>\n<p>Net asgari \u00fccretlilere, bu y\u0131l\u0131n ocak ay\u0131nda maa\u015f\u0131n\u0131n net asgari \u00fccretin alt\u0131nda kalmas\u0131 halinde, bu durumu telafi edecek \u015fekilde asgari ge\u00e7im indirimi sa\u011flanacak.<\/p>\n<p>Hizmet erbab\u0131na hizmet s\u00f6zle\u015fmesi sona erdikten sonra, kar\u015f\u0131l\u0131kl\u0131 sonland\u0131rma s\u00f6zle\u015fmesi veya ikale s\u00f6zle\u015fmesi kapsam\u0131nda \u00f6denen tazminatlar ile i\u015f kayb\u0131, i\u015f sonu ve i\u015f g\u00fcvencesi tazminatlar\u0131 gibi \u00e7e\u015fitli adlar alt\u0131nda yap\u0131lan \u00f6deme ve yard\u0131mlar \u00fccret kapsam\u0131nda say\u0131lacak.<\/p>\n<p><strong>Vergi mahremiyetinin ihlali say\u0131lmayacak<\/strong><\/p>\n<p>Kamu kurum ve kurulu\u015flar\u0131 taraf\u0131ndan m\u00fckelleflerden talep edilebilen, kurum ve kurulu\u015flar\u0131n g\u00f6revleriyle do\u011frudan ilgili ve g\u00f6revlerinin ifas\u0131 i\u00e7in zorunluluk ve s\u00fcreklilik arz eden bilgilerin, bu kurum ve kurulu\u015flara verilmesi vergi mahremiyetinin ihlali say\u0131lmayacak.<\/p>\n<p>D\u00fczenlemeyle, adi ortakl\u0131klar gibi t\u00fczel ki\u015fili\u011fi olmayan veya vak\u0131flar, dernekler ve \u00fcniversiteler gibi t\u00fczel ki\u015fili\u011fi olan te\u015fekk\u00fcllerin sona ermesi durumunda, bunlar hakk\u0131nda sona erme tarihinden \u00f6nceki d\u00f6nemlere ili\u015fkin olarak yap\u0131lacak tarhiyatlar ve kesilecek cezalar\u0131n muhatab\u0131 netle\u015ftiriliyor.<\/p>\n<p>Kaynak: AA<\/p>\n","protected":false},"excerpt":{"rendered":"<p>&#8220;Torba tasar\u0131&#8221;n\u0131n 9 maddesi kabul edildi. Eski bakan ve TBMM&#8217;nin eski \u00fcyelerine verilen diplomatik pasaportlar\u0131n, g\u00f6revlerinin sona ermesi halinde de ge\u00e7erlili\u011fi s\u00fcrecek.<\/p>\n","protected":false},"author":1000097,"featured_media":2883,"comment_status":"open","ping_status":"closed","sticky":false,"template":"","format":"standard","meta":[],"categories":[85],"tags":[],"_links":{"self":[{"href":"https:\/\/www.vizyon2023.com.tr\/index.php\/wp-json\/wp\/v2\/posts\/2882"}],"collection":[{"href":"https:\/\/www.vizyon2023.com.tr\/index.php\/wp-json\/wp\/v2\/posts"}],"about":[{"href":"https:\/\/www.vizyon2023.com.tr\/index.php\/wp-json\/wp\/v2\/types\/post"}],"author":[{"embeddable":true,"href":"https:\/\/www.vizyon2023.com.tr\/index.php\/wp-json\/wp\/v2\/users\/1000097"}],"replies":[{"embeddable":true,"href":"https:\/\/www.vizyon2023.com.tr\/index.php\/wp-json\/wp\/v2\/comments?post=2882"}],"version-history":[{"count":0,"href":"https:\/\/www.vizyon2023.com.tr\/index.php\/wp-json\/wp\/v2\/posts\/2882\/revisions"}],"wp:featuredmedia":[{"embeddable":true,"href":"https:\/\/www.vizyon2023.com.tr\/index.php\/wp-json\/wp\/v2\/media\/2883"}],"wp:attachment":[{"href":"https:\/\/www.vizyon2023.com.tr\/index.php\/wp-json\/wp\/v2\/media?parent=2882"}],"wp:term":[{"taxonomy":"category","embeddable":true,"href":"https:\/\/www.vizyon2023.com.tr\/index.php\/wp-json\/wp\/v2\/categories?post=2882"},{"taxonomy":"post_tag","embeddable":true,"href":"https:\/\/www.vizyon2023.com.tr\/index.php\/wp-json\/wp\/v2\/tags?post=2882"}],"curies":[{"name":"wp","href":"https:\/\/api.w.org\/{rel}","templated":true}]}}