{"id":2880,"date":"2018-03-09T10:53:47","date_gmt":"2018-03-09T08:53:47","guid":{"rendered":"http:\/\/www.vizyon2023.com.tr\/index.php\/2018\/03\/09\/ypgpkkli-teroristler-sivillerin-bulundugu-araca-saldirdi\/"},"modified":"2018-03-09T10:53:47","modified_gmt":"2018-03-09T08:53:47","slug":"ypgpkkli-teroristler-sivillerin-bulundugu-araca-saldirdi","status":"publish","type":"post","link":"https:\/\/www.vizyon2023.com.tr\/index.php\/2018\/03\/09\/ypgpkkli-teroristler-sivillerin-bulundugu-araca-saldirdi\/","title":{"rendered":"YPG\/PKK&#8217;l\u0131 ter\u00f6ristler sivillerin bulundu\u011fu araca sald\u0131rd\u0131"},"content":{"rendered":"<p>Cinderes yak\u0131nlar\u0131ndaki bir k\u00f6yde ya\u015fayan Suriyeli aile, T\u00fcrk Silahl\u0131 Kuvvetleri (TSK) ve \u00d6zg\u00fcr Suriye Ordusu (\u00d6SO) taraf\u0131ndan ter\u00f6rden temizlenen Deyr Ballut k\u00f6y\u00fcne gelmek isterken YPG\/PKK&#8217;l\u0131 ter\u00f6ristlerin sald\u0131r\u0131s\u0131na u\u011frad\u0131.<\/p>\n<p><strong>&#8220;YPG\/PKK sivillerin Afrin&#8217;den \u00e7\u0131k\u0131\u015f\u0131n\u0131 engellemeye devam ediyor&#8221;<\/strong><\/p>\n<p><strong>Ter\u00f6r \u00f6rg\u00fct\u00fc YPG\/PKK may\u0131n\u0131na basan k\u00f6yl\u00fc hayat\u0131n\u0131 kaybetti<\/strong><\/p>\n<p><strong>ABD ve ter\u00f6r \u00f6rg\u00fct\u00fc SDG&#8217;nin vah\u015feti BM raporunda<\/strong><\/p>\n<p><strong>Ter\u00f6ristler hendekleri tehditlerle Afrin halk\u0131na kazd\u0131rd\u0131<\/strong><\/p>\n<p>\u0130\u00e7erisinde biri \u00e7ocuk \u00fc\u00e7 ki\u015finin bulundu\u011fu araca a\u00e7\u0131lan ate\u015fte bir kad\u0131n yaraland\u0131.<\/p>\n<p>Yaral\u0131n\u0131n yard\u0131m\u0131na T\u00fcrk askeri yeti\u015fti. \u00c7evre g\u00fcvenli\u011fini ald\u0131ktan sonra sivilleri g\u00fcvenli b\u00f6lgeye ta\u015f\u0131yan Mehmet\u00e7ik, yaralanan kad\u0131n ile ona refakat etmesi i\u00e7in bir ki\u015fiyi Hatay&#8217;a getirdi.<\/p>\n<p>Yaral\u0131 kad\u0131n, Hatay&#8217;da tedavi alt\u0131na al\u0131nd\u0131.<\/p>\n<p>Kaynak: AA<\/p>\n","protected":false},"excerpt":{"rendered":"<p>Afrin k\u0131rsal\u0131ndaki Cinderes b\u00f6lgesinde ter\u00f6ristler, i\u00e7erisinde biri \u00e7ocuk 3 ki\u015finin bulundu\u011fu araca sald\u0131rd\u0131. Sald\u0131r\u0131da yaralanan kad\u0131n\u0131 T\u00fcrk askeri hastaneye yeti\u015ftirdi.<\/p>\n","protected":false},"author":1000097,"featured_media":2881,"comment_status":"open","ping_status":"closed","sticky":false,"template":"","format":"standard","meta":[],"categories":[85],"tags":[],"_links":{"self":[{"href":"https:\/\/www.vizyon2023.com.tr\/index.php\/wp-json\/wp\/v2\/posts\/2880"}],"collection":[{"href":"https:\/\/www.vizyon2023.com.tr\/index.php\/wp-json\/wp\/v2\/posts"}],"about":[{"href":"https:\/\/www.vizyon2023.com.tr\/index.php\/wp-json\/wp\/v2\/types\/post"}],"author":[{"embeddable":true,"href":"https:\/\/www.vizyon2023.com.tr\/index.php\/wp-json\/wp\/v2\/users\/1000097"}],"replies":[{"embeddable":true,"href":"https:\/\/www.vizyon2023.com.tr\/index.php\/wp-json\/wp\/v2\/comments?post=2880"}],"version-history":[{"count":0,"href":"https:\/\/www.vizyon2023.com.tr\/index.php\/wp-json\/wp\/v2\/posts\/2880\/revisions"}],"wp:featuredmedia":[{"embeddable":true,"href":"https:\/\/www.vizyon2023.com.tr\/index.php\/wp-json\/wp\/v2\/media\/2881"}],"wp:attachment":[{"href":"https:\/\/www.vizyon2023.com.tr\/index.php\/wp-json\/wp\/v2\/media?parent=2880"}],"wp:term":[{"taxonomy":"category","embeddable":true,"href":"https:\/\/www.vizyon2023.com.tr\/index.php\/wp-json\/wp\/v2\/categories?post=2880"},{"taxonomy":"post_tag","embeddable":true,"href":"https:\/\/www.vizyon2023.com.tr\/index.php\/wp-json\/wp\/v2\/tags?post=2880"}],"curies":[{"name":"wp","href":"https:\/\/api.w.org\/{rel}","templated":true}]}}