{"id":2841,"date":"2018-03-08T16:08:13","date_gmt":"2018-03-08T14:08:13","guid":{"rendered":"http:\/\/www.vizyon2023.com.tr\/index.php\/2018\/03\/08\/kktcden-mehmetcige-1974-kilogram-hellim-peyniri\/"},"modified":"2018-03-08T16:08:13","modified_gmt":"2018-03-08T14:08:13","slug":"kktcden-mehmetcige-1974-kilogram-hellim-peyniri","status":"publish","type":"post","link":"https:\/\/www.vizyon2023.com.tr\/index.php\/2018\/03\/08\/kktcden-mehmetcige-1974-kilogram-hellim-peyniri\/","title":{"rendered":"KKTC&#8217;den Mehmet\u00e7i\u011fe &#8220;1974&#8221; kilogram hellim peyniri"},"content":{"rendered":"<p>Kuzey K\u0131br\u0131s T\u00fcrk Cumhuriyeti Din G\u00f6revlileri Sendikas\u0131 ve Din G\u00f6revlileri Derne\u011fi, Zeytin Dal\u0131 Harekat\u0131&#8217;nda g\u00f6rev yapan Mehmet\u00e7i\u011fe yard\u0131m kampanyas\u0131 d\u00fczenledi.<\/p>\n<p>Din G\u00f6revlileri Sendikas\u0131 Ba\u015fkan\u0131 S\u00fcleyman \u00c7ak\u0131r, Lefko\u015fa&#8217;dan Afrin&#8217;e gidecek yard\u0131m TIR&#8217;\u0131n\u0131n \u00f6n\u00fcnde yapt\u0131\u011f\u0131 a\u00e7\u0131klamada, Zeytin Dal\u0131 Harekat\u0131 ba\u015flad\u0131\u011f\u0131ndan bu yana dualar\u0131yla Mehmet\u00e7i\u011fin yan\u0131nda olduklar\u0131n\u0131 belirterek, &#8220;K\u0131br\u0131s T\u00fcrk halk\u0131 olarak T\u00fcrk askerine 1974 kilogram hellim haz\u0131rlad\u0131k&#8221; dedi.<\/p>\n<p>Din G\u00f6revlileri Birli\u011fi Ba\u015fkan\u0131 G\u00f6kan \u0130nik de, 1974 Mutlu Bar\u0131\u015f Harekat\u0131&#8217;n\u0131n adan\u0131n t\u00fcm\u00fcne huzur getirdi\u011fini an\u0131msatarak, &#8220;Bug\u00fcn Afrin\u2019de ayn\u0131 merhamet ve kahramanl\u0131kla bast\u0131\u011f\u0131 yere adalet ve s\u00fckunet getiren ana vatan T\u00fcrkiye\u2019nin \u015fanl\u0131 ordusu, ad\u0131m ad\u0131m bar\u0131\u015f\u0131 tesis etmektedir&#8221; dedi.<\/p>\n<p>Zeytin Dal\u0131 Harakat\u0131&#8217;nda m\u00fccadele eden Mehmet\u00e7i\u011fe, 1974 kilogram K\u0131br\u0131s hellimi g\u00f6ndererek sembolik bir hediye ile yanlar\u0131nda olduklar\u0131n\u0131 g\u00f6stermek istediklerini belirten \u0130nik, Mehmet\u00e7i\u011fe K\u0131br\u0131s T\u00fcrkleri olarak bu hakl\u0131 ve onurlu m\u00fccadelelerinde arkalar\u0131nda olduklar\u0131n\u0131 g\u00f6stermek istediklerini vurgulad\u0131.<\/p>\n<p>G\u00f6kan \u0130nik, 1974 kilogram K\u0131br\u0131s helliminin birka\u00e7 g\u00fcn i\u00e7inde \u0130skenderun\u2019a, oradan da b\u00f6lgeye ula\u015ft\u0131r\u0131laca\u011f\u0131n\u0131 belirterek \u201cGidecek olan yaln\u0131zca hellim de\u011fil, K\u0131br\u0131s T\u00fcrk\u00fc\u2019n\u00fcn a\u015fk\u0131, muhabbeti, ana vatan sevgisi ve kalpten selam\u0131d\u0131r. Sivil halk\u0131n incinmemesi i\u00e7in b\u00fcy\u00fck bir titizlikle y\u00fcr\u00fct\u00fclen Zeytin Dal\u0131 Harekat\u0131&#8217;n\u0131 ger\u00e7ekle\u015ftiren kahraman Mehmet\u00e7i\u011fimize \u00e7\u0131kt\u0131\u011f\u0131 bu yolda ba\u015far\u0131lar, \u015fehit olan askerlerimize y\u00fcce Allah\u2019tan rahmet dileriz\u201d diye konu\u015ftu.<\/p>\n<p>Kaynak: AA<\/p>\n","protected":false},"excerpt":{"rendered":"<p>Kuzey K\u0131br\u0131s T\u00fcrk Cumhuriyeti&#8217;nden, Zeytin Dal\u0131 Harekat\u0131&#8217;nda g\u00f6rev yapan Mehmet\u00e7i\u011fe 1974 kilogram hellim peyniri g\u00f6nderiliyor.<\/p>\n","protected":false},"author":1000097,"featured_media":2842,"comment_status":"open","ping_status":"closed","sticky":false,"template":"","format":"standard","meta":[],"categories":[58],"tags":[],"_links":{"self":[{"href":"https:\/\/www.vizyon2023.com.tr\/index.php\/wp-json\/wp\/v2\/posts\/2841"}],"collection":[{"href":"https:\/\/www.vizyon2023.com.tr\/index.php\/wp-json\/wp\/v2\/posts"}],"about":[{"href":"https:\/\/www.vizyon2023.com.tr\/index.php\/wp-json\/wp\/v2\/types\/post"}],"author":[{"embeddable":true,"href":"https:\/\/www.vizyon2023.com.tr\/index.php\/wp-json\/wp\/v2\/users\/1000097"}],"replies":[{"embeddable":true,"href":"https:\/\/www.vizyon2023.com.tr\/index.php\/wp-json\/wp\/v2\/comments?post=2841"}],"version-history":[{"count":0,"href":"https:\/\/www.vizyon2023.com.tr\/index.php\/wp-json\/wp\/v2\/posts\/2841\/revisions"}],"wp:featuredmedia":[{"embeddable":true,"href":"https:\/\/www.vizyon2023.com.tr\/index.php\/wp-json\/wp\/v2\/media\/2842"}],"wp:attachment":[{"href":"https:\/\/www.vizyon2023.com.tr\/index.php\/wp-json\/wp\/v2\/media?parent=2841"}],"wp:term":[{"taxonomy":"category","embeddable":true,"href":"https:\/\/www.vizyon2023.com.tr\/index.php\/wp-json\/wp\/v2\/categories?post=2841"},{"taxonomy":"post_tag","embeddable":true,"href":"https:\/\/www.vizyon2023.com.tr\/index.php\/wp-json\/wp\/v2\/tags?post=2841"}],"curies":[{"name":"wp","href":"https:\/\/api.w.org\/{rel}","templated":true}]}}