{"id":2837,"date":"2018-03-08T16:07:04","date_gmt":"2018-03-08T14:07:04","guid":{"rendered":"http:\/\/www.vizyon2023.com.tr\/index.php\/2018\/03\/08\/milli-okcudan-gumus-madalya\/"},"modified":"2018-03-08T16:07:04","modified_gmt":"2018-03-08T14:07:04","slug":"milli-okcudan-gumus-madalya","status":"publish","type":"post","link":"https:\/\/www.vizyon2023.com.tr\/index.php\/2018\/03\/08\/milli-okcudan-gumus-madalya\/","title":{"rendered":"Milli ok\u00e7udan g\u00fcm\u00fc\u015f madalya"},"content":{"rendered":"<p>D\u00fcnya Ok\u00e7uluk Federasyonu taraf\u0131ndan Meksika&#8217;n\u0131n ba\u015fkenti Meksiko&#8217;da d\u00fczenlenen A\u00e7\u0131k Hava D\u00fcnya Ok\u00e7uluk \u015eampiyonas\u0131&#8217;nda, makaral\u0131 yay kad\u0131nlarda ilk iki turu ma\u00e7 yapmadan ge\u00e7en Ye\u015fim Bostan, \u00fc\u00e7\u00fcnc\u00fc turda Rus Alexandra Savenkova&#8217;y\u0131 147-144 ma\u011flup etti.<\/p>\n<p>D\u00f6rd\u00fcnc\u00fc turda Hindistan&#8217;dan Lily Chanu Paonam&#8217;\u0131 145-135, \u00e7eyrek finalde de G\u00fcney Koreli Bomin Choi&#8217;yi 148-145 ma\u011flup eden milli ok\u00e7u, yar\u0131 finale \u00e7\u0131kt\u0131. Yar\u0131 finalde Alman Kristina Heigenhauser&#8217;i 145-141 yenen Ye\u015fim Bostan, finale y\u00fckseldi.<\/p>\n<p>Finalde G\u00fcney Koreli Yun Soo Song ile e\u015fle\u015fen T\u00fcrk sporcu, kar\u015f\u0131la\u015fmay\u0131 145-143 kaybetti ve makaral\u0131 yayda d\u00fcnya ikincisi oldu ve g\u00fcm\u00fc\u015f madalya kazand\u0131.<\/p>\n<p><strong>Bakan Bak&#8217;tan tebrik mesaj\u0131<\/strong><\/p>\n<p>Gen\u00e7lik ve Spor Bakan\u0131 Osman A\u015fk\u0131n Bak, A\u00e7\u0131k Hava D\u00fcnya Ok\u00e7uluk \u015eampiyonas\u0131&#8217;nda g\u00fcm\u00fc\u015f madalya kazanan milli sporcu Ye\u015fim Bostan&#8217;\u0131 kutlad\u0131.<\/p>\n<p>Bakan Bak, Ye\u015fim Bostan i\u00e7in tebrik mesaj\u0131nda \u015fu ifadeleri kulland\u0131:<\/p>\n<p>&#8220;Uluslararas\u0131 arenada b\u00f6ylesine b\u00fcy\u00fck bir ba\u015far\u0131ya imza atarak ay-y\u0131ld\u0131zl\u0131 bayra\u011f\u0131m\u0131z\u0131 dalgaland\u0131ran milli sporcumuzun gelecek organizasyonlarda da \u00fclkemizi en iyi \u015fekilde temsil edece\u011fine inan\u0131yorum. Elde edilen bu ba\u015far\u0131da eme\u011fi ge\u00e7enlere \u00fclkem ve milletim ad\u0131na te\u015fekk\u00fcr ediyorum.&#8221;<\/p>\n<p>Kaynak: AA<\/p>\n","protected":false},"excerpt":{"rendered":"<p>A\u00e7\u0131k Hava D\u00fcnya Ok\u00e7uluk \u015eampiyonas\u0131&#8217;nda milli sporcu Ye\u015fim Bostan, makaral\u0131 yay kategorisinde g\u00fcm\u00fc\u015f madalya kazand\u0131.<\/p>\n","protected":false},"author":1000097,"featured_media":2838,"comment_status":"open","ping_status":"closed","sticky":false,"template":"","format":"standard","meta":[],"categories":[84],"tags":[],"_links":{"self":[{"href":"https:\/\/www.vizyon2023.com.tr\/index.php\/wp-json\/wp\/v2\/posts\/2837"}],"collection":[{"href":"https:\/\/www.vizyon2023.com.tr\/index.php\/wp-json\/wp\/v2\/posts"}],"about":[{"href":"https:\/\/www.vizyon2023.com.tr\/index.php\/wp-json\/wp\/v2\/types\/post"}],"author":[{"embeddable":true,"href":"https:\/\/www.vizyon2023.com.tr\/index.php\/wp-json\/wp\/v2\/users\/1000097"}],"replies":[{"embeddable":true,"href":"https:\/\/www.vizyon2023.com.tr\/index.php\/wp-json\/wp\/v2\/comments?post=2837"}],"version-history":[{"count":0,"href":"https:\/\/www.vizyon2023.com.tr\/index.php\/wp-json\/wp\/v2\/posts\/2837\/revisions"}],"wp:featuredmedia":[{"embeddable":true,"href":"https:\/\/www.vizyon2023.com.tr\/index.php\/wp-json\/wp\/v2\/media\/2838"}],"wp:attachment":[{"href":"https:\/\/www.vizyon2023.com.tr\/index.php\/wp-json\/wp\/v2\/media?parent=2837"}],"wp:term":[{"taxonomy":"category","embeddable":true,"href":"https:\/\/www.vizyon2023.com.tr\/index.php\/wp-json\/wp\/v2\/categories?post=2837"},{"taxonomy":"post_tag","embeddable":true,"href":"https:\/\/www.vizyon2023.com.tr\/index.php\/wp-json\/wp\/v2\/tags?post=2837"}],"curies":[{"name":"wp","href":"https:\/\/api.w.org\/{rel}","templated":true}]}}