{"id":2833,"date":"2018-03-08T16:04:17","date_gmt":"2018-03-08T14:04:17","guid":{"rendered":"http:\/\/www.vizyon2023.com.tr\/index.php\/2018\/03\/08\/tsk-ve-oso-afrinin-macale-koyunu-teroristlerden-temizledi\/"},"modified":"2018-03-08T16:04:17","modified_gmt":"2018-03-08T14:04:17","slug":"tsk-ve-oso-afrinin-macale-koyunu-teroristlerden-temizledi","status":"publish","type":"post","link":"https:\/\/www.vizyon2023.com.tr\/index.php\/2018\/03\/08\/tsk-ve-oso-afrinin-macale-koyunu-teroristlerden-temizledi\/","title":{"rendered":"TSK ve \u00d6SO, Afrin&#8217;in Ma\u00e7ale k\u00f6y\u00fcn\u00fc ter\u00f6ristlerden temizledi"},"content":{"rendered":"<p>T\u00fcrk Silahl\u0131 Kuvvetleri (TSK) ve \u00d6zg\u00fcr Suriye Ordusu (\u00d6SO), Afrin&#8217;in Ma\u00e7ale k\u00f6y\u00fcn\u00fc ter\u00f6ristlerden ar\u0131nd\u0131rd\u0131.<\/p>\n<p>Zeytin Dal\u0131 Harekat\u0131 kapsam\u0131nda TSK ve \u00d6SO, Afrin&#8217;in kuzeydo\u011fusundaki \u015eeran beldesine ba\u011fl\u0131 Ma\u00e7ale k\u00f6y\u00fcn\u00fc ter\u00f6r \u00f6rg\u00fctleri YPG\/PKK-DEA\u015e&#8217;tan kurtard\u0131.<\/p>\n<p><strong>ABD, DEA\u015e&#8217;\u0131 bahane edip ter\u00f6r \u00f6rg\u00fct\u00fc YPG\/PKK&#8217;y\u0131 destekliyor<\/strong><\/p>\n<p><strong>Zeytin Dal\u0131 Harekat\u0131&#8217;nda 2960 ter\u00f6rist etkisiz hale getirildi<\/strong><\/p>\n<p><strong>YPG\/PKK&#8217;n\u0131n zorla askere ald\u0131\u011f\u0131 \u00e7ocuklar\u0131n g\u00f6r\u00fcnt\u00fcleri ortaya \u00e7\u0131kt\u0131<\/strong><\/p>\n<p><strong>Mehmet\u00e7ik \u00f6nce k\u00f6yleri kurtard\u0131, \u015fimdi de k\u00f6yleri dola\u015f\u0131p ihtiya\u00e7lar\u0131 belirliyor<\/strong><\/p>\n<p><strong>TSK ve \u00d6SO \u015eeran belde merkezini YPG\/PKK&#8217;dan kurtard\u0131<\/strong><\/p>\n<p><strong>Ter\u00f6ristlerden temizlenen Bafelyon Da\u011f\u0131&#8217;ndaki ter\u00f6r kamplar\u0131 g\u00f6r\u00fcnt\u00fclendi<\/strong><\/p>\n<p><strong>Afrin&#8217;deki en kritik noktalardan Meydanki Baraj G\u00f6l\u00fc TRT Haber kameralar\u0131nda<\/strong><\/p>\n<p><strong>Mehmet\u00e7ik, Keltepe&#8217;de ter\u00f6ristlerin sakland\u0131\u011f\u0131 t\u00fcnellere girdi<\/strong><\/p>\n<p>TSK ve \u00d6SO birlikleri, ayr\u0131ca bug\u00fcn Afrin&#8217;in g\u00fcneybat\u0131s\u0131ndaki Cinderes beldesine hakim olan &#8216;Cinderes Tepesini&#8217; ele ge\u00e7irdi. Stratejik \u00f6neme sahip tepe, ter\u00f6r \u00f6rg\u00fct\u00fc YPG\/PKK&#8217;n\u0131n Cinderes&#8217;teki ilk savunma hatt\u0131yd\u0131.<\/p>\n<p>Afrin, bir il\u00e7e merkezi ve Racu, B\u00fclb\u00fcl, \u015eeyh Hadid, Cinderes, \u015eeran ve Mabatl\u0131 olmak \u00fczere 6 belde merkezinden olu\u015fuyor.<\/p>\n<p>PYD\/PKK, harekat sinyallerini ald\u0131\u011f\u0131 d\u00f6nemde t\u00fcm y\u0131\u011f\u0131nak ve savunma hatlar\u0131n\u0131 Afrin il\u00e7e merkezinde olu\u015fturmu\u015f, beldelerdeki sivilleri de canl\u0131 kalkan yapabilmek i\u00e7in il\u00e7e merkezine ta\u015f\u0131m\u0131\u015ft\u0131.<\/p>\n<p>TSK ve operasyonlara destek veren \u00d6SO g\u00fc\u00e7leri, harekat\u0131n ba\u015f\u0131ndan bu yana YPG\/PKK-DEA\u015e&#8217;\u0131n i\u015fgalindeki Afrin&#8217;de 4&#8217;\u00fc belde merkezi, 122&#8217;si k\u00f6y, 30&#8217;u kritik nokta olmak \u00fczere toplam 156 b\u00f6lgeyi kontrol alt\u0131na ald\u0131.<\/p>\n<p><strong>Afrin&#8217;deki ter\u00f6r hedefleri ob\u00fcs toplar\u0131yla vuruldu<\/strong><\/p>\n<p>T\u00fcrk Silahl\u0131 Kuvvetlerince (TSK) y\u00fcr\u00fct\u00fclen Zeytin Dal\u0131 Harekat\u0131 kapsam\u0131nda Hatay&#8217;\u0131n kar\u015f\u0131s\u0131ndaki ter\u00f6r mevzileri, ob\u00fcs toplar\u0131yla ate\u015f alt\u0131na al\u0131nd\u0131.<\/p>\n<p>Hudutlar ile b\u00f6lgede g\u00fcvenlik ve istikrar\u0131 sa\u011flamak, Afrin&#8217;de YPG\/PKK-DEA\u015e mensuplar\u0131n\u0131 etkisiz hale getirmek, halk\u0131 ter\u00f6r \u00f6rg\u00fct\u00fc \u00fcyelerinin bask\u0131 ve zulm\u00fcnden kurtarmak amac\u0131yla TSK taraf\u0131ndan 20 Ocak&#8217;ta ba\u015flat\u0131lan Zeytin Dal\u0131 Harekat\u0131 devam ediyor.<\/p>\n<p>Harekat kapsam\u0131nda Afrin&#8217;in bat\u0131s\u0131nda yer alan ter\u00f6ristlere ait mevziler ob\u00fcs toplar\u0131yla vuruldu.<\/p>\n<p><strong>Hatay&#8217;a gelen komandolar s\u0131n\u0131r birliklerine sevk edildi<\/strong><\/p>\n<p>Suriye s\u0131n\u0131r\u0131nda konu\u015flu birliklere takviye ama\u00e7l\u0131 g\u00f6nderilen komando birlikleri Hatay&#8217;a geldi.<\/p>\n<p>Hudutlar ile b\u00f6lgede g\u00fcvenlik ve istikrar\u0131 sa\u011flamak, Afrin&#8217;de YPG\/PKK-DEA\u015e mensuplar\u0131n\u0131 etkisiz hale getirmek, halk\u0131 ter\u00f6r \u00f6rg\u00fct\u00fc \u00fcyelerinin bask\u0131 ve zulm\u00fcnden kurtarmak amac\u0131yla TSK taraf\u0131ndan 20 Ocak&#8217;ta ba\u015flat\u0131lan Zeytin Dal\u0131 Harekat\u0131 devam ediyor.<\/p>\n<p>Harekat kapsam\u0131nda Kars&#8217;\u0131n Sar\u0131kam\u0131\u015f il\u00e7esinden g\u00f6nderilen komandolar, Hatay&#8217;\u0131n K\u0131r\u0131khan il\u00e7esine geldi.<\/p>\n<p>Z\u0131rhl\u0131 Personel Ta\u015f\u0131y\u0131c\u0131lar\u0131na (ZPT) bindirilen komandolar s\u0131n\u0131r birliklerine sevk edildi.<\/p>\n<p>Kaynak: AA<\/p>\n","protected":false},"excerpt":{"rendered":"<p>T\u00fcrk Silahl\u0131 Kuvvetleri&#8217;nin, Afrin&#8217;de ba\u015flatt\u0131\u011f\u0131 Zeytin Dal\u0131 Harekat\u0131 planland\u0131\u011f\u0131 \u015fekilde s\u00fcr\u00fcyor. TSK ve \u00d6SO birlikleri Afrin&#8217;de bir k\u00f6y\u00fc daha ter\u00f6ristlerden ar\u0131nd\u0131rd\u0131.<\/p>\n","protected":false},"author":1000097,"featured_media":2834,"comment_status":"open","ping_status":"closed","sticky":false,"template":"","format":"standard","meta":[],"categories":[85],"tags":[],"_links":{"self":[{"href":"https:\/\/www.vizyon2023.com.tr\/index.php\/wp-json\/wp\/v2\/posts\/2833"}],"collection":[{"href":"https:\/\/www.vizyon2023.com.tr\/index.php\/wp-json\/wp\/v2\/posts"}],"about":[{"href":"https:\/\/www.vizyon2023.com.tr\/index.php\/wp-json\/wp\/v2\/types\/post"}],"author":[{"embeddable":true,"href":"https:\/\/www.vizyon2023.com.tr\/index.php\/wp-json\/wp\/v2\/users\/1000097"}],"replies":[{"embeddable":true,"href":"https:\/\/www.vizyon2023.com.tr\/index.php\/wp-json\/wp\/v2\/comments?post=2833"}],"version-history":[{"count":0,"href":"https:\/\/www.vizyon2023.com.tr\/index.php\/wp-json\/wp\/v2\/posts\/2833\/revisions"}],"wp:featuredmedia":[{"embeddable":true,"href":"https:\/\/www.vizyon2023.com.tr\/index.php\/wp-json\/wp\/v2\/media\/2834"}],"wp:attachment":[{"href":"https:\/\/www.vizyon2023.com.tr\/index.php\/wp-json\/wp\/v2\/media?parent=2833"}],"wp:term":[{"taxonomy":"category","embeddable":true,"href":"https:\/\/www.vizyon2023.com.tr\/index.php\/wp-json\/wp\/v2\/categories?post=2833"},{"taxonomy":"post_tag","embeddable":true,"href":"https:\/\/www.vizyon2023.com.tr\/index.php\/wp-json\/wp\/v2\/tags?post=2833"}],"curies":[{"name":"wp","href":"https:\/\/api.w.org\/{rel}","templated":true}]}}