{"id":2826,"date":"2018-03-08T16:00:05","date_gmt":"2018-03-08T14:00:05","guid":{"rendered":"http:\/\/www.vizyon2023.com.tr\/index.php\/2018\/03\/08\/zeytin-dalinda-dikkatler-afrinin-merkezinde\/"},"modified":"2018-03-08T16:00:05","modified_gmt":"2018-03-08T14:00:05","slug":"zeytin-dalinda-dikkatler-afrinin-merkezinde","status":"publish","type":"post","link":"https:\/\/www.vizyon2023.com.tr\/index.php\/2018\/03\/08\/zeytin-dalinda-dikkatler-afrinin-merkezinde\/","title":{"rendered":"Zeytin Dal\u0131&#8217;nda dikkatler Afrin&#8217;in merkezinde"},"content":{"rendered":"","protected":false},"excerpt":{"rendered":"<p>B\u00fclb\u00fcl, Raco, \u015eeyh Hadid beldelerinden sonra Afrin&#8217;in merkezinden sonra ikinci b\u00fcy\u00fck kent merkezi olan Cinderes ter\u00f6r \u00f6rg\u00fct\u00fc YPG&#8217;den temizlendi. Kuzeyden ve g\u00fcneyden Afrin&#8217;in merkezi g\u00f6r\u00fcnd\u00fc.<\/p>\n","protected":false},"author":1000097,"featured_media":2825,"comment_status":"open","ping_status":"closed","sticky":false,"template":"","format":"standard","meta":[],"categories":[85],"tags":[],"_links":{"self":[{"href":"https:\/\/www.vizyon2023.com.tr\/index.php\/wp-json\/wp\/v2\/posts\/2826"}],"collection":[{"href":"https:\/\/www.vizyon2023.com.tr\/index.php\/wp-json\/wp\/v2\/posts"}],"about":[{"href":"https:\/\/www.vizyon2023.com.tr\/index.php\/wp-json\/wp\/v2\/types\/post"}],"author":[{"embeddable":true,"href":"https:\/\/www.vizyon2023.com.tr\/index.php\/wp-json\/wp\/v2\/users\/1000097"}],"replies":[{"embeddable":true,"href":"https:\/\/www.vizyon2023.com.tr\/index.php\/wp-json\/wp\/v2\/comments?post=2826"}],"version-history":[{"count":0,"href":"https:\/\/www.vizyon2023.com.tr\/index.php\/wp-json\/wp\/v2\/posts\/2826\/revisions"}],"wp:featuredmedia":[{"embeddable":true,"href":"https:\/\/www.vizyon2023.com.tr\/index.php\/wp-json\/wp\/v2\/media\/2825"}],"wp:attachment":[{"href":"https:\/\/www.vizyon2023.com.tr\/index.php\/wp-json\/wp\/v2\/media?parent=2826"}],"wp:term":[{"taxonomy":"category","embeddable":true,"href":"https:\/\/www.vizyon2023.com.tr\/index.php\/wp-json\/wp\/v2\/categories?post=2826"},{"taxonomy":"post_tag","embeddable":true,"href":"https:\/\/www.vizyon2023.com.tr\/index.php\/wp-json\/wp\/v2\/tags?post=2826"}],"curies":[{"name":"wp","href":"https:\/\/api.w.org\/{rel}","templated":true}]}}