{"id":2824,"date":"2018-03-08T15:59:18","date_gmt":"2018-03-08T13:59:18","guid":{"rendered":"http:\/\/www.vizyon2023.com.tr\/index.php\/2018\/03\/08\/secim-ittifaki-teklifinin-23-maddesi-komisyonda-kabul-edildi\/"},"modified":"2018-03-08T15:59:18","modified_gmt":"2018-03-08T13:59:18","slug":"secim-ittifaki-teklifinin-23-maddesi-komisyonda-kabul-edildi","status":"publish","type":"post","link":"https:\/\/www.vizyon2023.com.tr\/index.php\/2018\/03\/08\/secim-ittifaki-teklifinin-23-maddesi-komisyonda-kabul-edildi\/","title":{"rendered":"Se\u00e7im ittifak\u0131 teklifinin 23 maddesi komisyonda kabul edildi"},"content":{"rendered":"<p>AK Parti ile MHP&#8217;nin, partilerin se\u00e7im ittifak\u0131na ili\u015fkin d\u00fczenlemeyi de i\u00e7eren ortak kanun teklifinin 5 maddesi daha kabul edildi.<\/p>\n<p>Kabul edilen maddelere g\u00f6re, ittifak yapan siyasi partilerin ald\u0131klar\u0131 ge\u00e7erli oylar\u0131n toplam\u0131n\u0131n y\u00fczde 10&#8217;u ge\u00e7mesi halinde, bu siyasi partilerin her biri baraj\u0131 ge\u00e7mi\u015f say\u0131lacak.<\/p>\n<p><strong>&#8216;Se\u00e7im \u0130ttifak\u0131&#8217; teklifinin 9 maddesi daha kabul edildi<\/strong><\/p>\n<p><strong>&#8216;Se\u00e7im \u0130ttifak\u0131 Teklifi&#8217; alt komisyonda kabul edildi<\/strong><\/p>\n<p><strong>&#8216;Cumhur \u0130ttifak\u0131&#8217; teklifi TBMM&#8217;ye sunuldu<\/strong><\/p>\n<p>Se\u00e7im ittifak\u0131 yap\u0131lmas\u0131 halinde, y\u00fczde 10&#8217;luk baraj\u0131n hesaplanmas\u0131nda ittifak yapan siyasi partilerin ald\u0131klar\u0131 ge\u00e7erli oylar\u0131n toplam\u0131 esas al\u0131nacak, bu siyasi partiler i\u00e7in ayr\u0131ca baraj hesaplamas\u0131 yap\u0131lmayacak.<\/p>\n<p>Dahil oldu\u011fu ittifak y\u00fczde 10 baraj\u0131n\u0131 a\u015fan siyasi partilerin \u00e7\u0131karaca\u011f\u0131 milletvekillerinin tahsis usul\u00fc d\u00fczenleniyor.<\/p>\n<p>\u0130ttifak\u0131n elde edece\u011fi milletvekili say\u0131s\u0131n\u0131n hesaplanmas\u0131nda, ittifak yapan siyasi partilerin toplam oyu esas al\u0131nacak. \u0130ttifak\u0131n elde etti\u011fi toplam milletvekili say\u0131s\u0131, ittifak yapan siyasi partiler aras\u0131nda her birinin ald\u0131\u011f\u0131 ge\u00e7erli oy say\u0131s\u0131 esas al\u0131narak bu d\u00fczenlemedeki usule g\u00f6re payla\u015ft\u0131r\u0131lacak.<\/p>\n<p><strong>Oy pusulalar\u0131 ayn\u0131 zarfa konulacak<\/strong><\/p>\n<p>Belediye, il genel meclisi \u00fcyeli\u011fi ve muhtarl\u0131k se\u00e7imlerinde oy pusulalar\u0131n\u0131n farkl\u0131 zarflara konulmas\u0131n\u0131n, se\u00e7menlerce ba\u015fka se\u00e7im t\u00fcr\u00fcne ait oy pusulalar\u0131n\u0131n sehven farkl\u0131 zarflara konulmas\u0131 veya zarf\u0131n at\u0131laca\u011f\u0131 sand\u0131klar\u0131n kar\u0131\u015ft\u0131r\u0131lmas\u0131na ve bunun da oylar\u0131n ge\u00e7ersiz say\u0131lmas\u0131na sebebiyet vermesi nedeniyle d\u00fczenleme yap\u0131l\u0131yor.<\/p>\n<p>Belediye ba\u015fkanl\u0131\u011f\u0131, belediye meclisi \u00fcyeli\u011fi, il genel meclisi \u00fcyeli\u011fi ve muhtarl\u0131k se\u00e7imlerinde oy pusulalar\u0131 ayn\u0131 zarfa konulacak. Ancak se\u00e7im b\u00f6lgelerinin birle\u015ftirilmesine karar verilmesi halinde, muhtarl\u0131k se\u00e7iminde oy pusulas\u0131 ayr\u0131 zarfa konulacak ve bu zarf ayr\u0131 sand\u0131\u011fa at\u0131lacak.<\/p>\n<p>Se\u00e7men k\u00fct\u00fckleri, &#8220;yerle\u015fim yeri adresi&#8221; bilgileri esas al\u0131narak d\u00fczenlenecek. B\u00f6ylece, se\u00e7men k\u00fct\u00fc\u011f\u00fcn\u00fcn olu\u015fturulmas\u0131nda sadece yerle\u015fim yeri esas al\u0131nacak; ask\u0131 s\u00fcresi i\u00e7inde, yerle\u015fim yeri de\u011fi\u015fikli\u011fi imkan\u0131 mevcut uygulamada oldu\u011fu gibi s\u00fcrd\u00fcr\u00fclecek.<\/p>\n<p>Yurt d\u0131\u015f\u0131 se\u00e7men k\u00fct\u00fc\u011f\u00fc ve se\u00e7men listeleri &#8220;yerle\u015fim yeri adresi&#8221; bilgileri esas al\u0131narak d\u00fczenlenecek. B\u00f6ylece yurt d\u0131\u015f\u0131 se\u00e7men k\u00fct\u00fc\u011f\u00fcn\u00fcn olu\u015fturulmas\u0131nda sadece yerle\u015fim yeri esas al\u0131nacak; ask\u0131 s\u00fcresi i\u00e7inde, yerle\u015fim yeri de\u011fi\u015fikli\u011fi imkan\u0131 mevcut uygulamada oldu\u011fu gibi devam ettirilecek.<\/p>\n<p>Teklifle, Se\u00e7imlerin Temel H\u00fck\u00fcmleri ve Se\u00e7men K\u00fct\u00fckleri Hakk\u0131nda Kanun&#8217;da yap\u0131lmas\u0131 \u00f6ng\u00f6r\u00fclen de\u011fi\u015fiklikle &#8220;sand\u0131k alan\u0131&#8221; uygulamas\u0131ndan vazge\u00e7ilmesine ba\u011fl\u0131 olarak, baz\u0131 maddelerde de\u011fi\u015fiklik yap\u0131l\u0131yor. Kanunda yer alan &#8220;sand\u0131k alan\u0131&#8221; ibareleri &#8220;sand\u0131k \u00e7evresi&#8221; olarak de\u011fi\u015ftiriliyor.<\/p>\n<p>Milletvekili se\u00e7ilebilmek i\u00e7in aranan &#8220;askerlik hizmetini yapm\u0131\u015f olma&#8221; \u015fart\u0131, &#8220;askerlikle ili\u015fi\u011fi olmama&#8221; \u015feklinde de\u011fi\u015ftiriliyor.<\/p>\n<p>Anayasa de\u011fi\u015fikli\u011fiyle milletvekili se\u00e7ilme ya\u015f\u0131n\u0131n 18 olarak d\u00fczenlenmesi nazara al\u0131narak, mahalli idare organlar\u0131 se\u00e7imlerinde de 25 olan se\u00e7ilme ya\u015f\u0131 18 olarak belirleniyor.<\/p>\n<p>B\u00f6ylece; askerlik \u00e7a\u011f\u0131na gelmemi\u015f olanlar ile askerlik hizmeti ertelenmi\u015f olanlar da milletvekili, belediye ba\u015fkan\u0131, il genel meclisi \u00fcyesi, muhtar ve ihtiyar meclisi veya heyeti \u00fcyesi se\u00e7ilebilecek.<\/p>\n<p>Bug\u00fcn kabul edilen maddelerle, 26 maddelik teklifin 23 maddesi kabul edilmi\u015f oldu. Komisyon \u00e7al\u0131\u015fmalar\u0131na yar\u0131n devam edecek.<\/p>\n<p>Kaynak: AA<\/p>\n","protected":false},"excerpt":{"rendered":"<p>AK Parti ile MHP&#8217;nin, partilerin se\u00e7im ittifak\u0131na ili\u015fkin d\u00fczenlemeyi de i\u00e7eren 26 maddelik kanun teklifinin 23 maddesi kabul edildi.<\/p>\n","protected":false},"author":1000097,"featured_media":2825,"comment_status":"open","ping_status":"closed","sticky":false,"template":"","format":"standard","meta":[],"categories":[85],"tags":[],"_links":{"self":[{"href":"https:\/\/www.vizyon2023.com.tr\/index.php\/wp-json\/wp\/v2\/posts\/2824"}],"collection":[{"href":"https:\/\/www.vizyon2023.com.tr\/index.php\/wp-json\/wp\/v2\/posts"}],"about":[{"href":"https:\/\/www.vizyon2023.com.tr\/index.php\/wp-json\/wp\/v2\/types\/post"}],"author":[{"embeddable":true,"href":"https:\/\/www.vizyon2023.com.tr\/index.php\/wp-json\/wp\/v2\/users\/1000097"}],"replies":[{"embeddable":true,"href":"https:\/\/www.vizyon2023.com.tr\/index.php\/wp-json\/wp\/v2\/comments?post=2824"}],"version-history":[{"count":0,"href":"https:\/\/www.vizyon2023.com.tr\/index.php\/wp-json\/wp\/v2\/posts\/2824\/revisions"}],"wp:featuredmedia":[{"embeddable":true,"href":"https:\/\/www.vizyon2023.com.tr\/index.php\/wp-json\/wp\/v2\/media\/2825"}],"wp:attachment":[{"href":"https:\/\/www.vizyon2023.com.tr\/index.php\/wp-json\/wp\/v2\/media?parent=2824"}],"wp:term":[{"taxonomy":"category","embeddable":true,"href":"https:\/\/www.vizyon2023.com.tr\/index.php\/wp-json\/wp\/v2\/categories?post=2824"},{"taxonomy":"post_tag","embeddable":true,"href":"https:\/\/www.vizyon2023.com.tr\/index.php\/wp-json\/wp\/v2\/tags?post=2824"}],"curies":[{"name":"wp","href":"https:\/\/api.w.org\/{rel}","templated":true}]}}