{"id":2804,"date":"2018-03-08T11:12:52","date_gmt":"2018-03-08T09:12:52","guid":{"rendered":"http:\/\/www.vizyon2023.com.tr\/index.php\/2018\/03\/08\/kktc-basbakani-ankarada\/"},"modified":"2018-03-08T11:12:52","modified_gmt":"2018-03-08T09:12:52","slug":"kktc-basbakani-ankarada","status":"publish","type":"post","link":"https:\/\/www.vizyon2023.com.tr\/index.php\/2018\/03\/08\/kktc-basbakani-ankarada\/","title":{"rendered":"KKTC Ba\u015fbakan\u0131 Ankara&#8217;da"},"content":{"rendered":"<p>Ba\u015fbakan Binali Y\u0131ld\u0131r\u0131m ile Kuzey K\u0131br\u0131s T\u00fcrk Cumhuriyeti (KKTC) Ba\u015fbakan\u0131 Tufan Erh\u00fcrman g\u00f6r\u00fc\u015fmelerinin ard\u0131ndan ortak bas\u0131n toplant\u0131s\u0131 d\u00fczenledi.<\/p>\n<p>Ba\u015fbakan Y\u0131ld\u0131r\u0131m, &#8220;Ada&#8217;da e\u011fer kal\u0131c\u0131, s\u00fcrd\u00fcr\u00fclebilir bir \u00e7\u00f6z\u00fcm\u00fcn m\u00fcmk\u00fcn olmas\u0131 gerekiyorsa G\u00fcney K\u0131br\u0131s Rum taraf\u0131n\u0131n buna zihinsel olarak haz\u0131r olmas\u0131 laz\u0131m.&#8221; ifadelerini kulland\u0131.<\/p>\n<p><strong>&#8220;Bayra\u011fa yap\u0131lan hakaret, \u00fclkeye yap\u0131lm\u0131\u015f say\u0131l\u0131r&#8221;<\/strong><\/p>\n<p>Yunanistan&#8217;da T\u00fcrk bayra\u011f\u0131n\u0131n yak\u0131lmas\u0131 ile ilgili olarak Ba\u015fbakan Y\u0131ld\u0131r\u0131m, &#8220;Bayra\u011fa yap\u0131lan bir hakaret o \u00fclkeye yap\u0131lm\u0131\u015f say\u0131l\u0131r. Bunun kabul edilebilir bir yan\u0131 yoktur. Ay y\u0131ld\u0131zl\u0131 bayra\u011f\u0131m\u0131z bizim gururumuzdur. O bayra\u011f\u0131n u\u011fruna canlar\u0131m\u0131z\u0131 veriyoruz, b\u00fct\u00fcn imkanlar\u0131m\u0131z\u0131 da seferber ediyoruz. Bu ve buna benzer densizlikleri yapanlar\u0131 muhatap bile alm\u0131yoruz.&#8221; dedi.<\/p>\n<p><strong>S\u0131n\u0131r\u0131 ge\u00e7en iki Yunan askerinin tutuklanmas\u0131<\/strong><\/p>\n<p>Y\u0131ld\u0131r\u0131m, s\u0131n\u0131r\u0131 ge\u00e7en iki Yunan askerinin tutuklanmas\u0131 ile ilgili olarak da \u015funlar\u0131 kaydetti:<\/p>\n<p>&#8220;Bu konuyu AB ili\u015fkilerine kadar g\u00f6t\u00fcrmek b\u00fcy\u00fck bir zeka i\u015fi. Zaten \u015fimdi T\u00fcrkiye ile ilgili hangi konu olsa AB&#8217;ye i\u015fi g\u00f6t\u00fcr\u00fcp ta\u015f\u0131mak, oradan destek almak bir al\u0131\u015fkanl\u0131k haline geldi. AB ile olan ili\u015fkilerimizi bu ve buna benzer yeni giri\u015fimler zerre kadar ileri de g\u00f6t\u00fcrmez, geri de d\u00fc\u015f\u00fcrmez.&#8221;<\/p>\n<p><strong>K\u0131br\u0131s a\u00e7\u0131klar\u0131ndaki sondaj faaliyetleri<\/strong><\/p>\n<p>Konu\u015fmas\u0131nda, K\u0131br\u0131s a\u00e7\u0131klar\u0131ndaki sondaj faaliyetlerine de de\u011finen Ba\u015fbakan Y\u0131ld\u0131r\u0131m, &#8220;Ada etraf\u0131nda herhangi bir yer alt\u0131 zenginli\u011finin d\u0131\u015far\u0131ya \u00e7\u0131kart\u0131lmas\u0131nda muhatap adada aran\u0131yorsa bu muhatap hem Kuzey&#8217;dir hem G\u00fcney&#8217;dir. Bu iki muhatab\u0131n mutab\u0131k kalmad\u0131\u011f\u0131 bir \u00e7al\u0131\u015fma, bizim a\u00e7\u0131m\u0131zdan tehdit olarak, Kuzey K\u0131br\u0131s&#8217;\u0131n egemenlik haklar\u0131n\u0131 bir ihlal giri\u015fimi olarak de\u011ferlendirilir. Bunun kimin taraf\u0131ndan yap\u0131ld\u0131\u011f\u0131n\u0131n \u00f6nemi yoktur.&#8221; \u015feklinde konu\u015ftu.<\/p>\n<p>Kaynak: AA<\/p>\n","protected":false},"excerpt":{"rendered":"<p>Ba\u015fbakan Binali Y\u0131ld\u0131r\u0131m ile KKTC&#8217;li mevkida\u015f\u0131 Tufan Erh\u00fcrman ortak a\u00e7\u0131klama yapt\u0131.B\u00f6lgedeki geli\u015fmeler ele al\u0131nd\u0131. Y\u0131ld\u0131r\u0131m Yunanistan&#8217;daki bayrak sald\u0131r\u0131s\u0131na tepki g\u00f6sterdi.<\/p>\n","protected":false},"author":1000097,"featured_media":2805,"comment_status":"open","ping_status":"closed","sticky":false,"template":"","format":"standard","meta":[],"categories":[85],"tags":[],"_links":{"self":[{"href":"https:\/\/www.vizyon2023.com.tr\/index.php\/wp-json\/wp\/v2\/posts\/2804"}],"collection":[{"href":"https:\/\/www.vizyon2023.com.tr\/index.php\/wp-json\/wp\/v2\/posts"}],"about":[{"href":"https:\/\/www.vizyon2023.com.tr\/index.php\/wp-json\/wp\/v2\/types\/post"}],"author":[{"embeddable":true,"href":"https:\/\/www.vizyon2023.com.tr\/index.php\/wp-json\/wp\/v2\/users\/1000097"}],"replies":[{"embeddable":true,"href":"https:\/\/www.vizyon2023.com.tr\/index.php\/wp-json\/wp\/v2\/comments?post=2804"}],"version-history":[{"count":0,"href":"https:\/\/www.vizyon2023.com.tr\/index.php\/wp-json\/wp\/v2\/posts\/2804\/revisions"}],"wp:featuredmedia":[{"embeddable":true,"href":"https:\/\/www.vizyon2023.com.tr\/index.php\/wp-json\/wp\/v2\/media\/2805"}],"wp:attachment":[{"href":"https:\/\/www.vizyon2023.com.tr\/index.php\/wp-json\/wp\/v2\/media?parent=2804"}],"wp:term":[{"taxonomy":"category","embeddable":true,"href":"https:\/\/www.vizyon2023.com.tr\/index.php\/wp-json\/wp\/v2\/categories?post=2804"},{"taxonomy":"post_tag","embeddable":true,"href":"https:\/\/www.vizyon2023.com.tr\/index.php\/wp-json\/wp\/v2\/tags?post=2804"}],"curies":[{"name":"wp","href":"https:\/\/api.w.org\/{rel}","templated":true}]}}