{"id":2802,"date":"2018-03-08T11:12:20","date_gmt":"2018-03-08T09:12:20","guid":{"rendered":"http:\/\/www.vizyon2023.com.tr\/index.php\/2018\/03\/08\/cumhurbaskani-erdogan-ruhani-ile-gorustu\/"},"modified":"2018-03-08T11:12:20","modified_gmt":"2018-03-08T09:12:20","slug":"cumhurbaskani-erdogan-ruhani-ile-gorustu","status":"publish","type":"post","link":"https:\/\/www.vizyon2023.com.tr\/index.php\/2018\/03\/08\/cumhurbaskani-erdogan-ruhani-ile-gorustu\/","title":{"rendered":"Cumhurba\u015fkan\u0131 Erdo\u011fan Ruhani ile g\u00f6r\u00fc\u015ft\u00fc"},"content":{"rendered":"<p>Cumhurba\u015fkan\u0131 Recep Tayyip Erdo\u011fan ile \u0130ran Cumhurba\u015fkan\u0131 Hasan Ruhani g\u00f6r\u00fc\u015fmede, ba\u015fta Do\u011fu Guta olmak \u00fczere Suriye\u2019deki son geli\u015fmeleri ele ald\u0131.<\/p>\n<p>Birle\u015fmi\u015f Milletler G\u00fcvenlik Konseyinin karar\u0131na at\u0131fta bulunan Erdo\u011fan ve Ruhani, Do\u011fu Guta&#8217;da ate\u015fkesin tam olarak hayata ge\u00e7irilmesi i\u00e7in \u00f6zellikle T\u00fcrkiye, \u0130ran ve Rusya&#8217;n\u0131n ortak \u00e7aba harcamas\u0131n\u0131n b\u00fcy\u00fck \u00f6nem arz etti\u011fini vurgulad\u0131.<\/p>\n<p><strong>&#8220;\u00c7abalar h\u0131zland\u0131r\u0131lmal\u0131&#8221;<\/strong><\/p>\n<p>G\u00f6r\u00fc\u015fmede, Do\u011fu Guta&#8217;daki insanl\u0131k dram\u0131n\u0131n bir an \u00f6nce son bulmas\u0131 ve halka insani yard\u0131mlar\u0131n ula\u015ft\u0131r\u0131lmas\u0131 i\u00e7in ate\u015fkesin hayata ge\u00e7irilmesine y\u00f6nelik \u00e7abalar\u0131n h\u0131zland\u0131r\u0131lmas\u0131 konusunda mutab\u0131k kal\u0131nd\u0131.<\/p>\n<p>Erdo\u011fan ve Ruhani ayr\u0131ca T\u00fcrkiye, \u0130ran ve Rusya&#8217;n\u0131n nisan ay\u0131nda \u0130stanbul&#8217;da liderler d\u00fczeyinde ger\u00e7ekle\u015ftirecekleri \u00fc\u00e7l\u00fc zirve hakk\u0131nda g\u00f6r\u00fc\u015f al\u0131\u015fveri\u015finde bulundu.<\/p>\n<p>Kaynak: AA<\/p>\n","protected":false},"excerpt":{"rendered":"<p>Cumhurba\u015fkan\u0131 Recep Tayyip Erdo\u011fan, \u0130ran Cumhurba\u015fkan\u0131 Hasan Ruhani ile telefonda Do\u011fu Guta&#8217;y\u0131 g\u00f6r\u00fc\u015ft\u00fc.<\/p>\n","protected":false},"author":1000097,"featured_media":2803,"comment_status":"open","ping_status":"closed","sticky":false,"template":"","format":"standard","meta":[],"categories":[85],"tags":[],"_links":{"self":[{"href":"https:\/\/www.vizyon2023.com.tr\/index.php\/wp-json\/wp\/v2\/posts\/2802"}],"collection":[{"href":"https:\/\/www.vizyon2023.com.tr\/index.php\/wp-json\/wp\/v2\/posts"}],"about":[{"href":"https:\/\/www.vizyon2023.com.tr\/index.php\/wp-json\/wp\/v2\/types\/post"}],"author":[{"embeddable":true,"href":"https:\/\/www.vizyon2023.com.tr\/index.php\/wp-json\/wp\/v2\/users\/1000097"}],"replies":[{"embeddable":true,"href":"https:\/\/www.vizyon2023.com.tr\/index.php\/wp-json\/wp\/v2\/comments?post=2802"}],"version-history":[{"count":0,"href":"https:\/\/www.vizyon2023.com.tr\/index.php\/wp-json\/wp\/v2\/posts\/2802\/revisions"}],"wp:featuredmedia":[{"embeddable":true,"href":"https:\/\/www.vizyon2023.com.tr\/index.php\/wp-json\/wp\/v2\/media\/2803"}],"wp:attachment":[{"href":"https:\/\/www.vizyon2023.com.tr\/index.php\/wp-json\/wp\/v2\/media?parent=2802"}],"wp:term":[{"taxonomy":"category","embeddable":true,"href":"https:\/\/www.vizyon2023.com.tr\/index.php\/wp-json\/wp\/v2\/categories?post=2802"},{"taxonomy":"post_tag","embeddable":true,"href":"https:\/\/www.vizyon2023.com.tr\/index.php\/wp-json\/wp\/v2\/tags?post=2802"}],"curies":[{"name":"wp","href":"https:\/\/api.w.org\/{rel}","templated":true}]}}