{"id":2781,"date":"2018-03-07T15:02:34","date_gmt":"2018-03-07T13:02:34","guid":{"rendered":"http:\/\/www.vizyon2023.com.tr\/index.php\/2018\/03\/07\/israil-basbakani-netanyahu-iran-bolgedeki-tum-ulkeleri-tehdit-ediyor\/"},"modified":"2018-03-07T15:02:34","modified_gmt":"2018-03-07T13:02:34","slug":"israil-basbakani-netanyahu-iran-bolgedeki-tum-ulkeleri-tehdit-ediyor","status":"publish","type":"post","link":"https:\/\/www.vizyon2023.com.tr\/index.php\/2018\/03\/07\/israil-basbakani-netanyahu-iran-bolgedeki-tum-ulkeleri-tehdit-ediyor\/","title":{"rendered":"\u0130srail Ba\u015fbakan\u0131 Netanyahu: \u0130ran b\u00f6lgedeki t\u00fcm \u00fclkeleri tehdit ediyor"},"content":{"rendered":"<p>ABD Ba\u015fkan\u0131 Donald Trump ile d\u00fcnk\u00fc Beyaz Saray g\u00f6r\u00fc\u015fmesinde a\u011f\u0131rl\u0131kl\u0131 olarak \u0130ran konusunu g\u00f6r\u00fc\u015fen \u0130srail Ba\u015fbakan\u0131 Binyamin Netanyahu, bug\u00fcn de Amerikan-\u0130srail Halkla \u0130li\u015fkiler Komitesi (AIPAC) 2018 Y\u0131ll\u0131k Konferans\u0131&#8217;nda yapt\u0131\u011f\u0131 konu\u015fmada, \u0130ran kar\u015f\u0131t\u0131 mesajlar\u0131na devam etti.<\/p>\n<p>Tahran&#8217;\u0131n b\u00f6lgedeki ad\u0131mlar\u0131n\u0131n t\u00fcm b\u00f6lge \u00fclkelerini tehdit etti\u011fini savunan Netanyahu, &#8220;\u0130ran agresif bir imparatorluk in\u015fa ediyor. \u0130ran&#8217;\u0131 durdurmal\u0131y\u0131z ve durduraca\u011f\u0131z.&#8221; dedi.<\/p>\n<p><strong>&#8220;N\u00fckleer anla\u015fma \u0130ran&#8217;\u0131 tehlikeli ve sava\u015f\u00e7\u0131 hale getirdi&#8221;<\/strong><\/p>\n<p>N\u00fckleer anla\u015fman\u0131n \u0130ran&#8217;\u0131 daha tehlikeli ve sava\u015f\u00e7\u0131 hale getirdi\u011fini iddia eden Netanyahu, \u0130ran&#8217;\u0131n b\u00f6lgede her ge\u00e7en g\u00fcn daha fazla \u00fclke \u00fczerinde etkili oldu\u011fu sav\u0131n\u0131 bir harita \u00fczerinde g\u00f6stererek anlatt\u0131.<\/p>\n<p>\u00d6te yandan \u00fclkesinde, hakk\u0131nda y\u00fcr\u00fct\u00fclen yolsuzluk soru\u015fturmas\u0131 derinle\u015fen Netanyahu&#8217;nun Trump y\u00f6netimiyle son d\u00f6nemdeki yak\u0131n temas\u0131 her iki \u00fclke kamuoyu taraf\u0131ndan dikkatle takip ediliyor.<\/p>\n<p>Kaynak: AA<\/p>\n","protected":false},"excerpt":{"rendered":"<p>\u0130srail Ba\u015fbakan\u0131 Binyamin Netanyahu, \u0130ran kar\u015f\u0131t\u0131 mesajlar\u0131n\u0131 s\u00fcrd\u00fcr\u00fcrek, &#8220;\u0130ran agresif bir imparatorluk in\u015fa ediyor. \u0130ran&#8217;\u0131 durdurmal\u0131y\u0131z ve durduraca\u011f\u0131z.&#8221; dedi.<\/p>\n","protected":false},"author":1000097,"featured_media":2782,"comment_status":"open","ping_status":"closed","sticky":false,"template":"","format":"standard","meta":[],"categories":[1],"tags":[],"_links":{"self":[{"href":"https:\/\/www.vizyon2023.com.tr\/index.php\/wp-json\/wp\/v2\/posts\/2781"}],"collection":[{"href":"https:\/\/www.vizyon2023.com.tr\/index.php\/wp-json\/wp\/v2\/posts"}],"about":[{"href":"https:\/\/www.vizyon2023.com.tr\/index.php\/wp-json\/wp\/v2\/types\/post"}],"author":[{"embeddable":true,"href":"https:\/\/www.vizyon2023.com.tr\/index.php\/wp-json\/wp\/v2\/users\/1000097"}],"replies":[{"embeddable":true,"href":"https:\/\/www.vizyon2023.com.tr\/index.php\/wp-json\/wp\/v2\/comments?post=2781"}],"version-history":[{"count":0,"href":"https:\/\/www.vizyon2023.com.tr\/index.php\/wp-json\/wp\/v2\/posts\/2781\/revisions"}],"wp:featuredmedia":[{"embeddable":true,"href":"https:\/\/www.vizyon2023.com.tr\/index.php\/wp-json\/wp\/v2\/media\/2782"}],"wp:attachment":[{"href":"https:\/\/www.vizyon2023.com.tr\/index.php\/wp-json\/wp\/v2\/media?parent=2781"}],"wp:term":[{"taxonomy":"category","embeddable":true,"href":"https:\/\/www.vizyon2023.com.tr\/index.php\/wp-json\/wp\/v2\/categories?post=2781"},{"taxonomy":"post_tag","embeddable":true,"href":"https:\/\/www.vizyon2023.com.tr\/index.php\/wp-json\/wp\/v2\/tags?post=2781"}],"curies":[{"name":"wp","href":"https:\/\/api.w.org\/{rel}","templated":true}]}}