{"id":2775,"date":"2018-03-07T15:01:13","date_gmt":"2018-03-07T13:01:13","guid":{"rendered":"http:\/\/www.vizyon2023.com.tr\/index.php\/2018\/03\/07\/kara-harp-okulu-darbe-girisimi-davasinda-eski-ogrenciler-savunma-yapiyor\/"},"modified":"2018-03-07T15:01:13","modified_gmt":"2018-03-07T13:01:13","slug":"kara-harp-okulu-darbe-girisimi-davasinda-eski-ogrenciler-savunma-yapiyor","status":"publish","type":"post","link":"https:\/\/www.vizyon2023.com.tr\/index.php\/2018\/03\/07\/kara-harp-okulu-darbe-girisimi-davasinda-eski-ogrenciler-savunma-yapiyor\/","title":{"rendered":"Kara Harp Okulu darbe giri\u015fimi davas\u0131nda eski \u00f6\u011frenciler savunma yap\u0131yor"},"content":{"rendered":"<p>Ankara 24. A\u011f\u0131r Ceza Mahkemesi&#8217;nin Sincan Ceza \u0130nfaz Kurumlar\u0131 Yerle\u015fkesi&#8217;ndeki salonda g\u00f6rd\u00fc\u011f\u00fc duru\u015fmada, tutuklu ve tutuksuz san\u0131klar ile avukatlar haz\u0131r bulundu.<\/p>\n<p>San\u0131k \u00f6\u011frencilerden Serkan Uysal savunmas\u0131nda, darbe giri\u015fiminin ger\u00e7ekle\u015fti\u011fi y\u0131l 4. s\u0131n\u0131f \u00f6\u011frencisi oldu\u011funu, b\u00fct\u00fcnleme s\u0131nav\u0131na kald\u0131\u011f\u0131 i\u00e7in 15 Temmuz g\u00fcn\u00fc okulda bulundu\u011funu anlatt\u0131. Darbe giri\u015fiminin ya\u015fand\u0131\u011f\u0131 gece saat 21.00 s\u0131ralar\u0131nda i\u00e7tima al\u0131nd\u0131\u011f\u0131n\u0131 ifade eden Uysal, i\u00e7timaya \u00e7\u0131kanlardan olu\u015fturulan 20 ki\u015fiye silah ve m\u00fchimmat verildi\u011fini s\u00f6yledi.<\/p>\n<p>\u0130lerleyen saatlerde ikinci kez i\u00e7tima al\u0131nd\u0131\u011f\u0131n\u0131 anlatan Uysal, &#8220;Komutanlar\u0131m\u0131z olas\u0131 bir ter\u00f6r sald\u0131r\u0131s\u0131 oldu\u011funu ve n\u00f6bet tutulaca\u011f\u0131n\u0131 s\u00f6yledi. Arkada\u015flar\u0131mla 3. B\u00f6l\u00fck&#8217;e gittik. Nizamiyeye vard\u0131\u011f\u0131m\u0131zda ilk gruptan giden arkada\u015flar\u0131m\u0131z da oradayd\u0131. Gecenin ilerleyen saatlerinde komutanlar\u0131m\u0131z taraf\u0131ndan m\u00fchimmat da\u011f\u0131t\u0131ld\u0131 ve farkl\u0131 saatlerde bize yiyecek getirdiler. Sabah 08.00&#8217;de tabur b\u00f6lgesine ge\u00e7tik. Silah ve m\u00fchimmatlar\u0131 b\u0131rakt\u0131k. O andan itibaren televizyonlardan darbe giri\u015fiminin oldu\u011funu \u00f6\u011frendim&#8221; diye konu\u015ftu.<\/p>\n<p>Uysal, 15 Temmuz gecesi nizamiyede bulunduysa da darbeden haberi olmad\u0131\u011f\u0131n\u0131 ileri s\u00fcrd\u00fc.<\/p>\n<p>San\u0131k \u00f6\u011frencilerden \u0130lkay \u015een de FET\u00d6 ile irtibat ve iltisak\u0131n\u0131n olmad\u0131\u011f\u0131n\u0131 iddia etti.<\/p>\n<p>FET\u00d6 ile irtibat\u0131n\u0131n bulunmad\u0131\u011f\u0131 i\u00e7in bu duruma d\u00fc\u015f\u00fcr\u00fcld\u00fc\u011f\u00fcn\u00fc savunan \u015een, kendine iftira at\u0131ld\u0131\u011f\u0131n\u0131 \u00f6ne s\u00fcrd\u00fc.<\/p>\n<p>Su\u00e7suz oldu\u011funu savunan \u015een, beraat\u0131n\u0131 istedi.<\/p>\n<p>Mustafa Ahraz, \u0130brahim Pekta\u015f, Adnan Kat\u0131rc\u0131o\u011flu ve Kadir Ta\u015fdemir de savunmalar\u0131nda su\u00e7lamalar\u0131 kabul etmeyerek beraat talebinde bulundu.<\/p>\n<p>Duru\u015fmaya, \u00f6\u011fle aras\u0131ndan sonra devam edilecek.<\/p>\n<p>Kaynak: AA<\/p>\n","protected":false},"excerpt":{"rendered":"<p>FET\u00d6&#8217;n\u00fcn darbe giri\u015fiminde Kara Harp Okulu&#8217;nda ya\u015fanan eylemlere ili\u015fkin 5&#8217;i firari, 239 ki\u015finin yarg\u0131lanmas\u0131na, san\u0131k \u00f6\u011frencilerin savunmalar\u0131 ile devam edildi.<\/p>\n","protected":false},"author":1000097,"featured_media":2776,"comment_status":"open","ping_status":"closed","sticky":false,"template":"","format":"standard","meta":[],"categories":[85],"tags":[],"_links":{"self":[{"href":"https:\/\/www.vizyon2023.com.tr\/index.php\/wp-json\/wp\/v2\/posts\/2775"}],"collection":[{"href":"https:\/\/www.vizyon2023.com.tr\/index.php\/wp-json\/wp\/v2\/posts"}],"about":[{"href":"https:\/\/www.vizyon2023.com.tr\/index.php\/wp-json\/wp\/v2\/types\/post"}],"author":[{"embeddable":true,"href":"https:\/\/www.vizyon2023.com.tr\/index.php\/wp-json\/wp\/v2\/users\/1000097"}],"replies":[{"embeddable":true,"href":"https:\/\/www.vizyon2023.com.tr\/index.php\/wp-json\/wp\/v2\/comments?post=2775"}],"version-history":[{"count":0,"href":"https:\/\/www.vizyon2023.com.tr\/index.php\/wp-json\/wp\/v2\/posts\/2775\/revisions"}],"wp:featuredmedia":[{"embeddable":true,"href":"https:\/\/www.vizyon2023.com.tr\/index.php\/wp-json\/wp\/v2\/media\/2776"}],"wp:attachment":[{"href":"https:\/\/www.vizyon2023.com.tr\/index.php\/wp-json\/wp\/v2\/media?parent=2775"}],"wp:term":[{"taxonomy":"category","embeddable":true,"href":"https:\/\/www.vizyon2023.com.tr\/index.php\/wp-json\/wp\/v2\/categories?post=2775"},{"taxonomy":"post_tag","embeddable":true,"href":"https:\/\/www.vizyon2023.com.tr\/index.php\/wp-json\/wp\/v2\/tags?post=2775"}],"curies":[{"name":"wp","href":"https:\/\/api.w.org\/{rel}","templated":true}]}}