{"id":2760,"date":"2018-03-02T13:20:18","date_gmt":"2018-03-02T11:20:18","guid":{"rendered":"http:\/\/www.vizyon2023.com.tr\/index.php\/2018\/03\/02\/basbakan-yardimcisi-bekir-bozdagdan-trtde-sarki-yasagi-iddialarina-cevap\/"},"modified":"2018-03-02T13:20:18","modified_gmt":"2018-03-02T11:20:18","slug":"basbakan-yardimcisi-bekir-bozdagdan-trtde-sarki-yasagi-iddialarina-cevap","status":"publish","type":"post","link":"https:\/\/www.vizyon2023.com.tr\/index.php\/2018\/03\/02\/basbakan-yardimcisi-bekir-bozdagdan-trtde-sarki-yasagi-iddialarina-cevap\/","title":{"rendered":"Ba\u015fbakan Yard\u0131mc\u0131s\u0131 Bekir Bozda\u011f&#8217;dan &#8220;TRT&#8217;de \u015fark\u0131 yasa\u011f\u0131&#8221; iddialar\u0131na cevap"},"content":{"rendered":"<p>Ba\u015fbakan Yard\u0131mc\u0131s\u0131 ve H\u00fck\u00fcmet S\u00f6zc\u00fcs\u00fc Bekir Bozda\u011f, gazetecilerin sorular\u0131n\u0131 yan\u0131tlad\u0131. TRT&#8217;de \u015fark\u0131 yasa\u011f\u0131 iddialar\u0131yla ilgili soruya cevap veren Bozda\u011f, TRT&#8217;nin k\u00fcf\u00fcr, alkol, sigara gibi kavramlar ge\u00e7en i\u00e7eriklerle ilgili tedbir almas\u0131n\u0131n TRT&#8217;nin bir g\u00f6revi oldu\u011funu dile getirdi.<\/p>\n<p>Bozda\u011f, di\u011fer televizyonlar\u0131n da bunu yapmas\u0131 gerekti\u011fini vurgulayarak \u015funlar\u0131 s\u00f6yledi:<\/p>\n<p>&#8220;TRT&#8217;nin her sene yapt\u0131\u011f\u0131 bir i\u015fi sanki ilk defa yap\u0131yormu\u015f gibi kamuoyuna takdim etmek, TRT&#8217;nin kanunun verdi\u011fi g\u00f6revi yerine getirmesini kanun d\u0131\u015f\u0131 bir sans\u00fcrm\u00fc\u015f gibi takdim etmek b\u00fcy\u00fck bir ahlaks\u0131zl\u0131kt\u0131r. Bunu yapanlar\u0131 k\u0131n\u0131yoruz. TRT g\u00f6revini yap\u0131yor.&#8221;<\/p>\n<p><strong>TRT&#8217;den ger\u00e7e\u011fi yans\u0131tmayan &#8220;yasakl\u0131 \u015fark\u0131lar haberlerine&#8221; ili\u015fkin kamuoyu duyurusu<\/strong><\/p>\n<p>Baz\u0131 bas\u0131n yay\u0131n organlar\u0131nda servis edilen ve ger\u00e7e\u011fi yans\u0131tmayan &#8220;TRT&#8217;nin yasaklad\u0131\u011f\u0131 \u015fark\u0131lar&#8221; haberleriyle ilgili TRT y\u00f6netimi de a\u00e7\u0131klama yapm\u0131\u015ft\u0131.<\/p>\n<p>A\u00e7\u0131klamada, &#8220;Baz\u0131 bas\u0131n yay\u0131n organlar\u0131nda yer alan &#8216;TRT&#8217;nin yasaklad\u0131\u011f\u0131 \u015fark\u0131lar&#8217; haberleri ger\u00e7e\u011fi tam olarak yans\u0131tmamaktad\u0131r&#8221; denilmi\u015fti.<\/p>\n<p>Kaynak: TRT Haber<\/p>\n","protected":false},"excerpt":{"rendered":"<p>Ba\u015fbakan Yard\u0131mc\u0131s\u0131 Bekir Bozda\u011f, TRT&#8217;de &#8220;yasakl\u0131 \u015fark\u0131lar&#8221; iddialar\u0131 i\u00e7in a\u00e7\u0131klama yapt\u0131. Bozda\u011f, &#8220;Kanunun verdi\u011fi bir g\u00f6revi sans\u00fcrm\u00fc\u015f gibi takdim etmek ahlaks\u0131zl\u0131kt\u0131r&#8221; dedi.<\/p>\n","protected":false},"author":1000097,"featured_media":2761,"comment_status":"open","ping_status":"closed","sticky":false,"template":"","format":"standard","meta":[],"categories":[85],"tags":[],"_links":{"self":[{"href":"https:\/\/www.vizyon2023.com.tr\/index.php\/wp-json\/wp\/v2\/posts\/2760"}],"collection":[{"href":"https:\/\/www.vizyon2023.com.tr\/index.php\/wp-json\/wp\/v2\/posts"}],"about":[{"href":"https:\/\/www.vizyon2023.com.tr\/index.php\/wp-json\/wp\/v2\/types\/post"}],"author":[{"embeddable":true,"href":"https:\/\/www.vizyon2023.com.tr\/index.php\/wp-json\/wp\/v2\/users\/1000097"}],"replies":[{"embeddable":true,"href":"https:\/\/www.vizyon2023.com.tr\/index.php\/wp-json\/wp\/v2\/comments?post=2760"}],"version-history":[{"count":0,"href":"https:\/\/www.vizyon2023.com.tr\/index.php\/wp-json\/wp\/v2\/posts\/2760\/revisions"}],"wp:featuredmedia":[{"embeddable":true,"href":"https:\/\/www.vizyon2023.com.tr\/index.php\/wp-json\/wp\/v2\/media\/2761"}],"wp:attachment":[{"href":"https:\/\/www.vizyon2023.com.tr\/index.php\/wp-json\/wp\/v2\/media?parent=2760"}],"wp:term":[{"taxonomy":"category","embeddable":true,"href":"https:\/\/www.vizyon2023.com.tr\/index.php\/wp-json\/wp\/v2\/categories?post=2760"},{"taxonomy":"post_tag","embeddable":true,"href":"https:\/\/www.vizyon2023.com.tr\/index.php\/wp-json\/wp\/v2\/tags?post=2760"}],"curies":[{"name":"wp","href":"https:\/\/api.w.org\/{rel}","templated":true}]}}