{"id":2756,"date":"2018-03-02T11:20:39","date_gmt":"2018-03-02T09:20:39","guid":{"rendered":"http:\/\/www.vizyon2023.com.tr\/index.php\/2018\/03\/02\/teroristlerin-kabusu-joh-ve-pohler-afrinde\/"},"modified":"2018-03-02T11:20:39","modified_gmt":"2018-03-02T09:20:39","slug":"teroristlerin-kabusu-joh-ve-pohler-afrinde","status":"publish","type":"post","link":"https:\/\/www.vizyon2023.com.tr\/index.php\/2018\/03\/02\/teroristlerin-kabusu-joh-ve-pohler-afrinde\/","title":{"rendered":"Ter\u00f6ristlerin kabusu J\u00d6H ve P\u00d6H&#8217;ler Afrin&#8217;de"},"content":{"rendered":"<p>T\u00fcrk Silahl\u0131 Kuvvetleri (TSK) taraf\u0131ndan y\u00fcr\u00fct\u00fclen Zeytin Dal\u0131 Harekat\u0131 kapsam\u0131nda bir s\u00fcre \u00f6nce T\u00fcrkiye&#8217;nin d\u00f6rt bir yan\u0131ndan b\u00f6lgeye g\u00f6nderilen Jandarma \u00d6zel Harekat (J\u00d6H) ve Polis \u00d6zel Harekat (P\u00d6H) timleri, Afrin k\u0131rsal\u0131ndaki operasyonlara destek veriyor.<\/p>\n<p>TSK&#8217;nin, \u00d6zg\u00fcr Suriye Ordusu (\u00d6SO) deste\u011fiyle s\u00fcrd\u00fcrd\u00fc\u011f\u00fc harekat kapsam\u0131nda ter\u00f6r \u00f6rg\u00fct\u00fc YPG\/PKK&#8217;ya ait s\u0131\u011f\u0131nak, bar\u0131nak ve ma\u011faralar\u0131 imha eden, Afrin hatt\u0131ndaki k\u00f6yleri ve hakim noktalar\u0131 \u00f6rg\u00fct\u00fcn i\u015fgalinden kurtaran Mehmet\u00e7ik, ilerleyi\u015fini b\u00fcy\u00fck bir kararl\u0131l\u0131kla s\u00fcrd\u00fcr\u00fcyor.<\/p>\n<p>\u00dclkenin de\u011fi\u015fik b\u00f6lgelerinden bir s\u00fcre \u00f6nce sevk edilen J\u00d6H ve P\u00d6H timleri, Afrin k\u0131rsal\u0131ndaki operasyonlara destek olmaya ba\u015flad\u0131.<\/p>\n<p><strong>Meskun mahallerde g\u00f6rev yap\u0131yorlar<\/strong><\/p>\n<p>Olu\u015fturulan \u00fcs noktalar\u0131na konu\u015fland\u0131r\u0131lan ortak harekat kabiliyetine sahip J\u00d6H ve P\u00d6H&#8217;ler, ihtiya\u00e7 halinde \u00f6zellikle meskun mahallerde patlay\u0131c\u0131 imhas\u0131 ve ev aramas\u0131 faaliyetlerini icra ediyor.<\/p>\n<p>Ter\u00f6ristlerden ar\u0131nd\u0131r\u0131lan k\u00f6ylerde tek tek arama yapan \u00f6zel e\u011fitimli J\u00d6H ve P\u00d6H timleri, geceleri ter\u00f6ristlerin s\u0131zma giri\u015fimlerine kar\u015f\u0131 da teyakkuzda bekliyor.<\/p>\n<p>K\u0131rsalda da g\u00f6rev yapabilen J\u00d6H ve P\u00d6H&#8217;ler, gece g\u00f6r\u00fc\u015fl\u00fc d\u00fcrb\u00fcnlerle takviye edilmi\u015f silahlar\u0131yla 24 saat aral\u0131ks\u0131z g\u00f6rev yap\u0131yor.<\/p>\n<p><strong>Afrin \u015fehir merkezinde \u00f6nemli g\u00f6rev \u00fcstlenecekler<\/strong><\/p>\n<p>Bir b\u00f6l\u00fcm\u00fc halen YPG\/PKK&#8217;n\u0131n i\u015fgalindeki Cinderes, Raju kasabalar\u0131n\u0131n yak\u0131nlar\u0131na konu\u015fland\u0131r\u0131lan J\u00d6H ve P\u00d6H&#8217;ler, Afrin \u015fehir merkezinde y\u00fcr\u00fct\u00fclecek operasyonda da \u00f6nemli g\u00f6revler \u00fcstlenecek.<\/p>\n<p>Sur, Silopi, Cizre, \u0130dil, Y\u00fcksekova, Nusaybin ve \u015e\u0131rnak meskun mahal operasyonlar\u0131nda 2016&#8217;da \u00f6nemli tecr\u00fcbe kazanan J\u00d6H ve P\u00d6H&#8217;ler, her t\u00fcrl\u00fc do\u011fa ko\u015fulunda operasyon kabiliyetine sahip.<\/p>\n<p>Kaynak: AA<\/p>\n","protected":false},"excerpt":{"rendered":"<p>Zeytin Dal\u0131 Harekat\u0131 kapsam\u0131nda T\u00fcrkiye&#8217;nin d\u00f6rt bir yan\u0131ndan b\u00f6lgeye sevk edilen jandarma ve polis \u00f6zel harekat timleri, Afrin hatt\u0131nda operasyona destek vermeye ba\u015flad\u0131.<\/p>\n","protected":false},"author":1000097,"featured_media":2757,"comment_status":"open","ping_status":"closed","sticky":false,"template":"","format":"standard","meta":[],"categories":[85],"tags":[],"_links":{"self":[{"href":"https:\/\/www.vizyon2023.com.tr\/index.php\/wp-json\/wp\/v2\/posts\/2756"}],"collection":[{"href":"https:\/\/www.vizyon2023.com.tr\/index.php\/wp-json\/wp\/v2\/posts"}],"about":[{"href":"https:\/\/www.vizyon2023.com.tr\/index.php\/wp-json\/wp\/v2\/types\/post"}],"author":[{"embeddable":true,"href":"https:\/\/www.vizyon2023.com.tr\/index.php\/wp-json\/wp\/v2\/users\/1000097"}],"replies":[{"embeddable":true,"href":"https:\/\/www.vizyon2023.com.tr\/index.php\/wp-json\/wp\/v2\/comments?post=2756"}],"version-history":[{"count":0,"href":"https:\/\/www.vizyon2023.com.tr\/index.php\/wp-json\/wp\/v2\/posts\/2756\/revisions"}],"wp:featuredmedia":[{"embeddable":true,"href":"https:\/\/www.vizyon2023.com.tr\/index.php\/wp-json\/wp\/v2\/media\/2757"}],"wp:attachment":[{"href":"https:\/\/www.vizyon2023.com.tr\/index.php\/wp-json\/wp\/v2\/media?parent=2756"}],"wp:term":[{"taxonomy":"category","embeddable":true,"href":"https:\/\/www.vizyon2023.com.tr\/index.php\/wp-json\/wp\/v2\/categories?post=2756"},{"taxonomy":"post_tag","embeddable":true,"href":"https:\/\/www.vizyon2023.com.tr\/index.php\/wp-json\/wp\/v2\/tags?post=2756"}],"curies":[{"name":"wp","href":"https:\/\/api.w.org\/{rel}","templated":true}]}}