{"id":2744,"date":"2018-03-01T11:57:08","date_gmt":"2018-03-01T09:57:08","guid":{"rendered":"http:\/\/www.vizyon2023.com.tr\/index.php\/2018\/03\/01\/turkiyenin-afrika-acilimi-meyvelerini-veriyor-3\/"},"modified":"2018-03-01T11:57:08","modified_gmt":"2018-03-01T09:57:08","slug":"turkiyenin-afrika-acilimi-meyvelerini-veriyor-3","status":"publish","type":"post","link":"https:\/\/www.vizyon2023.com.tr\/index.php\/2018\/03\/01\/turkiyenin-afrika-acilimi-meyvelerini-veriyor-3\/","title":{"rendered":"T\u00fcrkiye&#8217;nin Afrika a\u00e7\u0131l\u0131m\u0131 meyvelerini veriyor"},"content":{"rendered":"<p>T\u00fcrkiye&#8217;nin Afrika a\u00e7\u0131l\u0131m\u0131 politikas\u0131nda 15 y\u0131l geride b\u0131rak\u0131l\u0131rken, k\u0131ta \u00fclkeleriyle ekonomik i\u015f birli\u011fi artt\u0131, siyasi ili\u015fkiler \u00fcst seviyeye \u00e7\u0131kar\u0131ld\u0131.<\/p>\n<p>T\u00fcrk i\u015f insanlar\u0131n\u0131n tecr\u00fcbesi, b\u00f6lgeye aktar\u0131larak k\u0131ta \u00fclkelerin kalk\u0131nmas\u0131na katk\u0131 sa\u011fland\u0131, &#8220;kazan-kazan&#8221; yakla\u015f\u0131m\u0131yla ekonomik ili\u015fkiler \u00e7e\u015fitlendirildi. T\u00fcrkiye\u2019nin Afrika ile ticaret hacmi 15 y\u0131lda 6 kat art\u0131\u015fla 17,5 milyar dolara ula\u015ft\u0131.<\/p>\n<p>T\u00fcrkiye, bu d\u00f6nemde 45 Afrika \u00fclkesi ile ticari ve ekonomik i\u015f birli\u011fi anla\u015fmas\u0131 imzalad\u0131, yat\u0131r\u0131mlar\u0131n kar\u015f\u0131l\u0131kl\u0131 korunmas\u0131na y\u00f6nelik anla\u015fma say\u0131s\u0131n\u0131 da 6&#8217;dan 26\u2019ya \u00e7\u0131kard\u0131.<\/p>\n<p>Afrika&#8217;daki T\u00fcrk do\u011frudan yat\u0131r\u0131mlar\u0131 2003\u2019te 100 milyon dolar iken, 2017&#8217;de 6,5 milyar dolara yakla\u015ft\u0131.<\/p>\n<p>T\u00fcrk giri\u015fimciler k\u0131ta genelinde 78 bin ki\u015fiye istihdam sa\u011flad\u0131, T\u00fcrk m\u00fcteahhitlik \u015firketlerinin y\u00fcr\u00fctt\u00fc\u011f\u00fc projelerin hacmi 55 milyar dolar\u0131 a\u015ft\u0131.<\/p>\n<p>K\u0131tada b\u00fcy\u00fckel\u00e7ilik say\u0131s\u0131, Afrika a\u00e7\u0131l\u0131m\u0131n\u0131n ba\u015flat\u0131ld\u0131\u011f\u0131 2003&#8217;te 12 iken, 2017&#8217;de 41&#8217;e y\u00fckseldi.<\/p>\n<p>T\u00fcrk Hava Yollar\u0131n\u0131n u\u00e7u\u015f trafi\u011fi, k\u0131tan\u0131n 33 \u00fclkesinde 52 noktaya ula\u015ft\u0131.<\/p>\n<p><strong>Cumhurba\u015fkan\u0131 Erdo\u011fan&#8217;\u0131n Afrika mesaisi<\/strong><\/p>\n<p>Afrika a\u00e7\u0131l\u0131m\u0131 ile siyasi ili\u015fkiler \u00fcst seviyeye \u00e7\u0131kar\u0131l\u0131rken, Cumhurba\u015fkan\u0131 Recep Tayyip Erdo\u011fan, son 10 y\u0131lda Ba\u015fbakan ve Cumhurba\u015fkan\u0131 olarak 28 Afrika \u00fclkesine 30&#8217;dan fazla ziyaret ger\u00e7ekle\u015ftirdi.<\/p>\n<p>D\u0131\u015f Ekonomik \u0130li\u015fkiler Kurulu (DE\u0130K) 42 Afrika \u00fclkesiyle i\u015f konseyleri kurdu. Cumhurba\u015fkan\u0131 Erdo\u011fan&#8217;\u0131n son 2 y\u0131lda 15 \u00fclkeye ger\u00e7ekle\u015ftirdi\u011fi ziyaretlere i\u015f heyetleriyle kat\u0131lan DE\u0130K, Afrika \u00fclkeleriyle ikili ili\u015fkilerin geli\u015fmesine katk\u0131 sa\u011flad\u0131.<\/p>\n<p>T\u00fcrk i\u015f insanlar\u0131, Eximbank\u2019\u0131n Afrika\u2019ya y\u00f6nelik kredilerinin yo\u011funla\u015ft\u0131r\u0131lmas\u0131n\u0131n, T\u00fcrk bankalar\u0131n\u0131n projelerin yo\u011fun oldu\u011fu \u00fclkelerde \u015fube a\u00e7mas\u0131n\u0131n i\u015f verimlili\u011fini art\u0131raca\u011f\u0131n\u0131 vurguluyor. T\u00fcrk giri\u015fimcilerin k\u0131tada \u00fcstlendikleri projelerin uzun vadede kar\u015f\u0131l\u0131kl\u0131 g\u00fcven ili\u015fkisinin tesisi a\u00e7\u0131s\u0131ndan \u00f6nemine i\u015faret ediliyor.<\/p>\n<p><strong>T\u00fcrkiye-Afrika Ortakl\u0131k Zirvesi yap\u0131lacak<\/strong><\/p>\n<p>T\u00fcrkiye, Afrika k\u0131tas\u0131 \u00fclkeleriyle ili\u015fkilerini bir \u00fcst d\u00fczeye \u00e7\u0131karacak ad\u0131mlar atmaya devam edecek. Bu kapsamda gelecek y\u0131l T\u00fcrkiye-Afrika Ortakl\u0131k Zirvesi ger\u00e7ekle\u015ftirecek.<\/p>\n<p>T\u00fcrkiye\u2019de yap\u0131lacak zirveye, devlet ba\u015fkanlar\u0131 ve cumhurba\u015fkanlar\u0131 d\u00fczeyinde kat\u0131l\u0131m olmas\u0131 ve toplant\u0131n\u0131n, k\u0131tan\u0131n ekonomik potansiyelinin ortaya \u00e7\u0131kar\u0131lmas\u0131na katk\u0131 yapmas\u0131 bekleniyor.<\/p>\n<p>Kaynak: AA<\/p>\n","protected":false},"excerpt":{"rendered":"<p>T\u00fcrkiye&#8217;nin Afrika a\u00e7\u0131l\u0131m\u0131 politikas\u0131nda 15 y\u0131l geride kal\u0131rken, k\u0131ta \u00fclkeleriyle ekonomik ili\u015fkiler &#8220;kazan-kazan&#8221; yakla\u015f\u0131m\u0131yla \u00e7e\u015fitlendirildi.<\/p>\n","protected":false},"author":1000097,"featured_media":2745,"comment_status":"open","ping_status":"closed","sticky":false,"template":"","format":"standard","meta":[],"categories":[61],"tags":[],"_links":{"self":[{"href":"https:\/\/www.vizyon2023.com.tr\/index.php\/wp-json\/wp\/v2\/posts\/2744"}],"collection":[{"href":"https:\/\/www.vizyon2023.com.tr\/index.php\/wp-json\/wp\/v2\/posts"}],"about":[{"href":"https:\/\/www.vizyon2023.com.tr\/index.php\/wp-json\/wp\/v2\/types\/post"}],"author":[{"embeddable":true,"href":"https:\/\/www.vizyon2023.com.tr\/index.php\/wp-json\/wp\/v2\/users\/1000097"}],"replies":[{"embeddable":true,"href":"https:\/\/www.vizyon2023.com.tr\/index.php\/wp-json\/wp\/v2\/comments?post=2744"}],"version-history":[{"count":0,"href":"https:\/\/www.vizyon2023.com.tr\/index.php\/wp-json\/wp\/v2\/posts\/2744\/revisions"}],"wp:featuredmedia":[{"embeddable":true,"href":"https:\/\/www.vizyon2023.com.tr\/index.php\/wp-json\/wp\/v2\/media\/2745"}],"wp:attachment":[{"href":"https:\/\/www.vizyon2023.com.tr\/index.php\/wp-json\/wp\/v2\/media?parent=2744"}],"wp:term":[{"taxonomy":"category","embeddable":true,"href":"https:\/\/www.vizyon2023.com.tr\/index.php\/wp-json\/wp\/v2\/categories?post=2744"},{"taxonomy":"post_tag","embeddable":true,"href":"https:\/\/www.vizyon2023.com.tr\/index.php\/wp-json\/wp\/v2\/tags?post=2744"}],"curies":[{"name":"wp","href":"https:\/\/api.w.org\/{rel}","templated":true}]}}