{"id":2738,"date":"2018-03-01T11:55:30","date_gmt":"2018-03-01T09:55:30","guid":{"rendered":"http:\/\/www.vizyon2023.com.tr\/index.php\/2018\/03\/01\/cumhurbaskani-recep-tayyip-erdogan-28-subatta-yasadiklarini-anlatti\/"},"modified":"2018-03-01T11:55:30","modified_gmt":"2018-03-01T09:55:30","slug":"cumhurbaskani-recep-tayyip-erdogan-28-subatta-yasadiklarini-anlatti","status":"publish","type":"post","link":"https:\/\/www.vizyon2023.com.tr\/index.php\/2018\/03\/01\/cumhurbaskani-recep-tayyip-erdogan-28-subatta-yasadiklarini-anlatti\/","title":{"rendered":"Cumhurba\u015fkan\u0131 Recep Tayyip Erdo\u011fan 28 \u015eubat&#8217;ta ya\u015fad\u0131klar\u0131n\u0131 anlatt\u0131"},"content":{"rendered":"<p>Katsay\u0131 engeli, ba\u015f\u00f6rt\u00fcs\u00fc yasa\u011f\u0131, \u00fcniversitelerdeki ikna odalar\u0131&#8230;<\/p>\n<p>28 \u015eubat postmodern darbesi, bir\u00e7ok ki\u015finin hayat\u0131n\u0131 derinden etkiledi.<\/p>\n<p>Cumhurba\u015fkan\u0131 Recep Tayyip Erdo\u011fan, 28 \u015eubat d\u00f6nemindeki antidemokratik uygulamalar\u0131 anlatt\u0131, ya\u015fanan ma\u011fduriyetlere ailesinden \u00f6rnekler verdi.<\/p>\n","protected":false},"excerpt":{"rendered":"<p>28 \u015eubat postmodern darbesinin \u00fczerinden 21 y\u0131l ge\u00e7ti. Cumhurba\u015fkan\u0131 Recep Tayyip Erdo\u011fan da o d\u00f6nem ya\u015fananlar\u0131 &#8220;Gurbet Ku\u015flar\u0131&#8221; isimli belgeselde anlatt\u0131.<\/p>\n","protected":false},"author":1000097,"featured_media":2739,"comment_status":"open","ping_status":"closed","sticky":false,"template":"","format":"standard","meta":[],"categories":[85],"tags":[],"_links":{"self":[{"href":"https:\/\/www.vizyon2023.com.tr\/index.php\/wp-json\/wp\/v2\/posts\/2738"}],"collection":[{"href":"https:\/\/www.vizyon2023.com.tr\/index.php\/wp-json\/wp\/v2\/posts"}],"about":[{"href":"https:\/\/www.vizyon2023.com.tr\/index.php\/wp-json\/wp\/v2\/types\/post"}],"author":[{"embeddable":true,"href":"https:\/\/www.vizyon2023.com.tr\/index.php\/wp-json\/wp\/v2\/users\/1000097"}],"replies":[{"embeddable":true,"href":"https:\/\/www.vizyon2023.com.tr\/index.php\/wp-json\/wp\/v2\/comments?post=2738"}],"version-history":[{"count":0,"href":"https:\/\/www.vizyon2023.com.tr\/index.php\/wp-json\/wp\/v2\/posts\/2738\/revisions"}],"wp:featuredmedia":[{"embeddable":true,"href":"https:\/\/www.vizyon2023.com.tr\/index.php\/wp-json\/wp\/v2\/media\/2739"}],"wp:attachment":[{"href":"https:\/\/www.vizyon2023.com.tr\/index.php\/wp-json\/wp\/v2\/media?parent=2738"}],"wp:term":[{"taxonomy":"category","embeddable":true,"href":"https:\/\/www.vizyon2023.com.tr\/index.php\/wp-json\/wp\/v2\/categories?post=2738"},{"taxonomy":"post_tag","embeddable":true,"href":"https:\/\/www.vizyon2023.com.tr\/index.php\/wp-json\/wp\/v2\/tags?post=2738"}],"curies":[{"name":"wp","href":"https:\/\/api.w.org\/{rel}","templated":true}]}}