{"id":2731,"date":"2018-02-28T12:18:16","date_gmt":"2018-02-28T10:18:16","guid":{"rendered":"http:\/\/www.vizyon2023.com.tr\/index.php\/2018\/02\/28\/mebden-ogretmen-gelisim-eylem-plani\/"},"modified":"2018-02-28T12:18:16","modified_gmt":"2018-02-28T10:18:16","slug":"mebden-ogretmen-gelisim-eylem-plani","status":"publish","type":"post","link":"https:\/\/www.vizyon2023.com.tr\/index.php\/2018\/02\/28\/mebden-ogretmen-gelisim-eylem-plani\/","title":{"rendered":"MEB&#8217;den &#8220;\u00d6\u011fretmen Geli\u015fim Eylem Plan\u0131&#8221;"},"content":{"rendered":"<p>Bakanl\u0131\u011f\u0131n internet sitesinde yer alan bilgiye g\u00f6re, Anadolu imam hatip liseleri ve imam hatip ortaokullar\u0131nda g\u00f6rev yapan \u00f6\u011fretmenlere y\u00f6nelik \u00d6\u011fretmen Geli\u015fim Eylem Plan\u0131 ile \u00f6\u011fretmenlerin uygulamalara y\u00f6nelik bilgi ve becerilerini geli\u015ftirmeleri, e\u011fitim \u00f6\u011fretimde kaliteyi art\u0131rmalar\u0131 hedefleniyor.<\/p>\n<p>Program kapsam\u0131nda, T\u00fcrk e\u011fitim sistemi ve e\u011fitim politikalar\u0131, e\u011fitim felsefesi, e\u011fitimde yeni yakla\u015f\u0131mlar, e\u011fitimde ba\u015far\u0131l\u0131 \u00fclkelerin e\u011fitim politikalar\u0131 ve sistemleri, \u00f6\u011fretmenlik, \u00f6\u011fretmenli\u011fin misyonu, milli, manevi ve evrensel sorumluluklar\u0131, etkili ileti\u015fim becerileri, e\u011fitim y\u00f6netimi, kalite geli\u015ftirme, s\u00fcre\u00e7 izleme ve de\u011ferlendirme, vizyoner liderlik, s\u00fcrd\u00fcr\u00fclebilir tak\u0131m ruhu ve kurum k\u00fclt\u00fcr\u00fc olu\u015fturma, e\u011fitim tarihimizde iz b\u0131rakan e\u011fitimcilerin \u00f6rnek hayatlar\u0131, e\u011fitim, bilim, tarih, medeniyet ve k\u00fclt\u00fcrel miras, \u00f6l\u00e7me de\u011ferlendirme teknikleri, yenilik\u00e7i \u00e7al\u0131\u015fmalar, robotik kodlama konular, baz\u0131 projeler ve uluslararas\u0131 programlarla ilgili her ay iki etkinlik d\u00fczenlenecek.<\/p>\n<p>Etkinlikler, &#8220;kitap-makale-\u015fiir okuyoruz\u201d, &#8220;film-tiyatro izliyoruz&#8221;, &#8220;konferans-panel-s\u00f6yle\u015fi-seminer-kurs dinliyoruz&#8221;, &#8220;seyahat-ziyaret-\u00e7al\u0131\u015ftay-toplant\u0131-at\u00f6lye \u00e7al\u0131\u015fmas\u0131 ger\u00e7ekle\u015ftiriyoruz&#8221;, &#8220;uygulama-d\u00fc\u015f\u00fcnce-sunum-iyi \u00f6rnek payla\u015f\u0131yoruz&#8221; ba\u015fl\u0131klar\u0131nda ger\u00e7ekle\u015ftirilecek.<\/p>\n<p>Anadolu imam hatip liseleri ve imam hatip ortaokullar\u0131nda, \u00fcniversiteler, kamu kurumlar\u0131, halk e\u011fitim merkezleri, yerel y\u00f6netimler, okul aile birlikleri, bilim-k\u00fclt\u00fcr merkezleri ve sivil toplum kurulu\u015flar\u0131 ile i\u015f birli\u011finde uygulanacak \u00e7al\u0131\u015fmalar, elektronik sistem \u00fczerinden izleme ve de\u011ferlendirme yapmak amac\u0131yla Din \u00d6\u011fretimi Genel M\u00fcd\u00fcrl\u00fc\u011f\u00fc \u0130mam Hatip Okullar\u0131 Vizyon Belgesi&#8217;ne g\u00f6re haz\u0131rlanan Kalite Takip Sistemi ile takip edilecek.<\/p>\n<p>Milli E\u011fitim Bakanl\u0131\u011f\u0131 &#8220;\u00d6\u011fretmen Strateji Belgesi&#8221; ve &#8220;\u00d6\u011fretmenlik Mesle\u011fi Genel Yeterlikleri&#8221; \u00e7er\u00e7evesinde haz\u0131rlanan eylem plan\u0131, \u015eubat 2018 tarihi itibar\u0131yla uygulanmaya konuldu.<\/p>\n<p>Kaynak: AA<\/p>\n","protected":false},"excerpt":{"rendered":"<p>Milli E\u011fitim Bakanl\u0131\u011f\u0131nca \u00f6\u011fretmenlerin ki\u015fisel ve mesleki geli\u015fimlerine y\u00f6nelik \u00e7al\u0131\u015fmalara kat\u0131lmalar\u0131n\u0131 sa\u011flamak amac\u0131yla &#8220;\u00d6\u011fretmen Geli\u015fim Eylem Plan\u0131&#8221; haz\u0131rlad\u0131.<\/p>\n","protected":false},"author":1000097,"featured_media":2732,"comment_status":"open","ping_status":"closed","sticky":false,"template":"","format":"standard","meta":[],"categories":[1],"tags":[],"_links":{"self":[{"href":"https:\/\/www.vizyon2023.com.tr\/index.php\/wp-json\/wp\/v2\/posts\/2731"}],"collection":[{"href":"https:\/\/www.vizyon2023.com.tr\/index.php\/wp-json\/wp\/v2\/posts"}],"about":[{"href":"https:\/\/www.vizyon2023.com.tr\/index.php\/wp-json\/wp\/v2\/types\/post"}],"author":[{"embeddable":true,"href":"https:\/\/www.vizyon2023.com.tr\/index.php\/wp-json\/wp\/v2\/users\/1000097"}],"replies":[{"embeddable":true,"href":"https:\/\/www.vizyon2023.com.tr\/index.php\/wp-json\/wp\/v2\/comments?post=2731"}],"version-history":[{"count":0,"href":"https:\/\/www.vizyon2023.com.tr\/index.php\/wp-json\/wp\/v2\/posts\/2731\/revisions"}],"wp:featuredmedia":[{"embeddable":true,"href":"https:\/\/www.vizyon2023.com.tr\/index.php\/wp-json\/wp\/v2\/media\/2732"}],"wp:attachment":[{"href":"https:\/\/www.vizyon2023.com.tr\/index.php\/wp-json\/wp\/v2\/media?parent=2731"}],"wp:term":[{"taxonomy":"category","embeddable":true,"href":"https:\/\/www.vizyon2023.com.tr\/index.php\/wp-json\/wp\/v2\/categories?post=2731"},{"taxonomy":"post_tag","embeddable":true,"href":"https:\/\/www.vizyon2023.com.tr\/index.php\/wp-json\/wp\/v2\/tags?post=2731"}],"curies":[{"name":"wp","href":"https:\/\/api.w.org\/{rel}","templated":true}]}}